{"id":80483,"date":"2025-05-06T23:34:17","date_gmt":"2025-05-06T23:34:17","guid":{"rendered":"https:\/\/www.europesays.com\/fr\/80483\/"},"modified":"2025-05-06T23:34:17","modified_gmt":"2025-05-06T23:34:17","slug":"pourquoi-le-critique-dopera-sort-souvent-bougon-a-paris-et-enchante-a-lille-toulouse-ou-rouen","status":"publish","type":"post","link":"https:\/\/www.europesays.com\/fr\/80483\/","title":{"rendered":"Pourquoi le critique d\u2019op\u00e9ra sort souvent bougon \u00e0 Paris et enchant\u00e9 \u00e0 Lille, Toulouse ou Rouen"},"content":{"rendered":"<p><strong>D\u00c9CRYPTAGE <\/strong>&#8211; Programmations aventureuses, raret\u00e9s excitantes, dimensions plus intimes\u2026 Les raisons qui s\u00e9duisent les amoureux du lyrique en r\u00e9gion sont nombreuses. La saison derni\u00e8re en a \u00e9t\u00e9 la preuve.<\/p>\n<p class=\"fig-paragraph\">Quand on compare les moyens de l\u2019<a href=\"http:\/\/www.lefigaro.fr\/culture\/opera-de-paris-une-saison-2025-2026-a-consommer-avec-discernement-20250402\" data-fig-type=\"Article\" data-gtm-custom-categorie=\"navigation\" data-gtm-custom-action=\"crossclick\" data-gtm-custom-label=\"Contextuel\" data-gtm-event=\"customEventSPE\" data-fig-domain=\"LEFIGARO\" target=\"_blank\" rel=\"noopener\">Op\u00e9ra de Paris<\/a>\u00a0\u00e0 ceux des th\u00e9\u00e2tres lyriques de ce que l\u2019on n\u2019a plus le droit d\u2019appeler province, beau mot qui n\u2019a pourtant rien de p\u00e9joratif, l\u2019image qui s\u2019impose est celle de David et Goliath. Pourtant, si l\u2019on fait une rapide recherche dans les archives r\u00e9centes du Figaro, on d\u00e9couvre que le critique, souvent bougon \u00e0 Paris, revient r\u00e9guli\u00e8rement enchant\u00e9 de ses mini-tours de France lyriques.<\/p>\n<p class=\"fig-paragraph\">Quels sont donc ces attraits que nous offrent les maisons d\u2019<a href=\"http:\/\/www.lefigaro.fr\/musique\/une-rentree-verdienne-pour-des-operas-en-region-20241002\" data-fig-type=\"Article\" data-gtm-custom-categorie=\"navigation\" data-gtm-custom-action=\"crossclick\" data-gtm-custom-label=\"Contextuel\" data-gtm-event=\"customEventSPE\" data-fig-domain=\"LEFIGARO\" target=\"_blank\" rel=\"noopener\">op\u00e9ra en r\u00e9gion<\/a>\u00a0? Tout d\u2019abord, un rapport plus sain \u00e0 l\u2019op\u00e9ra. D\u2019\u00e9merveillement plus que de snobisme, de curiosit\u00e9 plus que de conservatisme, avec un tr\u00e8s fort ancrage local. Dans des salles aux dimensions plus intimes, o\u00f9 l\u2019on ne se sent pas loin \u00e0 partir du cinqui\u00e8me rang.<\/p>\n<p class=\"fig-paragraph\">On y trouve des programmations souvent aventureuses, m\u00ealant aux grands classiques des raret\u00e9s excitantes. Notre plus grand souvenir de la saison derni\u00e8re est la d\u00e9couverte du bouleversant\u00a0<a href=\"https:\/\/www.lefigaro.fr\/musique\/guercoeur-l-opera-du-rhin-fait-revivre-de-facon-touchante-l-oeuvre-de-magnard-20240502\" data-fig-type=\"Article\" data-gtm-custom-categorie=\"navigation\" data-gtm-custom-action=\"crossclick\" data-gtm-custom-label=\"Contextuel\" data-gtm-event=\"customEventSPE\" data-fig-domain=\"LEFIGARO\" target=\"_blank\" rel=\"noopener\">Guerc\u0153ur<\/a>, d\u2019Alb\u00e9ric Magnard, \u00e0 l\u2019Op\u00e9ra du\u2026<\/p>\n<p class=\"fig-premium-paywall__infos\">\n        Cet article est r\u00e9serv\u00e9 aux abonn\u00e9s.        Il vous reste 78% \u00e0 d\u00e9couvrir.\n    <\/p>\n<p>                <img  data- alt=\"Le Figaro\" class=\"fig-img--complete fig-img\"\/><\/p>\n<p class=\"fig-premium-paywall__title\">Je m&rsquo;informe, je m&rsquo;inspire, je m&rsquo;abonne.<\/p>\n<p class=\"fig-premium-paywall__subtitle\">D\u00e9couvrez notre offre de bienvenue.<\/p>\n<p class=\"fig-premium-paywall__connect\">\n                D\u00e9j\u00e0 abonn\u00e9\u00a0?                <a class=\"fig-premium-paywall__connect-link\" href=\"https:\/\/connect.lefigaro.fr\/login?client=horizon_web&amp;type=main&amp;redirect_uri=https%3A%2F%2Fwww.lefigaro.fr%2Fculture%2Fpourquoi-le-critique-d-opera-sort-souvent-bougon-a-paris-et-enchante-a-lille-toulouse-ou-rouen-20250506\" data-js-gtm=\"{&quot;customCategorie&quot;: &quot;conversion&quot;, &quot;customAction&quot;: &quot;before_Landing_Connexion_paywall_auto&quot;, &quot;customLabel&quot;: &quot;bGVmaWdhcm8uZnJfXzFmMDJhNGRmLTZmZmMtNjFjZS04MWY4LTFkMjgyM2NlOGJjOF9fQXJ0aWNsZQ==_Pourquoi le critique d\u2019op\u00e9ra sort souvent bougon \u00e0 Paris et enchant\u00e9 \u00e0 Lille, Toulouse ou Rouen_229&quot;, &quot;customIDSPE&quot;: &quot;bGVmaWdhcm8uZnJfXzFmMDJhNGRmLTZmZmMtNjFjZS04MWY4LTFkMjgyM2NlOGJjOF9fQXJ0aWNsZQ==&quot;, &quot;event&quot;: &quot;customEventSPE&quot;}\" target=\"_blank\" rel=\"noopener\"><br \/>\n                    Connectez-vous<br \/>\n                <\/a>\n            <\/p>\n","protected":false},"excerpt":{"rendered":"D\u00c9CRYPTAGE &#8211; Programmations aventureuses, raret\u00e9s excitantes, dimensions plus intimes\u2026 Les raisons qui s\u00e9duisent les amoureux du lyrique en&hellip;\n","protected":false},"author":2,"featured_media":80484,"comment_status":"","ping_status":"","sticky":false,"template":"","format":"standard","meta":{"footnotes":""},"categories":[2815],"tags":[1111,47,11,1350,1348,1345,650,251,1777,674,1349,1346,1011,27,811,1307,1351,873,12,7165,25,9590,252,1347,2312,1352],"class_list":{"0":"post-80483","1":"post","2":"type-post","3":"status-publish","4":"format-standard","5":"has-post-thumbnail","7":"category-lille","8":"tag-actu","9":"tag-actualite","10":"tag-actualites","11":"tag-architecture","12":"tag-arts","13":"tag-cine","14":"tag-cinema","15":"tag-culture","16":"tag-eu","17":"tag-europe","18":"tag-expositions","19":"tag-films","20":"tag-fr","21":"tag-france","22":"tag-hauts-de-france","23":"tag-lille","24":"tag-litterature","25":"tag-musique","26":"tag-news","27":"tag-opera","28":"tag-republique-francaise","29":"tag-rouen","30":"tag-television","31":"tag-theatre","32":"tag-toulouse","33":"tag-urbanisme"},"share_on_mastodon":{"url":"https:\/\/pubeurope.com\/@fr\/114463510660941229","error":""},"_links":{"self":[{"href":"https:\/\/www.europesays.com\/fr\/wp-json\/wp\/v2\/posts\/80483","targetHints":{"allow":["GET"]}}],"collection":[{"href":"https:\/\/www.europesays.com\/fr\/wp-json\/wp\/v2\/posts"}],"about":[{"href":"https:\/\/www.europesays.com\/fr\/wp-json\/wp\/v2\/types\/post"}],"author":[{"embeddable":true,"href":"https:\/\/www.europesays.com\/fr\/wp-json\/wp\/v2\/users\/2"}],"replies":[{"embeddable":true,"href":"https:\/\/www.europesays.com\/fr\/wp-json\/wp\/v2\/comments?post=80483"}],"version-history":[{"count":0,"href":"https:\/\/www.europesays.com\/fr\/wp-json\/wp\/v2\/posts\/80483\/revisions"}],"wp:featuredmedia":[{"embeddable":true,"href":"https:\/\/www.europesays.com\/fr\/wp-json\/wp\/v2\/media\/80484"}],"wp:attachment":[{"href":"https:\/\/www.europesays.com\/fr\/wp-json\/wp\/v2\/media?parent=80483"}],"wp:term":[{"taxonomy":"category","embeddable":true,"href":"https:\/\/www.europesays.com\/fr\/wp-json\/wp\/v2\/categories?post=80483"},{"taxonomy":"post_tag","embeddable":true,"href":"https:\/\/www.europesays.com\/fr\/wp-json\/wp\/v2\/tags?post=80483"}],"curies":[{"name":"wp","href":"https:\/\/api.w.org\/{rel}","templated":true}]}}