{"id":80516,"date":"2025-05-06T23:52:10","date_gmt":"2025-05-06T23:52:10","guid":{"rendered":"https:\/\/www.europesays.com\/fr\/80516\/"},"modified":"2025-05-06T23:52:10","modified_gmt":"2025-05-06T23:52:10","slug":"linter-milan-renverse-le-barca-dans-un-match-fou-et-file-en-finale","status":"publish","type":"post","link":"https:\/\/www.europesays.com\/fr\/80516\/","title":{"rendered":"l\u2019Inter Milan renverse le Bar\u00e7a dans un match fou et file en finale"},"content":{"rendered":"<p class=\"article-p mdl\">Au bout d&rsquo;une irrespirable demi-finale retour au sc\u00e9nario improbable, <strong>l&rsquo;Inter Milan est venu \u00e0 bout du FC Barcelone<\/strong> (4-3) et disputera le 31 mai sa deuxi\u00e8me finale de Ligue des champions en trois ans.<\/p>\n<p class=\"article-p mdl\">En premi\u00e8re p\u00e9riode, le dispositif mis en place par Simone Inzaghi a parfaitement fonctionn\u00e9 et l&rsquo;Inter a \u00e9teint\u00a0<a class=\"link\" href=\"https:\/\/www.rtl.fr\/sport\/football\/barca-inter-suivez-la-deuxieme-demi-finale-aller-de-ligue-des-champions-sur-notre-radio-digitale-7900499980\" target=\"_blank\" rel=\"noopener\">Yamal<\/a>\u00a0avec <strong>un double marquage intransigeant<\/strong>.\u00a0Sur sa premi\u00e8re acc\u00e9l\u00e9ration, \u00e0 la 4e minute, le prodige de 17 ans a compris qu&rsquo;il allait passer une soir\u00e9e difficile.<\/p>\n<p class=\"article-p mdl\">Quelques secondes apr\u00e8s, une premi\u00e8re occasion de Nicolo Barella avec une reprise en demi-vol\u00e9e, apr\u00e8s un sombrero, repouss\u00e9e, en deux temps, par Wojciech Szczesny, <strong>l&rsquo;Inter a ouvert la marque<\/strong> (1-0).<\/p>\n<p class=\"article-p mdl\">Denzel Dumfries\u00a0a ensuite \u00e9t\u00e9 \u00e0 l&rsquo;origine du deuxi\u00e8me but de son \u00e9quipe \u00e0 la 42e minute lorsqu&rsquo;il a fil\u00e9 vers le but avant d&rsquo;\u00eatre tacl\u00e9 par derri\u00e8re par Pau Cubarsi.\u00a0Apr\u00e8s consultation\u00a0<a class=\"link\" href=\"https:\/\/www.rtl.fr\/sport\/football\/var-29-des-francais-pensent-que-l-arbitrage-video-denature-le-football-7798356885\" target=\"_blank\" rel=\"noopener\">de la VAR<\/a>, <strong>l&rsquo;arbitre a accord\u00e9 un penalty \u00e0 l&rsquo;Inter<\/strong> qui a \u00e9t\u00e9 transform\u00e9 par le grand sp\u00e9cialiste de l&rsquo;exercice, Hakan \u00c7alhanoglu (2-0).<\/p>\n<p>            Le Bar\u00e7a solide en deuxi\u00e8me mi-temps<\/p>\n<p class=\"article-p mdl\">Apr\u00e8s la pause, les joueurs de l&rsquo;Inter ont vite d\u00e9chant\u00e9.\u00a0C&rsquo;est d&rsquo;abord \u00c9ric Garcia, oubli\u00e9 dans la surface de r\u00e9paration qui a r\u00e9duit la marque <strong>d&rsquo;une superbe reprise de vol\u00e9e du pied droit<\/strong> (2-1).\u00a0Six minutes plus tard, sur un coup franc de Gerard Martin, Dani Olmo a \u00e9galis\u00e9 de la t\u00eate (2-2).<\/p>\n<p class=\"article-p mdl\">\u00c0 la 87e minute, il s&rsquo;est bien interpos\u00e9 une premi\u00e8re fois face \u00e0 Raphinha, mais le ballon est revenu dans les pieds du Br\u00e9silien <strong>qui l&rsquo;a tromp\u00e9 \u00e0 bout portant<\/strong>, en pensant avoir inscrit le but de la qualification (2-3).<\/p>\n<p class=\"article-p mdl\">Mais au bout du temps additionnel,\u00a0<a class=\"link\" href=\"https:\/\/www.rtl.fr\/sport\/football\/arsenal-psg-barca-inter-le-programme-des-demi-finales-aller-de-la-ligue-des-champions-7900498863\" target=\"_blank\" rel=\"noopener\">l&rsquo;Inter Milan<\/a>\u00a0a arrach\u00e9 l&rsquo;\u00e9galisation en profitant d&rsquo;une erreur de Gerard Martin : l&rsquo;in\u00e9vitable Dumfries a r\u00e9cup\u00e9r\u00e9 le ballon pour servir parfaitement le v\u00e9t\u00e9ran Francesco Acerbi, qui, tel un avant-centre, <strong>a fait exploser San Siro<\/strong>, avec sa frappe du pied droit (3-3).<\/p>\n<p class=\"article-p mdl\">Et en prolongation, sous la pluie, Frattesi, servi par Mehdi Taremi, <strong>est entr\u00e9 dans l&rsquo;histoire d&rsquo;une frappe du gauche<\/strong>\u00a0(3-4).\u00a0<\/p>\n<p class=\"article-p mdl\">Les Nerazzurri tenteront de s&rsquo;offrir, contre\u00a0<a class=\"link\" href=\"https:\/\/www.rtl.fr\/sport\/football\/psg-arsenal-dembele-partey-ce-qu-il-faut-savoir-sur-la-demi-finale-retour-de-ligue-des-champions-7900501514\" target=\"_blank\" rel=\"noopener\">le PSG ou Arsenal<\/a>, une quatri\u00e8me Ligue des champions et d&rsquo;effacer la d\u00e9sillusion de la finale 2023 perdue de peu contre Manchester City.<\/p>\n<p>    La r\u00e9daction vous recommande<\/p>\n<p class=\"s-newsletter__title\">\n                L\u2019actualit\u00e9 par la r\u00e9daction de RTL dans votre bo\u00eete mail.\n            <\/p>\n<p class=\"s-newsletter__subtitle\">\n                Gr\u00e2ce \u00e0 votre compte RTL abonnez-vous \u00e0 la newsletter RTL info pour suivre toute l&rsquo;actualit\u00e9 au quotidien\n            <\/p>\n<p>\n                                    Lire la suite\n                                <\/p>\n","protected":false},"excerpt":{"rendered":"Au bout d&rsquo;une irrespirable demi-finale retour au sc\u00e9nario improbable, l&rsquo;Inter Milan est venu \u00e0 bout du FC Barcelone&hellip;\n","protected":false},"author":2,"featured_media":80517,"comment_status":"","ping_status":"","sticky":false,"template":"","format":"standard","meta":{"footnotes":""},"categories":[2],"tags":[11,5695,107,2619,63,1011,27,4788,447,12,25],"class_list":{"0":"post-80516","1":"post","2":"type-post","3":"status-publish","4":"format-standard","5":"has-post-thumbnail","7":"category-actualites","8":"tag-actualites","9":"tag-fc-barcelone","10":"tag-fil-info","11":"tag-fil-sport","12":"tag-football","13":"tag-fr","14":"tag-france","15":"tag-inter-milan","16":"tag-ligue-des-champions","17":"tag-news","18":"tag-republique-francaise"},"share_on_mastodon":{"url":"https:\/\/pubeurope.com\/@fr\/114463581321338844","error":""},"_links":{"self":[{"href":"https:\/\/www.europesays.com\/fr\/wp-json\/wp\/v2\/posts\/80516","targetHints":{"allow":["GET"]}}],"collection":[{"href":"https:\/\/www.europesays.com\/fr\/wp-json\/wp\/v2\/posts"}],"about":[{"href":"https:\/\/www.europesays.com\/fr\/wp-json\/wp\/v2\/types\/post"}],"author":[{"embeddable":true,"href":"https:\/\/www.europesays.com\/fr\/wp-json\/wp\/v2\/users\/2"}],"replies":[{"embeddable":true,"href":"https:\/\/www.europesays.com\/fr\/wp-json\/wp\/v2\/comments?post=80516"}],"version-history":[{"count":0,"href":"https:\/\/www.europesays.com\/fr\/wp-json\/wp\/v2\/posts\/80516\/revisions"}],"wp:featuredmedia":[{"embeddable":true,"href":"https:\/\/www.europesays.com\/fr\/wp-json\/wp\/v2\/media\/80517"}],"wp:attachment":[{"href":"https:\/\/www.europesays.com\/fr\/wp-json\/wp\/v2\/media?parent=80516"}],"wp:term":[{"taxonomy":"category","embeddable":true,"href":"https:\/\/www.europesays.com\/fr\/wp-json\/wp\/v2\/categories?post=80516"},{"taxonomy":"post_tag","embeddable":true,"href":"https:\/\/www.europesays.com\/fr\/wp-json\/wp\/v2\/tags?post=80516"}],"curies":[{"name":"wp","href":"https:\/\/api.w.org\/{rel}","templated":true}]}}