{"id":805173,"date":"2026-03-17T13:30:15","date_gmt":"2026-03-17T13:30:15","guid":{"rendered":"https:\/\/www.europesays.com\/fr\/805173\/"},"modified":"2026-03-17T13:30:15","modified_gmt":"2026-03-17T13:30:15","slug":"face-a-la-menace-du-rn-sebastien-delogu-annonce-son-retrait","status":"publish","type":"post","link":"https:\/\/www.europesays.com\/fr\/805173\/","title":{"rendered":"face \u00e0 \u00ab\u00a0la menace du RN\u00a0\u00bb, S\u00e9bastien Delogu annonce son retrait"},"content":{"rendered":"<p>Alors qu\u2019il restait jusqu\u2019\u00e0 18h ce mardi 17\u00a0mars, pour le d\u00e9p\u00f4t officiel des listes en pr\u00e9fecture en vue du deuxi\u00e8me tour des municipales, le candidat LFI a mis fin au suspense. Qualifi\u00e9 pour ce deuxi\u00e8me tour gr\u00e2ce \u00e0 ses quelque 12% recueillis dimanche soir, <a href=\"https:\/\/www.laprovence.com\/article\/elections\/15060312668415\/municipales-2026-a-marseille-sebastien-delogu-appelle-a-une-constitution-dun-front-antifasciste-contre-le-rn\" target=\"_blank\" rel=\"nofollow noopener\">S\u00e9bastien Delogu<\/a> annonce se retirer de la course \u00e0 la mairie centrale \u00ab\u00a0face \u00e0 l&rsquo;ab\u00eeme de l\u2019extr\u00eame droite\u00a0\u00bb. Dans une conf\u00e9rence de presse organis\u00e9e \u00e0 la h\u00e2te \u00e0 l\u2019Afriki Djigui th\u00e9\u00e2tre, \u00e0 Belsunce (1er), le d\u00e9put\u00e9 des quartiers Nord a d\u00e9nonc\u00e9 \u00ab\u00a0l\u2019irresponsabilit\u00e9\u00a0\u00bb du maire de Marseille qui refuse depuis deux jours la main tendue des insoumis et \u00ab\u00a0le front antifasciste\u00a0\u00bb propos\u00e9 par S\u00e9bastien Delogu et ses soutiens.<\/p>\n<p>Hier,<a href=\"https:\/\/www.laprovence.com\/article\/elections\/24973871295792\/info-la-provence-a-marseille-benoit-payan-part-deposer-ses-listes-coupant-court-a-toute-discussion-avec-lfi\" target=\"_blank\" rel=\"nofollow noopener\"> Beno\u00eet Payan<\/a> a coup\u00e9 court \u00e0 toutes discussions, en d\u00e9posant sa liste en d\u00e9but de matin\u00e9e. Et, alors que les insoumis croyaient encore \u00e0 un retrait de cette derni\u00e8re en s\u2019appuyant sur un point administratif et qu\u2019un millier de personnes ont manifest\u00e9 devant le QG du Printemps marseillais lundi soir pour demander \u00ab\u00a0l\u2019union de la gauche\u00a0\u00bb, le maire ne s\u2019est pas rapproch\u00e9 des soutiens de la liste Marseille fi\u00e8re et populaire. S\u00e9bastien Delogu \u00ab\u00a0prend donc ses responsabilit\u00e9s, pour ne laisser aucune chance \u00e0 l\u2019extr\u00eame droite\u00a0\u00bb.<\/p>\n<p>Il maintient ses listes dans les 1-7, 2-3, 4-5, 15-16.\u00a0<\/p>\n","protected":false},"excerpt":{"rendered":"Alors qu\u2019il restait jusqu\u2019\u00e0 18h ce mardi 17\u00a0mars, pour le d\u00e9p\u00f4t officiel des listes en pr\u00e9fecture en vue&hellip;\n","protected":false},"author":2,"featured_media":805174,"comment_status":"","ping_status":"","sticky":false,"template":"","format":"standard","meta":{"footnotes":"","_share_on_mastodon":"0"},"categories":[2],"tags":[5734,11,5949,2823,1011,27,4743,1147,3554,12,25,2848,17417],"class_list":["post-805173","post","type-post","status-publish","format-standard","has-post-thumbnail","category-actualites","tag-5734","tag-actualites","tag-elections","tag-face","tag-fr","tag-france","tag-la","tag-menace","tag-municipales","tag-news","tag-republique-francaise","tag-rn","tag-sebastien"],"share_on_mastodon":{"url":"https:\/\/pubeurope.com\/@fr\/116244763569634525","error":""},"_links":{"self":[{"href":"https:\/\/www.europesays.com\/fr\/wp-json\/wp\/v2\/posts\/805173","targetHints":{"allow":["GET"]}}],"collection":[{"href":"https:\/\/www.europesays.com\/fr\/wp-json\/wp\/v2\/posts"}],"about":[{"href":"https:\/\/www.europesays.com\/fr\/wp-json\/wp\/v2\/types\/post"}],"author":[{"embeddable":true,"href":"https:\/\/www.europesays.com\/fr\/wp-json\/wp\/v2\/users\/2"}],"replies":[{"embeddable":true,"href":"https:\/\/www.europesays.com\/fr\/wp-json\/wp\/v2\/comments?post=805173"}],"version-history":[{"count":0,"href":"https:\/\/www.europesays.com\/fr\/wp-json\/wp\/v2\/posts\/805173\/revisions"}],"wp:featuredmedia":[{"embeddable":true,"href":"https:\/\/www.europesays.com\/fr\/wp-json\/wp\/v2\/media\/805174"}],"wp:attachment":[{"href":"https:\/\/www.europesays.com\/fr\/wp-json\/wp\/v2\/media?parent=805173"}],"wp:term":[{"taxonomy":"category","embeddable":true,"href":"https:\/\/www.europesays.com\/fr\/wp-json\/wp\/v2\/categories?post=805173"},{"taxonomy":"post_tag","embeddable":true,"href":"https:\/\/www.europesays.com\/fr\/wp-json\/wp\/v2\/tags?post=805173"}],"curies":[{"name":"wp","href":"https:\/\/api.w.org\/{rel}","templated":true}]}}