{"id":80518,"date":"2025-05-06T23:53:10","date_gmt":"2025-05-06T23:53:10","guid":{"rendered":"https:\/\/www.europesays.com\/fr\/80518\/"},"modified":"2025-05-06T23:53:10","modified_gmt":"2025-05-06T23:53:10","slug":"grand-soir-pour-le-basket-francais-monaco-se-qualifie-encore-pour-le-final-four","status":"publish","type":"post","link":"https:\/\/www.europesays.com\/fr\/80518\/","title":{"rendered":"grand soir pour le basket fran\u00e7ais, Monaco se qualifie encore pour le Final Four"},"content":{"rendered":"<p>Vainqueur de Barcelone (85-84) mardi soir dans un match \u00e0 suspense, Monaco sera de nouveau pr\u00e9sent au Final Four de l\u2019Euroligue.<\/p>\n<p class=\"fig-paragraph\">Un grand soir pour le basket fran\u00e7ais.\u00a0<a href=\"https:\/\/www.lefigaro.fr\/sports\/basket\/en-direct-monaco-basket-barca-40-minutes-pour-vivre-20250506\" data-fig-type=\"Live\" data-gtm-custom-categorie=\"navigation\" data-gtm-custom-action=\"crossclick\" data-gtm-custom-label=\"Contextuel\" data-gtm-event=\"customEventSPE\" data-fig-domain=\"LEFIGARO\" target=\"_blank\" rel=\"noopener\">L&rsquo;AS Monaco Basket s&rsquo;est qualifi\u00e9e<\/a>\u00a0pour le deuxi\u00e8me Final Four d&rsquo;Euroligue de son histoire, gr\u00e2ce \u00e0 sa victoire mardi \u00e0 domicile contre le FC Barcelone (85-84) lors du match d&rsquo;appui des quarts de finale.<\/p>\n<p class=\"fig-paragraph\">Les Mon\u00e9gasques remportent la s\u00e9rie trois victoires \u00e0 deux et affronteront en demi-finales le 23 mai \u00e0 Abou Dhabi l&rsquo;Olympiakos, leur bourreau au m\u00eame stade de la comp\u00e9tition en 2023. Avec notamment un certain Evan Fournier dans les rangs du club grec.<\/p>\n<p>Une fin de match irrespirable<\/p>\n<p class=\"fig-paragraph\">Monaco s\u2019est qualifi\u00e9 pour le Final Four de l\u2019Euroligue pour la deuxi\u00e8me fois en trois saisons, en venant \u00e0 bout de Barcelone, mardi soir, lors d\u2019un cinqui\u00e8me match intense (85-84) qui a mis un terme \u00e0 une s\u00e9rie tr\u00e8s disput\u00e9e (3-2). Le pivot grec Georgios Papagiannis, qui n\u2019avait pas disput\u00e9 une seule minute dans la s\u00e9rie, a \u00e9t\u00e9 l\u2019homme qui a r\u00e9veill\u00e9 son \u00e9quipe apr\u00e8s un premier quart-temps compliqu\u00e9. Il s\u2019est fendu de 17 points, avec la meilleure \u00e9valuation mon\u00e9gasque (21).<\/p>\n<p class=\"fig-paragraph\">Comme il y a deux ans \u00e0 Kaunas, Monaco sera une nouvelle fois oppos\u00e9, en demi-finale, aux Grecs de l\u2019Olympiakos le 23 mai prochain \u00e0 Abou Dhabi. Pour sa premi\u00e8re saison comme entra\u00eeneur en Euroligue, Vassilis Spanoulis a donc emmen\u00e9 ses hommes au Final Four, o\u00f9 il retrouvera le club avec lequel il est devenu une l\u00e9gende.<\/p>\n<p class=\"fig-paragraph\">Il a fallu beaucoup de coeur \u00e0 ses joueurs pour remporter une victoire \u00e0 l\u2019arrach\u00e9e, apr\u00e8s deux derniers stops d\u00e9fensifs dans les 50 derni\u00e8res secondes. Men\u00e9 83-84, c\u2019est une p\u00e9n\u00e9tration de Mike James, solide capitaine (20 points, 5 passes et 19 d\u2019\u00e9valuation), qui a donn\u00e9 la victoire finale \u00e0 Monaco (85-84, 40e).<\/p>\n<p class=\"fig-paragraph\">Pourtant, la Roca Team n\u2019a jamais men\u00e9 durant le premier quart-temps, o\u00f9 Barcelone a \u00e9t\u00e9 tr\u00e8s bon d\u00e9fensivement. Bien emmen\u00e9s par Kevin Punter (5 points) et Justin Anderson (8 points), les Catalans ont \u00e9t\u00e9 dominateurs. Seul, Alpha Diallo (9 points) a fait illusion.<\/p>\n<p class=\"fig-paragraph\">Apr\u00e8s ce quart temps rat\u00e9 (15-19), Mike James et les siens ont r\u00e9agi avec force. Spanoulis a, pour cela, ressorti Papagiannis du frigo. Au-del\u00e0 de ses sept points, le pivot grec a \u00e9t\u00e9 impactant dans la raquette o\u00f9 il a mis en difficult\u00e9 le g\u00e9ant Youssoupha Fall.<\/p>\n<p class=\"fig-paragraph\">Spanoulis, fid\u00e8le \u00e0 ses principes selon lesquels une rencontre se gagne d\u2019abord avec une d\u00e9fense agressive, a termin\u00e9 la premi\u00e8re mi-temps avec quatre d\u00e9fenseurs (Strazel, Tarpey, Blossomgame et Papagiannis) pour accompagner James.<\/p>\n<p>Papagiannis, facteur X<\/p>\n<p class=\"fig-paragraph\">Alors que l\u2019\u00e9quipe de la Principaut\u00e9 est pass\u00e9e devant pour la premi\u00e8re fois de la rencontre \u00e0 la 17e minute, sur une claquette de Papagiannis (32-31), le capitaine mon\u00e9gasque a permis d\u2019atteindre la pause avec le plus gros avantage depuis le d\u00e9but du match, notamment gr\u00e2ce \u00e0 un tir prim\u00e9 en fin de quart-temps (45-39).<\/p>\n<p class=\"fig-paragraph\">D\u00e8s le d\u00e9but de la deuxi\u00e8me mi-temps, deux nouvelles p\u00e9n\u00e9trations du MVP de la saison en l\u2019Euroligue ont offert dix unit\u00e9s d\u2019avance \u00e0 Monaco (49-39), o\u00f9, pourtant, la recrue phare de l\u2019hiver, Daniel Theis, a \u00e9t\u00e9 en difficult\u00e9 et a encha\u00een\u00e9 les fautes.<\/p>\n<p>Rendez-vous le 23 mai pour Monaco<\/p>\n<p class=\"fig-paragraph\">En grand d\u2019Europe, Barcelone n\u2019a rien l\u00e2ch\u00e9. Et progressivement, Fall et Hernangomez ont propuls\u00e9 la remont\u00e9e des Blaugranas (61-60, 30e). Si deux lancers francs de Jordan Loyd ont permis aux Mon\u00e9gasques de d\u00e9marrer l\u2019ultime quart-temps avec trois points d\u2019avance (65-62), un tir prim\u00e9 de Dario Brizuela, puis une claquette de Fall ont redonn\u00e9 l\u2019avantage au Bar\u00e7a (65-57, 31e).<\/p>\n<p class=\"fig-paragraph\">La fin de rencontre est devenue \u00e9touffante. Chaque possession a \u00e9t\u00e9 un combat. Et Papagiannis, de retour aux affaires, a encore \u00e9t\u00e9 excellent. Efficace au tir, il a replac\u00e9 les siens devant et rendu sa confiance \u00e0 Spanoulis (sur un dunk 76-74, 35e, puis sur un panier longue distance 79-77, 36e). La suite a \u00e9t\u00e9 encore plus dense. La d\u00e9fense mon\u00e9gasque a \u00e9t\u00e9 parfaite. Et James a pris ses responsabilit\u00e9s pour d\u00e9crocher un nouveau Final Four.<\/p>\n","protected":false},"excerpt":{"rendered":"Vainqueur de Barcelone (85-84) mardi soir dans un match \u00e0 suspense, Monaco sera de nouveau pr\u00e9sent au Final&hellip;\n","protected":false},"author":2,"featured_media":80519,"comment_status":"","ping_status":"","sticky":false,"template":"","format":"standard","meta":{"footnotes":""},"categories":[2],"tags":[11,2190,1465,1791,1464,2180,2192,814,64,450,2183,1011,27,2191,2193,820,2181,2182,12,2189,2186,2184,2185,25,1980,2188,2187],"class_list":{"0":"post-80518","1":"post","2":"type-post","3":"status-publish","4":"format-standard","5":"has-post-thumbnail","7":"category-actualites","8":"tag-actualites","9":"tag-asvel","10":"tag-basket","11":"tag-basket-ball","12":"tag-basketball","13":"tag-championnats-deurope","14":"tag-cholet","15":"tag-direct","16":"tag-equipe-de-france","17":"tag-euro","18":"tag-euroligue","19":"tag-fr","20":"tag-france","21":"tag-le-mans","22":"tag-limoges","23":"tag-live","24":"tag-mondial","25":"tag-nba","26":"tag-news","27":"tag-photos","28":"tag-play-offs","29":"tag-pro-a","30":"tag-pro-b","31":"tag-republique-francaise","32":"tag-resultats","33":"tag-statistiques","34":"tag-stats"},"share_on_mastodon":{"url":"https:\/\/pubeurope.com\/@fr\/114463585298808925","error":""},"_links":{"self":[{"href":"https:\/\/www.europesays.com\/fr\/wp-json\/wp\/v2\/posts\/80518","targetHints":{"allow":["GET"]}}],"collection":[{"href":"https:\/\/www.europesays.com\/fr\/wp-json\/wp\/v2\/posts"}],"about":[{"href":"https:\/\/www.europesays.com\/fr\/wp-json\/wp\/v2\/types\/post"}],"author":[{"embeddable":true,"href":"https:\/\/www.europesays.com\/fr\/wp-json\/wp\/v2\/users\/2"}],"replies":[{"embeddable":true,"href":"https:\/\/www.europesays.com\/fr\/wp-json\/wp\/v2\/comments?post=80518"}],"version-history":[{"count":0,"href":"https:\/\/www.europesays.com\/fr\/wp-json\/wp\/v2\/posts\/80518\/revisions"}],"wp:featuredmedia":[{"embeddable":true,"href":"https:\/\/www.europesays.com\/fr\/wp-json\/wp\/v2\/media\/80519"}],"wp:attachment":[{"href":"https:\/\/www.europesays.com\/fr\/wp-json\/wp\/v2\/media?parent=80518"}],"wp:term":[{"taxonomy":"category","embeddable":true,"href":"https:\/\/www.europesays.com\/fr\/wp-json\/wp\/v2\/categories?post=80518"},{"taxonomy":"post_tag","embeddable":true,"href":"https:\/\/www.europesays.com\/fr\/wp-json\/wp\/v2\/tags?post=80518"}],"curies":[{"name":"wp","href":"https:\/\/api.w.org\/{rel}","templated":true}]}}