{"id":80520,"date":"2025-05-06T23:54:16","date_gmt":"2025-05-06T23:54:16","guid":{"rendered":"https:\/\/www.europesays.com\/fr\/80520\/"},"modified":"2025-05-06T23:54:16","modified_gmt":"2025-05-06T23:54:16","slug":"je-nai-eu-de-cesse-de-me-considerer-comme-un-lanceur-dalerte-estime-xavier-bertrand","status":"publish","type":"post","link":"https:\/\/www.europesays.com\/fr\/80520\/","title":{"rendered":"\u00ab\u00a0Je n&rsquo;ai eu de cesse de me consid\u00e9rer comme un lanceur d&rsquo;alerte\u00a0\u00bb, estime Xavier Bertrand"},"content":{"rendered":"<p>AA\/Tunis<\/p>\n<p>Interrog\u00e9 sur le contrat d&rsquo;association entre le lyc\u00e9e musulman Averro\u00e8s de Lille et l&rsquo;\u00c9tat, Xavier Bertrand; pr\u00e9sident de la r\u00e9gion Hauts-de-France, a affirm\u00e9 \u00ab\u00a0Je n&rsquo;ai eu de cesse de me consid\u00e9rer comme un lanceur d&rsquo;alerte\u00a0\u00bb.<\/p>\n<p>Lors de son audition \u00e0 la Commission d&rsquo;enqu\u00eate sur les modalit\u00e9s du contr\u00f4le par l\u2019\u00c9tat et de la pr\u00e9vention des violences dans les \u00e9tablissements scolaires, Bertrand a d\u00e9clar\u00e9 \u00ab\u00a0j\u2019ai surtout sollicit\u00e9 l\u2019Etat depuis novembre 2017 pour savoir si oui ou non les conditions \u00e9taient r\u00e9unies pour qu\u2019un contrat d\u2019association entre l\u2019Etat et ce lyc\u00e9e soit toujours accord\u00e9\u00a0\u00bb. <\/p>\n<p>\u00a0\u00bb Quand on va jusqu\u2019\u00e0 ce point pr\u00e9cis notamment sur la chambre r\u00e9gionale des comptes le 22 mai 2003 il y a tr\u00e8s clairement la proximit\u00e9 de l\u2019Association Averro\u00e8s avec Musulmans de France via la Ligue islamique du nord \u00e9manation du mouvement des Fr\u00e8res musulmans\u00a0\u00bb, a-t-il d\u00e9clar\u00e9.<\/p>\n<p>Il a, en outre point\u00e9 le contenu des cours dispens\u00e9 par le lyc\u00e9e musulman et qui seraient selon lui en contradiction avec les valeurs de la R\u00e9publique. <\/p>\n<p>Concernant le financement de l\u2019association, \u00ab\u00a0le rapport \u00e9tablit que l\u2019association a b\u00e9n\u00e9fici\u00e9 de 1,9 million d\u2019euros de l\u2019\u00e9tranger suite \u00e0 diff\u00e9rentes collectes aupr\u00e8s de mosqu\u00e9es en Allemagne et au Pays-Bas. C&rsquo;est quand m\u00eame chose solide il ne faut pas non plus oublier que la chambre r\u00e9gionale des comptes ce sont des magistrats. Et ce qui a \u00e9t\u00e9 \u00e9tabli par la chambre r\u00e9gionale des comptes n\u2019est pas rien\u00a0\u00bb, a-t-il encore soulign\u00e9.<\/p>\n<p>Le 23 avril dernier, le Tribunal Administratif de Lille d\u00e9cidait de r\u00e9tablir le contrat d\u2019association du lyc\u00e9e Averro\u00e8s avec l\u2019Etat.<\/p>\n<p>La r\u00e9siliation act\u00e9e de mani\u00e8re unilat\u00e9rale par le Pr\u00e9fet du Nord \u00e9tait de fait annul\u00e9e et la d\u00e9cision prenait effet imm\u00e9diatement, permettant \u00e0 l\u2019\u00e9tablissement de pouvoir r\u00e9cup\u00e9rer les fonds dus au titre de l\u2019ann\u00e9e scolaire en cours.<\/p>\n<p>Apr\u00e8s des mois d\u2019une bataille judiciaire sans merci, le lyc\u00e9e Averro\u00e8s pouvait enfin envisager son avenir de mani\u00e8re beaucoup sereine, se f\u00e9licitant d\u2019une \u00ab d\u00e9cision de justice claire, fond\u00e9e sur les faits et le droit \u00bb.<\/p>\n<p>Mais le r\u00e9pit aura \u00e9t\u00e9 de courte dur\u00e9e. La ministre de l\u2019Education Nationale, Elisabeth Borne a annonc\u00e9 mardi \u00e0 l\u2019antenne de TF1, qu\u2019elle faisait appel du jugement rendu par le Tribunal Administratif de Lille.<\/p>\n<p>                            &#13;<br \/>\n                                <a href=\"https:\/\/www.aa.com.tr\/fr\/p\/abonnement\/1001\" target=\"_blank\" style=\"font-size:12px; color:#444; text-decoration:none;\" rel=\"nofollow noopener\">&#13;<br \/>\n                                    Seulement une partie des d\u00e9p\u00eaches, que l&rsquo;Agence Anadolu diffuse \u00e0 ses abonn\u00e9s via le Syst\u00e8me de Diffusion interne (HAS), est diffus\u00e9e sur le site de l&rsquo;AA, de mani\u00e8re r\u00e9sum\u00e9e. <b style=\"color:#1897F7\">Contactez-nous s&rsquo;il vous pla\u00eet pour vous abonner.<\/b>&#13;<br \/>\n                                <\/a>&#13;<\/p>\n","protected":false},"excerpt":{"rendered":"AA\/Tunis Interrog\u00e9 sur le contrat d&rsquo;association entre le lyc\u00e9e musulman Averro\u00e8s de Lille et l&rsquo;\u00c9tat, Xavier Bertrand; pr\u00e9sident&hellip;\n","protected":false},"author":2,"featured_media":80521,"comment_status":"","ping_status":"","sticky":false,"template":"","format":"standard","meta":{"footnotes":""},"categories":[4],"tags":[11,1785,1011,27,18770,12,25],"class_list":{"0":"post-80520","1":"post","2":"type-post","3":"status-publish","4":"format-standard","5":"has-post-thumbnail","7":"category-france","8":"tag-actualites","9":"tag-anadolu-ajansi","10":"tag-fr","11":"tag-france","12":"tag-lyce-averros","13":"tag-news","14":"tag-republique-francaise"},"share_on_mastodon":{"url":"https:\/\/pubeurope.com\/@fr\/114463589151686710","error":""},"_links":{"self":[{"href":"https:\/\/www.europesays.com\/fr\/wp-json\/wp\/v2\/posts\/80520","targetHints":{"allow":["GET"]}}],"collection":[{"href":"https:\/\/www.europesays.com\/fr\/wp-json\/wp\/v2\/posts"}],"about":[{"href":"https:\/\/www.europesays.com\/fr\/wp-json\/wp\/v2\/types\/post"}],"author":[{"embeddable":true,"href":"https:\/\/www.europesays.com\/fr\/wp-json\/wp\/v2\/users\/2"}],"replies":[{"embeddable":true,"href":"https:\/\/www.europesays.com\/fr\/wp-json\/wp\/v2\/comments?post=80520"}],"version-history":[{"count":0,"href":"https:\/\/www.europesays.com\/fr\/wp-json\/wp\/v2\/posts\/80520\/revisions"}],"wp:featuredmedia":[{"embeddable":true,"href":"https:\/\/www.europesays.com\/fr\/wp-json\/wp\/v2\/media\/80521"}],"wp:attachment":[{"href":"https:\/\/www.europesays.com\/fr\/wp-json\/wp\/v2\/media?parent=80520"}],"wp:term":[{"taxonomy":"category","embeddable":true,"href":"https:\/\/www.europesays.com\/fr\/wp-json\/wp\/v2\/categories?post=80520"},{"taxonomy":"post_tag","embeddable":true,"href":"https:\/\/www.europesays.com\/fr\/wp-json\/wp\/v2\/tags?post=80520"}],"curies":[{"name":"wp","href":"https:\/\/api.w.org\/{rel}","templated":true}]}}