{"id":80530,"date":"2025-05-07T00:02:18","date_gmt":"2025-05-07T00:02:18","guid":{"rendered":"https:\/\/www.europesays.com\/fr\/80530\/"},"modified":"2025-05-07T00:02:18","modified_gmt":"2025-05-07T00:02:18","slug":"jasper-schoofs-apprendre-et-tenter-actualite","status":"publish","type":"post","link":"https:\/\/www.europesays.com\/fr\/80530\/","title":{"rendered":"Jasper Schoofs : \u00ab Apprendre et tenter \u00bb &#8211; Actualit\u00e9"},"content":{"rendered":"<p style=\"text-align: justify;\">Jasper Schoofs a \u00e9t\u00e9 \u00e0 son avantage, mardi dernier, lors de la cinqui\u00e8me \u00e9tape du Tour de Bretagne. Pr\u00e9sent dans l\u2019\u00e9chapp\u00e9e de cinq \u00e9l\u00e9ments, le pensionnaire de Soudal-Quick Step Devo Team a pu jouer la victoire. Mais il n\u2019a pas parfaitement man\u0153uvr\u00e9 dans le final. \u201cJ\u2019ai commis une petite erreur parce que j\u2019ai roul\u00e9 pour revenir sur Antoine L\u2019hote qui venait d\u2019attaquer, et ce n\u2019\u00e9tait peut-\u00eatre pas \u00e0 moi de boucher l\u2019\u00e9cart. Mais je suis encore Espoir 1, donc je dois apprendre et tenter des choses. Parfois, on commet des fautes, mais on apprend pour l\u2019avenir\u201c, confie au micro de DirectVelo le Belge, qui se satisfait tout de m\u00eame de sa 5e place \u00e0 l\u2019arriv\u00e9e \u00e0 Guenrou\u00ebt (Loire-Atlantique). \u201cC\u2019\u00e9tait une bonne journ\u00e9e pour moi\u201c.<br \/>Apr\u00e8s une seconde ann\u00e9e Juniors tr\u00e8s r\u00e9ussie (<strong><a href=\"https:\/\/www.directvelo.com\/coureur\/53358\/jasper-schoofs\" target=\"_blank\" rel=\"noopener\">voir sa fiche DirectVelo<\/a><\/strong>), le vainqueur du dernier Challenge DirectVelo Belgique Juniors a \u00e9t\u00e9 bless\u00e9 au genou l&rsquo;hiver dernier. \u201cLa p\u00e9riode a \u00e9t\u00e9 difficile. J\u2019ai commenc\u00e9 \u00e0 ressentir des douleurs le 16 novembre et \u00e7a empirait au fil des entra\u00eenements les jours suivants. J\u2019ai donc coup\u00e9 totalement pendant un mois et je suis remont\u00e9 en selle le 14 janvier\u201c.\u00a0Ce coup d&rsquo;arr\u00eat a priv\u00e9 l&rsquo;ancien vice-Champion de Belgique de cyclo-cross Juniors des labour\u00e9s.<\/p>\n<p><strong>\u00ab MA CONDITION PHYSIQUE A D\u00db NETTEMENT S\u2019AM\u00c9LIORER \u00bb<\/strong><\/p>\n<p>\u00c0 l\u2019intersaison, Jasper Schoofs a donc rejoint la r\u00e9serve de Soudal-Quick Step, apr\u00e8s avoir effectu\u00e9 ses deux ann\u00e9es Juniors chez Acrog-Tormans. \u201cIls m\u2019avaient contact\u00e9 depuis longtemps. J\u2019avais d\u00e9j\u00e0 sign\u00e9 d\u00e8s ma premi\u00e8re saison U19. Je suis vraiment heureux de faire partie de leur \u00e9quipe, c\u2019est comme une grande famille\u201c. Pour sa premi\u00e8re course pro, la Roue Tourangelle (1.1) fin mars, il a \u00e9t\u00e9 \u00e9chapp\u00e9 durant\u00a0pr\u00e8s de 170\u00a0kilom\u00e8tres, avant d\u2019\u00eatre repris \u00e0 une dizaine de bornes de l\u2019arriv\u00e9e. Co\u00e9quipier de Federico Savino, 4e du classement g\u00e9n\u00e9ral du Tour de Bretagne (<strong><a href=\"https:\/\/www.directvelo.com\/epreuve\/45633\/tour-de-bretagne-2025\" target=\"_blank\" rel=\"noopener\">voir classements<\/a><\/strong>), il compte bien\u00a0tirer profit des kilom\u00e8tres r\u00e9cemment accumul\u00e9s sur la Classe 2 fran\u00e7aise, pour performer ce dimanche, \u00e0 la Kattekoers, la version Espoirs de Gand-Wevelgem. \u201cJe pense qu\u2019apr\u00e8s ces sept jours cons\u00e9cutifs de course, ma condition physique a d\u00fb nettement s\u2019am\u00e9liorer. J\u2019aime les pav\u00e9s, j\u2019esp\u00e8re bien s\u00fbr m\u2019y distinguer, m\u00eame si le niveau est aussi tr\u00e8s relev\u00e9\u201c.<\/p>\n<p style=\"text-align: justify;\">Le vice-Champion du Monde, d&rsquo;Europe et de Belgique du chrono Juniors 2024 n\u2019a pas encore pu disputer un contre-la-montre depuis le d\u00e9but de saison. Il a \u00e9t\u00e9 priv\u00e9 du Championnat de Belgique U23 de la sp\u00e9cialit\u00e9, le 1er mai, \u00e9tant pr\u00e9sent sur le Tour de Bretagne. \u201cJ\u2019essaierai d\u2019en faire quand il y en aura. Mais je me concentre d\u2019abord sur les courses en ligne. On verra ensuite les possibilit\u00e9s qui se pr\u00e9sentent. De m\u00eame, on avisera apr\u00e8s l\u2019\u00e9t\u00e9 si je peux participer \u00e0 une ou deux courses avec la WorldTeam. Mon but est d\u00e9j\u00e0 d\u2019\u00eatre au meilleur de ma forme\u201c. Il semble sur le bon chemin.<\/p>\n<p><img loading=\"lazy\" decoding=\"async\" src=\"https:\/\/www.europesays.com\/fr\/wp-content\/uploads\/2025\/05\/680bd1434f00f.jpg\" alt=\"\" width=\"650\" height=\"433\"\/><\/p>\n","protected":false},"excerpt":{"rendered":"Jasper Schoofs a \u00e9t\u00e9 \u00e0 son avantage, mardi dernier, lors de la cinqui\u00e8me \u00e9tape du Tour de Bretagne.&hellip;\n","protected":false},"author":2,"featured_media":80531,"comment_status":"","ping_status":"","sticky":false,"template":"","format":"standard","meta":{"footnotes":""},"categories":[1411],"tags":[834,828,836,829,837,827,83,826,824,823,1154,207,814,817,815,816,822,821,832,211,839,1011,27,820,818,819,835,831,830,833,838,60,212,208,825],"class_list":{"0":"post-80530","1":"post","2":"type-post","3":"status-publish","4":"format-standard","5":"has-post-thumbnail","7":"category-cyclisme","8":"tag-attaque","9":"tag-belgique","10":"tag-braquet","11":"tag-bretagne","12":"tag-chute","13":"tag-competition","14":"tag-coupe-de-france","15":"tag-coureur","16":"tag-course-cyclisme","17":"tag-course-cycliste","18":"tag-cycling","19":"tag-cyclisme","20":"tag-direct","21":"tag-direct-velo","22":"tag-directvelo","23":"tag-directvelo-com","24":"tag-epreuve","25":"tag-epreuve-cycliste","26":"tag-federation-francaise-de-cyclisme","27":"tag-ffc","28":"tag-flandres","29":"tag-fr","30":"tag-france","31":"tag-live","32":"tag-live-course","33":"tag-live-epreuve","34":"tag-peloton","35":"tag-radio-peloton","36":"tag-radio-tour","37":"tag-ravitaillement","38":"tag-relance","39":"tag-sports","40":"tag-uci","41":"tag-velo","42":"tag-velos"},"share_on_mastodon":{"url":"https:\/\/pubeurope.com\/@fr\/114463620749531982","error":""},"_links":{"self":[{"href":"https:\/\/www.europesays.com\/fr\/wp-json\/wp\/v2\/posts\/80530","targetHints":{"allow":["GET"]}}],"collection":[{"href":"https:\/\/www.europesays.com\/fr\/wp-json\/wp\/v2\/posts"}],"about":[{"href":"https:\/\/www.europesays.com\/fr\/wp-json\/wp\/v2\/types\/post"}],"author":[{"embeddable":true,"href":"https:\/\/www.europesays.com\/fr\/wp-json\/wp\/v2\/users\/2"}],"replies":[{"embeddable":true,"href":"https:\/\/www.europesays.com\/fr\/wp-json\/wp\/v2\/comments?post=80530"}],"version-history":[{"count":0,"href":"https:\/\/www.europesays.com\/fr\/wp-json\/wp\/v2\/posts\/80530\/revisions"}],"wp:featuredmedia":[{"embeddable":true,"href":"https:\/\/www.europesays.com\/fr\/wp-json\/wp\/v2\/media\/80531"}],"wp:attachment":[{"href":"https:\/\/www.europesays.com\/fr\/wp-json\/wp\/v2\/media?parent=80530"}],"wp:term":[{"taxonomy":"category","embeddable":true,"href":"https:\/\/www.europesays.com\/fr\/wp-json\/wp\/v2\/categories?post=80530"},{"taxonomy":"post_tag","embeddable":true,"href":"https:\/\/www.europesays.com\/fr\/wp-json\/wp\/v2\/tags?post=80530"}],"curies":[{"name":"wp","href":"https:\/\/api.w.org\/{rel}","templated":true}]}}