{"id":805321,"date":"2026-03-17T15:02:17","date_gmt":"2026-03-17T15:02:17","guid":{"rendered":"https:\/\/www.europesays.com\/fr\/805321\/"},"modified":"2026-03-17T15:02:17","modified_gmt":"2026-03-17T15:02:17","slug":"macron-ne-veut-pas-participer-a-sa-securisation-pour-linstant-comme-demande-par-trump","status":"publish","type":"post","link":"https:\/\/www.europesays.com\/fr\/805321\/","title":{"rendered":"Macron ne veut pas participer \u00e0 sa\u00a0s\u00e9curisation pour l&rsquo;instant, comme demand\u00e9 par Trump"},"content":{"rendered":"<p><strong>Isra\u00ebl confirme un d\u00e9ploiement au sol contre le Hezbollah dans le sud du Liban.<\/strong> L&rsquo;arm\u00e9e isra\u00e9lienne a annonc\u00e9 avoir lanc\u00e9 des \u00ab op\u00e9rations terrestres limit\u00e9es et cibl\u00e9es \u00bb contre le mouvement pro-iranien Hezbollah dans le sud du Liban. \u00ab Ces derniers jours, des soldats isra\u00e9liens de la 91e division ont commenc\u00e9 des op\u00e9rations terrestres limit\u00e9es et cibl\u00e9es contre des bastions cl\u00e9s du Hezbollah dans le sud du Liban, visant \u00e0 renforcer la zone de d\u00e9fense avanc\u00e9e \u00bb en territoire libanais, le long de la fronti\u00e8re entre Isra\u00ebl et le Liban, a d\u00e9clar\u00e9 l&rsquo;arm\u00e9e dans un communiqu\u00e9.<\/p>\n<p><strong>L&rsquo;Iran pr\u00eat \u00e0 aller \u00ab aussi loin \u00bb que n\u00e9cessaire dans la guerre contre Isra\u00ebl et les \u00c9tats-Unis.<\/strong> Le chef de la diplomatie iranienne a d\u00e9clar\u00e9 que l&rsquo;Iran \u00e9tait pr\u00eat \u00e0 aller \u00ab aussi loin \u00bb que n\u00e9cessaire, dans la guerre opposant depuis le 28 f\u00e9vrier son pays \u00e0 Isra\u00ebl et aux \u00c9tats-Unis. \u00ab Je pense qu&rsquo;\u00e0 pr\u00e9sent, ils ont retenu la le\u00e7on et compris \u00e0 quel genre de nation ils avaient affaire : une nation qui n&rsquo;h\u00e9site pas \u00e0 se d\u00e9fendre et est pr\u00eate \u00e0 poursuivre la guerre jusqu&rsquo;au bout, o\u00f9 qu&rsquo;elle m\u00e8ne, et \u00e0 aller aussi loin que n\u00e9cessaire \u00bb, a d\u00e9clar\u00e9 Abbas Araghchi devant la presse.<\/p>\n<p><strong>Trump reproche \u00e0 certains pays leur manque \u00ab d&rsquo;enthousiasme \u00bb concernant le d\u00e9troit d&rsquo;Ormuz.<\/strong> Lors d&rsquo;une conf\u00e9rence de presse, Donald Trump assure lundi avoir \u00ab d\u00e9truit tous les bateaux qui d\u00e9posaient des mines \u00bb. \u00ab Nous appelons vivement les pays qui d\u00e9pendent beaucoup plus du d\u00e9troit d&rsquo;Ormuz que nous \u00e0 intervenir \u00bb, dit-il. Il regrette le manque d&rsquo;aide des alli\u00e9s : \u00ab Pour tous ces pays dont l&rsquo;\u00e9conomie d\u00e9pend du trafic dans le d\u00e9troit, pourquoi ne viennent-ils pas nous aider ? \u00bb. \u00ab Depuis quarante ans, nous vous prot\u00e9geons et vous ne voulez pas vous impliquer dans quelque chose de tr\u00e8s mineur \u00bb, a-t-il d\u00e9clar\u00e9 depuis la Maison Blanche. \u00ab Nous encourageons vivement les autres pays \u00e0 s&rsquo;impliquer avec nous, et \u00e0 s&rsquo;impliquer vite et avec beaucoup d&rsquo;enthousiasme \u00bb.<\/p>\n<p><strong>Quelque 11 000 ressortissants europ\u00e9ens rapatri\u00e9s.<\/strong> 11 000 ressortissants europ\u00e9ens ont pu rentrer en Europe, depuis le d\u00e9but de la guerre en Iran, indique ce lundi Eva Hrncirova, porte-parole de la Commission europ\u00e9enne, lors d&rsquo;une conf\u00e9rence de presse \u00e0 Bruxelles. Au total, 90 vols de rapatriements ont \u00e9t\u00e9 organis\u00e9s depuis plusieurs villes du Proche-Orient gr\u00e2ce au m\u00e9canisme de protection civile de l&rsquo;Union europ\u00e9enne activ\u00e9e par 23 pays.<\/p>\n<p><strong>Liban : cinq pays dont la France demandent qu&rsquo;une offensive terrestre d&rsquo;Isra\u00ebl soit \u00ab \u00e9vit\u00e9e \u00bb.<\/strong> \u00ab Une offensive terrestre isra\u00e9lienne de grande envergure aurait des cons\u00e9quences humanitaires d\u00e9vastatrices et pourrait conduire \u00e0 un conflit prolong\u00e9 \u00bb, indique la d\u00e9claration conjointe des dirigeants de l&rsquo;Allemagne, du Canada, de la France, de l&rsquo;Italie et du Royaume-Uni. \u00ab La situation humanitaire au Liban, notamment les d\u00e9placements massifs de population qui se poursuivent, est d\u00e9j\u00e0 profond\u00e9ment alarmante \u00bb, alerte-t-elle encore.<\/p>\n","protected":false},"excerpt":{"rendered":"Isra\u00ebl confirme un d\u00e9ploiement au sol contre le Hezbollah dans le sud du Liban. L&rsquo;arm\u00e9e isra\u00e9lienne a annonc\u00e9&hellip;\n","protected":false},"author":2,"featured_media":805322,"comment_status":"","ping_status":"","sticky":false,"template":"","format":"standard","meta":{"footnotes":""},"categories":[6],"tags":[35,3206,12255,33,34,107,1011,27,329,3019,664,316],"class_list":{"0":"post-805321","1":"post","2":"type-post","3":"status-publish","4":"format-standard","5":"has-post-thumbnail","7":"category-economie","8":"tag-business","9":"tag-defense-guerre-conflit","10":"tag-direct-actualite","11":"tag-economie","12":"tag-economy","13":"tag-fil-info","14":"tag-fr","15":"tag-france","16":"tag-france-monde","17":"tag-iran","18":"tag-israel","19":"tag-politique"},"share_on_mastodon":{"url":"https:\/\/pubeurope.com\/@fr\/116245125263140522","error":""},"_links":{"self":[{"href":"https:\/\/www.europesays.com\/fr\/wp-json\/wp\/v2\/posts\/805321","targetHints":{"allow":["GET"]}}],"collection":[{"href":"https:\/\/www.europesays.com\/fr\/wp-json\/wp\/v2\/posts"}],"about":[{"href":"https:\/\/www.europesays.com\/fr\/wp-json\/wp\/v2\/types\/post"}],"author":[{"embeddable":true,"href":"https:\/\/www.europesays.com\/fr\/wp-json\/wp\/v2\/users\/2"}],"replies":[{"embeddable":true,"href":"https:\/\/www.europesays.com\/fr\/wp-json\/wp\/v2\/comments?post=805321"}],"version-history":[{"count":0,"href":"https:\/\/www.europesays.com\/fr\/wp-json\/wp\/v2\/posts\/805321\/revisions"}],"wp:featuredmedia":[{"embeddable":true,"href":"https:\/\/www.europesays.com\/fr\/wp-json\/wp\/v2\/media\/805322"}],"wp:attachment":[{"href":"https:\/\/www.europesays.com\/fr\/wp-json\/wp\/v2\/media?parent=805321"}],"wp:term":[{"taxonomy":"category","embeddable":true,"href":"https:\/\/www.europesays.com\/fr\/wp-json\/wp\/v2\/categories?post=805321"},{"taxonomy":"post_tag","embeddable":true,"href":"https:\/\/www.europesays.com\/fr\/wp-json\/wp\/v2\/tags?post=805321"}],"curies":[{"name":"wp","href":"https:\/\/api.w.org\/{rel}","templated":true}]}}