{"id":80536,"date":"2025-05-07T00:05:09","date_gmt":"2025-05-07T00:05:09","guid":{"rendered":"https:\/\/www.europesays.com\/fr\/80536\/"},"modified":"2025-05-07T00:05:09","modified_gmt":"2025-05-07T00:05:09","slug":"a-montreuil-un-petit-espace-post-moderne-et-minimaliste","status":"publish","type":"post","link":"https:\/\/www.europesays.com\/fr\/80536\/","title":{"rendered":"\u00c0 Montreuil, un petit espace post-moderne et minimaliste"},"content":{"rendered":"<p>\u00ab Nous sommes dans un immeuble des <a href=\"https:\/\/www.admagazine.fr\/article\/comment-reconnaitre-immeuble-style-haussmannien\" target=\"_blank\" rel=\"noopener\">ann\u00e9es 2000<\/a> \u00bb, introduit Joanne Riachi. L&rsquo;architecte libanaise-am\u00e9ricaine, fondatrice de l&rsquo;Atelier Jori, a \u00e9t\u00e9 missionn\u00e9e pour r\u00e9nover un petit espace de 66 m\u00e8tres carr\u00e9s, \u00e0 Montreuil, pour un jeune couple. \u00ab L&rsquo;entr\u00e9e du b\u00e2timent, impressionnante, donne le ton. Nous avons eu envie de retrouver la lecture du plan, tr\u00e8s libre. \u00bb Ce plan ouvert offre deux balcons filants de chaque c\u00f4t\u00e9 de l&rsquo;appartement, perch\u00e9 au dernier \u00e9tage de l&rsquo;immeuble. \u00c0 partir de la circulation originale, Joanne Riachi a d\u00e9cloisonn\u00e9 les espaces y a inject\u00e9 le plus de clart\u00e9 possible. Pour cela, elle a us\u00e9 de modules pour remplacer les <a href=\"https:\/\/www.admagazine.fr\/article\/idees-architectes-cloisonner-petit-espace\" target=\"_blank\" rel=\"noopener\">cloisons<\/a> et d&rsquo;une verri\u00e8re murale en verre fl\u00fbte pour laisser la lumi\u00e8re traverser les pi\u00e8ces. Le r\u00e9sultat ? Un int\u00e9rieur post-moderne, en symbiose avec son immeuble, mais aussi tr\u00e8s \u00e9pur\u00e9. Visite.<\/p>\n<p>L&rsquo;immeuble, situ\u00e9 \u00e0 Montreuil, est de style post-moderne des ann\u00e9es 2000.<\/p>\n<p>Camille LemonnierOuverture, luminosit\u00e9 et sobri\u00e9t\u00e9 \u00e9cologique<\/p>\n<p>\u00ab On est pass\u00e9 de sept \u00e0 trois portes \u00bb, note l&rsquo;architecte pour illustrer l&rsquo;important travail de d\u00e9cloisonnement men\u00e9 \u00e0 travers ces 66 m\u00e8tres carr\u00e9s (voir plans en fin d&rsquo;article). Inspir\u00e9e par le (rare) double balcon filant ouvrant sur le ciel de Montreuil, elle a ouvert des acc\u00e8s \u00e0 ces ext\u00e9rieurs depuis chaque pi\u00e8ce de l&rsquo;appartement, leur donnant par la m\u00eame occasion une luminosit\u00e9 optimale. \u00ab Par exemple, la lumi\u00e8re naturelle ajout\u00e9e dans la <a href=\"https:\/\/www.admagazine.fr\/article\/petites-salles-bains-dictent-codes-decoration\" target=\"_blank\" rel=\"noopener\">salle de bains<\/a> permet \u00e0 la fois d&rsquo;apporter un confort visuel, mais aussi de r\u00e9duire la consommation de chauffage gr\u00e2ce au soleil. \u00bb Aussi, une verri\u00e8re a \u00e9t\u00e9 ajout\u00e9e entre le salon et l&rsquo;une des chambres, afin d&rsquo;obtenir un espace compl\u00e8tement traversant.<\/p>\n<p>L&rsquo;entr\u00e9e ouvre sur une pi\u00e8ce de vie spacieuse.<\/p>\n<p>Camille Lemonnier<\/p>\n<p>La cuisine et \u00e0 gauche, une chaise de Jer\u00f4me Chauvign\u00e9.<\/p>\n<p>Camille Lemonnier<\/p>\n<p>Dans cet objectif de r\u00e9duction de l&rsquo;impact environnemental de l&rsquo;habitat, Joanne Riachi a pens\u00e9 l&rsquo;ensemble de l&rsquo;isolation de mani\u00e8re \u00e9cologique. \u00ab On a essay\u00e9 d&rsquo;adopter une d\u00e9marche vertueuse, en utilisant des pneus recycl\u00e9s pour l&rsquo;isolation \u2014 une technologie nomm\u00e9e Dina Choc \u00bb. Les luminaires et pi\u00e8tements de meubles en acier sont \u00e9galement issus du r\u00e9emploi. Aussi, la verri\u00e8re murale entre la chambre et le salon a \u00e9t\u00e9 con\u00e7ue \u00ab avec le cadre le plus fin \u00bb, de m\u00eame que les biblioth\u00e8ques de la chambre dessin\u00e9es \u00ab avec le moins de mati\u00e8re possible, dont des montants en acier qui accueillent la <a href=\"https:\/\/www.admagazine.fr\/adinspiration\/article\/petits-espaces-3-idees-de-verrieres-a-copier\" target=\"_blank\" rel=\"noopener\">verri\u00e8re<\/a> \u00bb. L&rsquo;architecte, dont l&rsquo;\u00e9cologie porte la plupart des projets, ne manque pas de rappeler l&rsquo;\u00e9tymologie de \u00ab Jori \u00bb, le nom de son studio qui, \u00ab d&rsquo;apr\u00e8s le grec ancien \u0393\u03b5\u03ce\u03c1\u03b3\u03b9\u03bf\u03c2, \u00e9voque une relation \u00e0 la terre, \u00e0 l\u2019ancrage, \u00e0 ce qui s\u2019inscrit dans la dur\u00e9e \u00bb. \u00ab Notre d\u00e9marche vise \u00e0 r\u00e9concilier la forme, l\u2019usage et le climat \u00bb, compl\u00e8te-t-elle.<\/p>\n<p>Un petit espace pens\u00e9 pour recevoir<\/p>\n<p>Malgr\u00e9 la surface relativement r\u00e9duite, les propri\u00e9taires avaient pour envie de pouvoir recevoir comme bon leur semble, cuisiner et faire des cocktails pour leurs invit\u00e9s. \u00ab L&rsquo;id\u00e9e \u00e9tait de pouvoir \u00e0 la fois lire, accueillir, et en m\u00eame temps, faire la cuisine, pr\u00e9cise l&rsquo;architecte. Donc on a pens\u00e9 un mobilier autoportant en merisier pour structurer la <a href=\"https:\/\/www.admagazine.fr\/article\/tendances-cuisine-adopter\" target=\"_blank\" rel=\"noopener\">cuisine<\/a> sans l&rsquo;isoler du salon. Le m\u00e9riser a une grande facult\u00e9 de mise en \u0153uvre et de travail du d\u00e9tail \u00bb.<\/p>\n","protected":false},"excerpt":{"rendered":"\u00ab Nous sommes dans un immeuble des ann\u00e9es 2000 \u00bb, introduit Joanne Riachi. L&rsquo;architecte libanaise-am\u00e9ricaine, fondatrice de l&rsquo;Atelier&hellip;\n","protected":false},"author":2,"featured_media":80537,"comment_status":"","ping_status":"","sticky":false,"template":"","format":"standard","meta":{"footnotes":""},"categories":[1358],"tags":[10099,1348,1384,1385,9987,1386,58,59,1011,27,9986],"class_list":{"0":"post-80536","1":"post","2":"type-post","3":"status-publish","4":"format-standard","5":"has-post-thumbnail","7":"category-arts-et-design","8":"tag-appartement-parisien","9":"tag-arts","10":"tag-arts-and-design","11":"tag-arts-et-design","12":"tag-decoration-minimaliste","13":"tag-design","14":"tag-divertissement","15":"tag-entertainment","16":"tag-fr","17":"tag-france","18":"tag-petits-espaces"},"share_on_mastodon":{"url":"https:\/\/pubeurope.com\/@fr\/114463632560638599","error":""},"_links":{"self":[{"href":"https:\/\/www.europesays.com\/fr\/wp-json\/wp\/v2\/posts\/80536","targetHints":{"allow":["GET"]}}],"collection":[{"href":"https:\/\/www.europesays.com\/fr\/wp-json\/wp\/v2\/posts"}],"about":[{"href":"https:\/\/www.europesays.com\/fr\/wp-json\/wp\/v2\/types\/post"}],"author":[{"embeddable":true,"href":"https:\/\/www.europesays.com\/fr\/wp-json\/wp\/v2\/users\/2"}],"replies":[{"embeddable":true,"href":"https:\/\/www.europesays.com\/fr\/wp-json\/wp\/v2\/comments?post=80536"}],"version-history":[{"count":0,"href":"https:\/\/www.europesays.com\/fr\/wp-json\/wp\/v2\/posts\/80536\/revisions"}],"wp:featuredmedia":[{"embeddable":true,"href":"https:\/\/www.europesays.com\/fr\/wp-json\/wp\/v2\/media\/80537"}],"wp:attachment":[{"href":"https:\/\/www.europesays.com\/fr\/wp-json\/wp\/v2\/media?parent=80536"}],"wp:term":[{"taxonomy":"category","embeddable":true,"href":"https:\/\/www.europesays.com\/fr\/wp-json\/wp\/v2\/categories?post=80536"},{"taxonomy":"post_tag","embeddable":true,"href":"https:\/\/www.europesays.com\/fr\/wp-json\/wp\/v2\/tags?post=80536"}],"curies":[{"name":"wp","href":"https:\/\/api.w.org\/{rel}","templated":true}]}}