{"id":80539,"date":"2025-05-07T00:07:12","date_gmt":"2025-05-07T00:07:12","guid":{"rendered":"https:\/\/www.europesays.com\/fr\/80539\/"},"modified":"2025-05-07T00:07:12","modified_gmt":"2025-05-07T00:07:12","slug":"koh-lanta-de-la-boue-du-vent-et-une-chute-fatale-ce-quil-fallait-retenir-de-lepisode-11","status":"publish","type":"post","link":"https:\/\/www.europesays.com\/fr\/80539\/","title":{"rendered":"\u00ab\u00a0Koh-Lanta\u00a0\u00bb : de la boue, du vent et une chute fatale\u2026 Ce qu\u2019il fallait retenir de l\u2019\u00e9pisode 11"},"content":{"rendered":"<p>TF1 diffusait l&rsquo;\u00e9pisode 11 de \u00ab\u00a0Koh-Lanta : La Revanche des 4 Terres\u00a0\u00bb mardi soir.Apr\u00e8s Louise la semaine derni\u00e8re, une nouvelle aventuri\u00e8re a \u00e9t\u00e9 \u00e9vinc\u00e9e au conseil.Retrouvez cet \u00e9pisode et tous les meilleurs moments de la saison en streaming sur TF1+<a href=\"https:\/\/www.tf1info.fr\/actualite\/koh-lanta-2025-la-revanche-des-4-terres-candidats-resume-nouvelle-saison-13883\/\" rel=\"noopener\" class=\"jsx-3118104007 Link jsx-1428418400 jsx-798756813\" target=\"_blank\"><\/p>\n<p style=\"font-weight:400\" class=\"jsx-1837267516\">Suivez la couverture compl\u00e8te<\/p>\n<p style=\"font-weight:800\" class=\"jsx-1837267516\">\u00ab\u00a0Koh-Lanta : la revanche des 4 terres\u00a0\u00bb<\/p>\n<p><\/a><\/p>\n<p data-module=\"article-paragraph\" class=\"jsx-362436225 Paragraph\">Rien n\u2019est jamais acquis \u00e0 \u00ab\u00a0Koh-Lanta\u00a0\u00bb. Et ce n\u2019est pas Louise qui dira le contraire ! Apr\u00e8s avoir survol\u00e9 les \u00e9preuves individuelles, <a href=\"https:\/\/www.tf1info.fr\/culture\/programme-tv-tf1-louise-je-tombe-de-haut-cette-aventuriere-de-koh-lanta-est-sous-le-choc-de-son-elimination-2367905.html\" target=\"_blank\" rel=\"noopener\">la jeune \u00e9cogarde du Vercors a \u00e9t\u00e9 \u00e9limin\u00e9e mardi dernier<\/a>, victime de la vengeance de Maxime, le revenant de la tribu de l\u2019Est. Remis en selle apr\u00e8s l\u2019abandon de Fr\u00e9d\u00e9ric et le forfait d\u2019Adrien, le responsable de f\u00e9d\u00e9ration de p\u00eache est remont\u00e9 comme un coucou, bien d\u00e9cid\u00e9 \u00e0 faire payer ceux qui ont mis son nom sur la table lors des ambassadeurs. Louise et Fr\u00e9d\u00e9ric partis, Pierre-Marie et Ma\u00ebl sont donc dans son viseur. \u00ab\u00a0C\u2019est \u0153il pour \u0153il, dent pour dent !\u00a0\u00bb, pr\u00e9vient-il.<\/p>\n<p data-module=\"article-paragraph\" class=\"jsx-362436225 Paragraph Paragraph__End\">Apr\u00e8s une grosse temp\u00eate, les derniers survivants doivent en coudre sur un classique de l\u2019\u00e9mission : l\u2019\u00e9preuve de la boue. En utilisant toute la surface de leur corps, ils doivent remplir un seau afin de faire basculer leur balance en premier. \u00c0 la cl\u00e9, le confort le plus pittoresque de la saison puisqu\u2019il s\u2019agit d\u2019une journ\u00e9e \u00e0 la d\u00e9couverte d\u2019un village traditionnel philippin. Comme souvent avec cette \u00e9preuve, ce sont les \u00ab\u00a0cheveux longs\u00a0\u00bb qui prennent le dessus sur leurs rivaux. Maxime y cro\u00eet fort, mais c\u2019est la Marseillaise Na\u00efs qui triomphe. \u00ab\u00a0Je savais que cette \u00e9preuve \u00e9tait pour moi. Mes cheveux, c\u2019est mes pr\u00e9cieux depuis toujours\u00a0\u00bb, avoue l\u2019\u00e9ducatrice \u00e0 Denis Brogniart.<\/p>\n<p>Ga\u00eblle fait une d\u00e9couverte pr\u00e9cieuse<\/p>\n<p data-module=\"article-paragraph\" class=\"jsx-362436225 Paragraph\">Souvent en marge sur le camp, Na\u00efs doit choisir un aventurier pour partager son confort. Elle h\u00e9site longuement avant de choisir J\u00e9r\u00f4me le Catalan. Mais celui-ci d\u00e9cline l\u2019invitation et c\u00e8de sa place \u00e0 Pierre-Marie. Souvenez-vous : lors de l\u2019\u00e9pisode pr\u00e9c\u00e9dent, ce dernier n\u2019avait pas dig\u00e9r\u00e9 que son vieux coll\u00e8gue de la tribu du Sud pr\u00e9f\u00e8re festoyer avec Joana, l\u2019esth\u00e9ticienne tatou\u00e9e de Seine-Saint-Denis, plut\u00f4t qu\u2019avec. Les voil\u00e0 rabiboch\u00e9s pour de bon, qui sait jusqu\u2019au bout de l\u2019aventure ? Pendant que Pierre-Marie et Na\u00efs d\u00e9couvrent les joies de la vie locale, le reste de la troupe place d\u00e9j\u00e0 ses pions en vue du prochain conseil.\u00a0<\/p>\n<p data-module=\"article-paragraph\" class=\"jsx-362436225 Paragraph Paragraph__End\">Depuis la r\u00e9unification, Ga\u00eblle se m\u00e9fie de tout le monde, ou presque. La maman bodybuild\u00e9e se met donc en qu\u00eate d\u2019un collier d\u2019immunit\u00e9 et le trouve apr\u00e8s d\u2019intenses recherches. Surprise : il la prot\u00e8ge elle, mais aussi les deux membres de la tribu de l\u2019Est encore en jeu, \u00e0 savoir Maxime et C\u00e9line. Ce qui signifie qu\u2019il existe les m\u00eames pour les anciens du Sud, du Nord et de l\u2019Ouest ! Maline, Ga\u00eblle pr\u00e9f\u00e8re ne pas trop \u00e9bruiter cette donn\u00e9e qui pourrait \u00eatre d\u00e9cisive pour la suite de l\u2019aventure. Et le cacher en lieu s\u00fbr. \u00ab\u00a0Dans le soutif ? Pas tr\u00e8s discret\u00a0\u00bb, avoue-t-elle. \u00ab\u00a0Dans le slip ? \u00c7a me fait un zizi !\u00a0\u00bb. Une basket fera finalement l\u2019affaire.<\/p>\n<p>Premi\u00e8re victoire pour Pierre-Marie<\/p>\n<p data-module=\"article-paragraph\" class=\"jsx-362436225 Paragraph\">Apr\u00e8s une intense nuit de temp\u00eate, tout le monde se r\u00e9veille avec les cernes\u2026 Et un feu presque mort. L\u2019omnipr\u00e9sente, Joanna, qui s\u2019en \u00e9tait auto-proclam\u00e9e responsable, est dans le viseur de Ga\u00eblle. \u00ab\u00a0Le feu, on ne peut plus y toucher. Or elle crame tout le bois\u00a0\u00bb, d\u00e9plore la premi\u00e8re. \u00ab\u00a0Et en plus, elle est fourbe. J\u2019en peux plus !\u00a0\u00bb. Les compliments ne sont pas tomb\u00e9s dans l\u2019oreille d\u2019une sourde. \u00ab\u00a0J\u2019ai fait une insomnie, le feu est en vrac alors que je me suis fait chier toute la nuit\u00a0\u00bb, d\u00e9plore-t-elle. \u00ab\u00a0Et je n\u2019ai jamais de remerciements !\u00a0\u00bb. La jeune femme p\u00eacherait-elle par envie de bien faire, elle qui reprochait \u00e0 Andrea sa paresse chronique sur le camp ?\u00a0<\/p>\n<p data-module=\"article-paragraph\" class=\"jsx-362436225 Paragraph Paragraph__End\">En \u00e9quilibre sur une planche amovible, les aventuriers doivent stabiliser une boule sur une rigole qu\u2019ils maintiennent \u00e0 deux mains au bout d\u2019une corde. Malheur au premier qui l\u00e2che : il aura une voix de p\u00e9nalit\u00e9 lors du conseil. Au bout de deux minutes seulement, c\u2019est Joana qui craque. \u00ab\u00a0J\u2019ai \u00e9t\u00e9 lamentable, minable, nulle !\u00a0\u00bb, avouera-t-elle plus tard. Tout l\u2019inverse de Pierre-Marie qui l\u2019emporte lorsque Ma\u00ebl abandonne apr\u00e8s 1h15 d\u2019un exercice de coordination impressionnant sous des bourrasques titanesques. Il faut dire que l\u2019entrepreneur en BTP est un expert des joutes nautiques. \u00ab\u00a0D\u00e8s la premi\u00e8re seconde, je me suis dit que c\u2019\u00e9tait pour moi\u00a0\u00bb, confiera-t-il \u00e0 Denis Brogniart avant de soulever son premier totem individuel de la saison.<\/p>\n<ul class=\"jsx-3657663356 ReadMoreArticle__List flex flex-column\">\n<li class=\"jsx-3657663356\"><a href=\"https:\/\/www.tf1info.fr\/culture\/programme-tf1-koh-lanta-2025-allan-joana-mohamed-andrea-frederic-claire-qui-sont-les-membres-de-la-tribu-du-nord-la-revanche-des-4-terres-2349073.html\" rel=\"noopener\" class=\"jsx-4233824444 Link flex\" target=\"_blank\"><img decoding=\"async\" src=\"https:\/\/www.europesays.com\/fr\/wp-content\/uploads\/2025\/05\/koh-lanta-la-revanche-des-4-terres-tribu-nord-6587b4-0@1x.jpeg\" alt=\"Lire aussi\" loading=\"lazy\" importance=\"low\" fetchpriority=\"low\" class=\"\"\/>\n<p class=\"jsx-3657663356 ReadMoreArticle__Title\">Lire aussi<\/p>\n<p class=\"jsx-3657663356\">VID\u00c9O &#8211; \u00ab\u00a0Koh-Lanta : la revanche des 4 terres\u00a0\u00bb : qui sont les membres de la tribu du Nord ?<\/p>\n<p><\/a><\/li>\n<\/ul>\n<p data-module=\"article-paragraph\" class=\"jsx-362436225 Paragraph Paragraph__End\">De retour sur le camp, Joana comprend vite qu\u2019elle est sur la sellette. En d\u00e9sespoir de cause, elle d\u00e9cide de monter les oranges de l\u2019Ouest et les Verts de l\u2019Est contre Na\u00efs. Peine perdue : avec 11 voix sur 13, l\u2019esth\u00e9ticienne est contrainte de faire ses bagages. \u00ab\u00a0J&rsquo;ai mal jou\u00e9\u00a0\u00bb, d\u00e9plore-t-elle. Seule Claire, son \u00ab\u00a0pilier\u00a0\u00bb dans l\u2019aventure, n\u2019a pas vot\u00e9 contre elle. La fr\u00eale sc\u00e9nographe produit du Val-de-Marne est d\u00e9sormais la derni\u00e8re rescap\u00e9e de la tribu du Nord encore en lice. Sans surprise, elle h\u00e9rite du vote noir de la sortante. Suffisant pour ne pas conna\u00eetre le m\u00eame sort la semaine prochaine ?<\/p>\n<p>J\u00e9r\u00f4me VERMELIN<\/p>\n","protected":false},"excerpt":{"rendered":"TF1 diffusait l&rsquo;\u00e9pisode 11 de \u00ab\u00a0Koh-Lanta : La Revanche des 4 Terres\u00a0\u00bb mardi soir.Apr\u00e8s Louise la semaine derni\u00e8re,&hellip;\n","protected":false},"author":2,"featured_media":80540,"comment_status":"","ping_status":"","sticky":false,"template":"","format":"standard","meta":{"footnotes":""},"categories":[1356],"tags":[18771,1111,11,1921,681,58,59,1011,27,1922,680,500,2041,502,252,199,1364,133,2040],"class_list":{"0":"post-80539","1":"post","2":"type-post","3":"status-publish","4":"format-standard","5":"has-post-thumbnail","7":"category-television","8":"tag-koh-lanta-la-revanche-des-4-terres","9":"tag-actu","10":"tag-actualites","11":"tag-article-video","12":"tag-denis-brogniart","13":"tag-divertissement","14":"tag-entertainment","15":"tag-fr","16":"tag-france","17":"tag-info","18":"tag-koh-lanta","19":"tag-medias","20":"tag-medias-et-divertissement","21":"tag-programme-tv","22":"tag-television","23":"tag-tf1","24":"tag-tv","25":"tag-video","26":"tag-video-culture"},"share_on_mastodon":{"url":"https:\/\/pubeurope.com\/@fr\/114463640340071684","error":""},"_links":{"self":[{"href":"https:\/\/www.europesays.com\/fr\/wp-json\/wp\/v2\/posts\/80539","targetHints":{"allow":["GET"]}}],"collection":[{"href":"https:\/\/www.europesays.com\/fr\/wp-json\/wp\/v2\/posts"}],"about":[{"href":"https:\/\/www.europesays.com\/fr\/wp-json\/wp\/v2\/types\/post"}],"author":[{"embeddable":true,"href":"https:\/\/www.europesays.com\/fr\/wp-json\/wp\/v2\/users\/2"}],"replies":[{"embeddable":true,"href":"https:\/\/www.europesays.com\/fr\/wp-json\/wp\/v2\/comments?post=80539"}],"version-history":[{"count":0,"href":"https:\/\/www.europesays.com\/fr\/wp-json\/wp\/v2\/posts\/80539\/revisions"}],"wp:featuredmedia":[{"embeddable":true,"href":"https:\/\/www.europesays.com\/fr\/wp-json\/wp\/v2\/media\/80540"}],"wp:attachment":[{"href":"https:\/\/www.europesays.com\/fr\/wp-json\/wp\/v2\/media?parent=80539"}],"wp:term":[{"taxonomy":"category","embeddable":true,"href":"https:\/\/www.europesays.com\/fr\/wp-json\/wp\/v2\/categories?post=80539"},{"taxonomy":"post_tag","embeddable":true,"href":"https:\/\/www.europesays.com\/fr\/wp-json\/wp\/v2\/tags?post=80539"}],"curies":[{"name":"wp","href":"https:\/\/api.w.org\/{rel}","templated":true}]}}