{"id":8054,"date":"2025-04-07T14:26:11","date_gmt":"2025-04-07T14:26:11","guid":{"rendered":"https:\/\/www.europesays.com\/fr\/8054\/"},"modified":"2025-04-07T14:26:11","modified_gmt":"2025-04-07T14:26:11","slug":"la-russie-reduit-la-peine-de-prison-dun-soldat-americain","status":"publish","type":"post","link":"https:\/\/www.europesays.com\/fr\/8054\/","title":{"rendered":"La Russie r\u00e9duit la peine de prison d&rsquo;un soldat am\u00e9ricain"},"content":{"rendered":"<p><img decoding=\"async\" class=\"c-ad__placeholder__logo\" src=\"https:\/\/www.europesays.com\/fr\/wp-content\/uploads\/2025\/03\/logo-euronews-grey-6-180x22.svg.svg+xml\" width=\"180\" height=\"22\" alt=\"\" loading=\"lazy\"\/>PUBLICIT\u00c9<\/p>\n<p>C&rsquo;est le dernier signe en date du d\u00e9gel des relations entre Washington et Moscou. Un tribunal russe a r\u00e9duit la peine d&#8217;emprisonnement d&rsquo;un soldat am\u00e9ricain qui avait \u00e9t\u00e9 condamn\u00e9 l&rsquo;ann\u00e9e derni\u00e8re pour vol et menaces de meurtre. <\/p>\n<p>Une peine \u00e9court\u00e9e de 7 mois<\/p>\n<p>Le sergent-chef am\u00e9ricain Gordon Black a \u00e9t\u00e9 condamn\u00e9 par un tribunal de la ville portuaire de Vladivostok en juin 2024 \u00e0 trois ans et neuf mois de prison. Une cour d&rsquo;appel a ramen\u00e9 cette peine \u00e0 trois ans et deux mois, selon les agences de presse russes RIA et TASS.<\/p>\n<p><img decoding=\"async\" src=\"https:\/\/www.europesays.com\/fr\/wp-content\/uploads\/2025\/03\/icon-cross-10x10-grey-6.svg.svg+xml\" width=\"10\" height=\"10\" alt=\"Close advertising\" fetchpriority=\"high\" loading=\"lazy\"\/><\/p>\n<p>Le soldat de 34 ans s&rsquo;\u00e9tait rendu \u00e0 Vladivostok en avril 2024 pour retrouver sa compagne, Alexandra Vashchuk, rencontr\u00e9e en Cor\u00e9e du Sud avant d&rsquo;\u00eatre arr\u00eat\u00e9 le 2 mai cette derni\u00e8re l&rsquo;ayant accus\u00e9 de l&rsquo;avoir vol\u00e9e et d&rsquo;avoir menac\u00e9 de la tuer.<\/p>\n<p>Lors de son proc\u00e8s en juin dernier, Gordon Black a plaid\u00e9 non coupable des menaces de mort qui lui ont \u00e9t\u00e9 imput\u00e9e, mais a admis qu&rsquo;il \u00e9tait partiellement coupable d&rsquo;avoir d\u00e9rob\u00e9 de l&rsquo;argent \u00e0 sa compagne par n\u00e9cessit\u00e9.<\/p>\n<p>Rapprochement de  Moscou et Washington<\/p>\n<p>La r\u00e9duction de la peine intervient dans un contexte d&rsquo;am\u00e9lioration des liens entre les \u00c9tats-Unis et la Russie, le pr\u00e9sident am\u00e9ricain Donald Trump cherchant \u00e0 se rapprocher du pr\u00e9sident russe Vladimir Poutine pour tenter de mettre fin \u00e0 la guerre en Ukraine.<\/p>\n<p>La semaine derni\u00e8re, Kirill Dmitriev, a rencontr\u00e9 des responsables am\u00e9ricains \u00e0 Washington. L&rsquo;envoy\u00e9 de Poutine pour les investissements a b\u00e9n\u00e9fici\u00e9 d&rsquo;une d\u00e9rogation aux sanctions pour que cette visite puisse avoir lieu, la premi\u00e8re, depuis des ann\u00e9es d&rsquo;un haut fonctionnaire russe aux \u00c9tats-Unis. <\/p>\n<p>Un jour avant ces entretiens, Donald Trump a annonc\u00e9 l&rsquo;imposition de droits de douane consid\u00e9rables \u00e0 185 pays et territoires, mais la Russie n&rsquo;a pas \u00e9t\u00e9 incluse dans la liste.<\/p>\n<p>Selon les d\u00e9clarations \u00e0 la cha\u00eene ABC de Kevin Hassett, chef du Conseil \u00e9conomique national de la Maison-Blanche la semaine derni\u00e8re, la Russie aurait \u00e9t\u00e9 \u00e9pargn\u00e9e raison des discussions avec Moscou sur un accord de paix en Ukraine. <\/p>\n<p>En 2024, les \u00e9changes commerciaux entre les \u00c9tats-Unis et la Russie se sont \u00e9lev\u00e9s \u00e0 3,5 milliards de dollars (3,2 milliards d&rsquo;euros), contre environ 36 milliards de dollars (32,8 milliards d&rsquo;euros) en 2021, selon les donn\u00e9es du Bureau du recensement des \u00c9tats-Unis.<\/p>\n<p>Plusieurs soldats am\u00e9ricains emprisonn\u00e9s pas Moscou sous le mandat de Joe Biden<\/p>\n<p>En f\u00e9vrier, la Russie a lib\u00e9r\u00e9 un citoyen am\u00e9ricain, Kalob Byers, qui avait \u00e9t\u00e9 arr\u00eat\u00e9 pour contrebande de drogue, apr\u00e8s que les douaniers de l&rsquo;a\u00e9roport Vnukovo de Moscou ont pr\u00e9tendument avoir trouv\u00e9 de la marmelade parfum\u00e9e au cannabis dans ses bagages.<\/p>\n<p>Le jeune homme de 28 ans a \u00e9t\u00e9 lib\u00e9r\u00e9 quelques jours avant que des repr\u00e9sentants des \u00c9tats-Unis et de la Russie ne se rencontrent en Arabie saoudite pour discuter de l&rsquo;am\u00e9lioration des relations diplomatiques et de la fin de la guerre en Ukraine. <\/p>\n<p>\u00c0 l&rsquo;\u00e9poque, le porte-parole du Kremlin, Dmitri Peskov, avait  indirectement d\u00e9clar\u00e9 que la lib\u00e9ration de Kalob Byers pouvait \u00eatre envisag\u00e9e dans le contexte du \u00ab\u00a0r\u00e9tablissement de l&rsquo;ensemble des relations russo-am\u00e9ricaines\u00a0\u00bb.<\/p>\n<p>Sous l&rsquo;administration de l&rsquo;ancien pr\u00e9sident am\u00e9rcicain Joe Biden, Moscou a emprisonn\u00e9 plusieurs citoyens am\u00e9ricains  Certains d&rsquo;entre eux, comme Paul Whelan, cadre dans la s\u00e9curit\u00e9 d&rsquo;entreprise, Evan Gershkovich, journaliste au Wall Street Journal, et Marc Fogel, enseignant, ont \u00e9t\u00e9 d\u00e9sign\u00e9s par le gouvernement am\u00e9ricain comme d\u00e9tenus \u00e0 tort et lib\u00e9r\u00e9s dans le cadre d&rsquo;\u00e9changes de prisonniers.<\/p>\n<p>Plusieurs autres sont toujours emprisonn\u00e9s en Russie, notamment Ksenia Karelina, qui poss\u00e8de la double nationalit\u00e9, Stephen Hubbard, enseignant \u00e0 la retraite, et le musicien Travis Leake.<\/p>\n","protected":false},"excerpt":{"rendered":"PUBLICIT\u00c9 C&rsquo;est le dernier signe en date du d\u00e9gel des relations entre Washington et Moscou. Un tribunal russe&hellip;\n","protected":false},"author":2,"featured_media":8055,"comment_status":"","ping_status":"","sticky":false,"template":"","format":"standard","meta":{"footnotes":""},"categories":[1591],"tags":[11,271,75,1866,1887,12,4293,1885,1886,132,135],"class_list":{"0":"post-8054","1":"post","2":"type-post","3":"status-publish","4":"format-standard","5":"has-post-thumbnail","7":"category-russie","8":"tag-actualites","9":"tag-crime","10":"tag-donald-trump","11":"tag-etats-unis-damerique","12":"tag-federation-de-russie","13":"tag-news","14":"tag-prisonnier","15":"tag-russia","16":"tag-russian-federation","17":"tag-russie","18":"tag-vladimir-poutine"},"share_on_mastodon":{"url":"https:\/\/pubeurope.com\/@fr\/114297148868042551","error":""},"_links":{"self":[{"href":"https:\/\/www.europesays.com\/fr\/wp-json\/wp\/v2\/posts\/8054","targetHints":{"allow":["GET"]}}],"collection":[{"href":"https:\/\/www.europesays.com\/fr\/wp-json\/wp\/v2\/posts"}],"about":[{"href":"https:\/\/www.europesays.com\/fr\/wp-json\/wp\/v2\/types\/post"}],"author":[{"embeddable":true,"href":"https:\/\/www.europesays.com\/fr\/wp-json\/wp\/v2\/users\/2"}],"replies":[{"embeddable":true,"href":"https:\/\/www.europesays.com\/fr\/wp-json\/wp\/v2\/comments?post=8054"}],"version-history":[{"count":0,"href":"https:\/\/www.europesays.com\/fr\/wp-json\/wp\/v2\/posts\/8054\/revisions"}],"wp:featuredmedia":[{"embeddable":true,"href":"https:\/\/www.europesays.com\/fr\/wp-json\/wp\/v2\/media\/8055"}],"wp:attachment":[{"href":"https:\/\/www.europesays.com\/fr\/wp-json\/wp\/v2\/media?parent=8054"}],"wp:term":[{"taxonomy":"category","embeddable":true,"href":"https:\/\/www.europesays.com\/fr\/wp-json\/wp\/v2\/categories?post=8054"},{"taxonomy":"post_tag","embeddable":true,"href":"https:\/\/www.europesays.com\/fr\/wp-json\/wp\/v2\/tags?post=8054"}],"curies":[{"name":"wp","href":"https:\/\/api.w.org\/{rel}","templated":true}]}}