{"id":805421,"date":"2026-03-17T16:04:14","date_gmt":"2026-03-17T16:04:14","guid":{"rendered":"https:\/\/www.europesays.com\/fr\/805421\/"},"modified":"2026-03-17T16:04:14","modified_gmt":"2026-03-17T16:04:14","slug":"les-3-absents-du-celta-face-a-lol","status":"publish","type":"post","link":"https:\/\/www.europesays.com\/fr\/805421\/","title":{"rendered":"les 3 absents du Celta face \u00e0 l&rsquo;OL"},"content":{"rendered":"<p>                            <img width=\"770\" height=\"433\" src=\"https:\/\/www.europesays.com\/fr\/wp-content\/uploads\/2026\/03\/AFP__20260312__A32U7LD__v1__HighRes__FblEurC3CeltaVigoLyon-770x433.jpg\" class=\"attachment-article size-article wp-post-image\" alt=\"Steeve Kango (OL) face \u00e0 Oscar Mingueza (Celta)\" decoding=\"async\" fetchpriority=\"high\"  \/><\/p>\n<p>Steeve Kango (OL) face \u00e0 Oscar Mingueza (Celta) (Photo by Miguel RIOPA \/ AFP)<\/p>\n<p>Jeudi, le Celta de Vigo se pr\u00e9sentera \u00e0 D\u00e9cines pour le 8e de finale retour face \u00e0 l&rsquo;OL (18h45). Avec trois joueurs en moins, des titulaires r\u00e9guliers. <\/p>\n<p>Nous saurons mercredi si l&rsquo;OL peut r\u00e9cup\u00e9rer<a href=\"https:\/\/www.olympique-et-lyonnais.com\/lol-et-lespoir-de-retrouver-des-armes-offensives-face-au-celta,393110.html\" rel=\"nofollow noopener\" target=\"_blank\"> un ou deux \u00e9l\u00e9ments<\/a> offensifs avant d&rsquo;affronter le Celta de Vigo jeudi (18h45). Ce sera sans doute d\u00e9terminant pour passer ce 8e de finale, car l&rsquo;attaque est aujourd&rsquo;hui un secteur plus que d\u00e9cim\u00e9 chez les Lyonnais. Du c\u00f4t\u00e9 espagnol, il manquera aussi certaines armes, et pas des moindres. Trois footballeurs seront absents \u00e0 D\u00e9cines.<\/p>\n<p>Sans Iglesias, l&rsquo;attaque du Celta affaiblie ?<\/p>\n<p>Exclu \u00e0 l&rsquo;aller (1-1), <a href=\"https:\/\/www.olympique-et-lyonnais.com\/au-parc-ol-le-celta-devra-faire-sans-iglesias-ni-mingueza,392893.html\" rel=\"nofollow noopener\" target=\"_blank\">Borja\u00a0<strong>Iglesias<\/strong><\/a>, avant-centre capital dans le jeu pr\u00f4n\u00e9 par Claudio\u00a0<strong>Giraldez<\/strong>, sera logiquement suspendu. Tout comme le d\u00e9fenseur Oscar\u00a0<strong>Mingueza<\/strong>, qui a \u00e9cop\u00e9 d&rsquo;un carton jaune en d\u00e9but de deuxi\u00e8me p\u00e9riode. Celui de trop, car il le condamne \u00e0 manquer ce match. <\/p>\n<p>Deux titulaires au Bala\u00eddos en moins, c&rsquo;est \u00e0 prendre pour les Rhodaniens. On ajoutera \u00e0 la liste <a href=\"https:\/\/www.olympique-et-lyonnais.com\/le-celta-retrouve-duran-mais-perd-roman-avant-daffronter-lol,392751.html\" rel=\"nofollow noopener\" target=\"_blank\">Miguel\u00a0<strong>Roman<\/strong><\/a>, milieu de terrain aux 20 titularisations cette saison (en 41 rencontres de son \u00e9quipe). Ce dernier s&rsquo;est fractur\u00e9 le m\u00e9tatarse \u00e0 l&rsquo;entra\u00eenement avant la confrontation du 12 mars. Ce ne sont pas encore les neuf absents de l&rsquo;OL au Havre ce week-end, mais cela pourrait peser dans la balance en vue de la qualification.<\/p>\n","protected":false},"excerpt":{"rendered":"Steeve Kango (OL) face \u00e0 Oscar Mingueza (Celta) (Photo by Miguel RIOPA \/ AFP) Jeudi, le Celta de&hellip;\n","protected":false},"author":2,"featured_media":805422,"comment_status":"","ping_status":"","sticky":false,"template":"","format":"standard","meta":{"footnotes":""},"categories":[1410],"tags":[88256,63,1011,27,5843,241,60],"class_list":{"0":"post-805421","1":"post","2":"type-post","3":"status-publish","4":"format-standard","5":"has-post-thumbnail","7":"category-football","8":"tag-celta","9":"tag-football","10":"tag-fr","11":"tag-france","12":"tag-ligue-europa","13":"tag-ol","14":"tag-sports"},"share_on_mastodon":{"url":"https:\/\/pubeurope.com\/@fr\/116245369181588912","error":""},"_links":{"self":[{"href":"https:\/\/www.europesays.com\/fr\/wp-json\/wp\/v2\/posts\/805421","targetHints":{"allow":["GET"]}}],"collection":[{"href":"https:\/\/www.europesays.com\/fr\/wp-json\/wp\/v2\/posts"}],"about":[{"href":"https:\/\/www.europesays.com\/fr\/wp-json\/wp\/v2\/types\/post"}],"author":[{"embeddable":true,"href":"https:\/\/www.europesays.com\/fr\/wp-json\/wp\/v2\/users\/2"}],"replies":[{"embeddable":true,"href":"https:\/\/www.europesays.com\/fr\/wp-json\/wp\/v2\/comments?post=805421"}],"version-history":[{"count":0,"href":"https:\/\/www.europesays.com\/fr\/wp-json\/wp\/v2\/posts\/805421\/revisions"}],"wp:featuredmedia":[{"embeddable":true,"href":"https:\/\/www.europesays.com\/fr\/wp-json\/wp\/v2\/media\/805422"}],"wp:attachment":[{"href":"https:\/\/www.europesays.com\/fr\/wp-json\/wp\/v2\/media?parent=805421"}],"wp:term":[{"taxonomy":"category","embeddable":true,"href":"https:\/\/www.europesays.com\/fr\/wp-json\/wp\/v2\/categories?post=805421"},{"taxonomy":"post_tag","embeddable":true,"href":"https:\/\/www.europesays.com\/fr\/wp-json\/wp\/v2\/tags?post=805421"}],"curies":[{"name":"wp","href":"https:\/\/api.w.org\/{rel}","templated":true}]}}