{"id":80549,"date":"2025-05-07T00:12:11","date_gmt":"2025-05-07T00:12:11","guid":{"rendered":"https:\/\/www.europesays.com\/fr\/80549\/"},"modified":"2025-05-07T00:12:11","modified_gmt":"2025-05-07T00:12:11","slug":"meghan-markle-publie-une-nouvelle-photo-du-prince-archie-pour-ses-six-ans","status":"publish","type":"post","link":"https:\/\/www.europesays.com\/fr\/80549\/","title":{"rendered":"Meghan Markle publie une nouvelle photo du prince Archie pour ses six ans"},"content":{"rendered":"<p>Le prince Archie f\u00eate ses 6 ans ce 6 mai. Pour l\u2019occasion, Meghan Markle a partag\u00e9 une nouvelle photo du petit gar\u00e7on, qui a bien grandi.<\/p>\n<p class=\"fig-paragraph\">\u00abO\u00f9 est pass\u00e9 le temps\u00a0?\u00bb C\u2019est avec cette question que\u00a0<a href=\"https:\/\/madame.lefigaro.fr\/tag\/meghan-markle\" target=\"_blank\" rel=\"noopener\" data-gtm-custom-categorie=\"navigation\" data-gtm-custom-action=\"crossclick\" data-gtm-custom-label=\"Contextuel\" data-gtm-event=\"customEventSPE\">Meghan Markle<\/a>\u00a0a souhait\u00e9 les six ans de son fils a\u00een\u00e9, le prince Archie, qui f\u00eatait son sixi\u00e8me anniversaire ce 6 mai.<\/p>\n<p class=\"fig-paragraph\">Le clich\u00e9 partag\u00e9 sur son compte personnel montre le plus si petit gar\u00e7on de dos dans un pyjama marini\u00e8re ray\u00e9 bleu et blanc, en train de regarder le coucher de soleil sur un balcon au-dessus de l\u2019oc\u00e9an. Parfaitement centr\u00e9, le soleil orang\u00e9 forme un halo autour de sa t\u00eate. \u00abNotre fils. Notre soleil\u00bb, a-t-elle l\u00e9gend\u00e9 sous la publication. \u00abJoyeux 6e anniversaire \u00e0 Archie\u00a0!\u00bb<\/p>\n<p class=\"fig-body-link&#10;    \">\n            \u00c0 lire aussi<br \/>\n        <a class=\"fig-body-link__link\" href=\"http:\/\/madame.lefigaro.fr\/celebrites\/actu-people\/meghan-markle-publie-une-rare-photo-du-prince-harry-avec-ses-enfants-lilibet-et-archie-loin-du-tumulte-royal-20250504\" data-fig-type=\"Article\" data-gtm-custom-categorie=\"navigation\" data-gtm-custom-action=\"crossclick\" data-gtm-custom-label=\"Contextuel\" data-gtm-event=\"customEventSPE\" data-fig-domain=\"MADAME\" target=\"_blank\" rel=\"noopener\">Meghan Markle publie une rare photo du prince Harry avec leurs enfants, Lilibet et Archie, loin du tumulte royal<\/a>\n<\/p>\n<p class=\"fig-paragraph\">Un geste de moins en moins rare depuis que la duchesse de Sussex poss\u00e8de son compte Instagram personnel, qu\u2019elle a ouvert au mois de janvier 2025. Dans son hommage, elle a \u00e9galement tenu \u00e0 sinc\u00e8rement remercier ses abonn\u00e9s \u00abpour tout l\u2019amour, les pri\u00e8res et les v\u0153ux chaleureux pour notre doux petit gar\u00e7on\u00bb.<\/p>\n<p>F\u00eate d\u2019anniversaire secr\u00e8te<\/p>\n<p class=\"fig-paragraph\">En plus de d\u00e9clarer son amour \u00e0 son fils, l\u2019\u00e9pouse du\u00a0<a href=\"https:\/\/madame.lefigaro.fr\/tag\/prince-harry\" target=\"_blank\" rel=\"noopener\" data-gtm-custom-categorie=\"navigation\" data-gtm-custom-action=\"crossclick\" data-gtm-custom-label=\"Contextuel\" data-gtm-event=\"customEventSPE\">prince Harry<\/a>\u00a0a donn\u00e9 un indice sur la fa\u00e7on dont la famille Sussex a c\u00e9l\u00e9br\u00e9 l\u2019anniversaire du petit gar\u00e7on. \u00abEt pour tous ceux d\u2019entre vous qui sont venus c\u00e9l\u00e9brer avec nous lors de sa f\u00eate le week-end dernier, merci d\u2019avoir rendu son anniversaire si incroyablement sp\u00e9cial\u00bb, a-t-elle ajout\u00e9, entre parenth\u00e8ses.<\/p>\n<p class=\"fig-paragraph\">Si l\u2019on ne conna\u00eet pas les invit\u00e9s, on se doute que le\u00a0<a href=\"https:\/\/madame.lefigaro.fr\/tag\/charles-iii\" target=\"_blank\" rel=\"noopener\" data-gtm-custom-categorie=\"navigation\" data-gtm-custom-action=\"crossclick\" data-gtm-custom-label=\"Contextuel\" data-gtm-event=\"customEventSPE\">roi Charles III<\/a>\u00a0et le\u00a0<a href=\"https:\/\/madame.lefigaro.fr\/tag\/prince-william\" target=\"_blank\" rel=\"noopener\" data-gtm-custom-categorie=\"navigation\" data-gtm-custom-action=\"crossclick\" data-gtm-custom-label=\"Contextuel\" data-gtm-event=\"customEventSPE\">prince William<\/a>\u00a0n\u2019\u00e9taient pas convi\u00e9s \u00e0 l\u2019anniversaire du prince Archie. Et les deux enfants du couple Sussex ne sont pas pr\u00e8s de revoir leur famille britannique. Alors que le prince Harry vient de perdre son appel concernant sa s\u00e9curit\u00e9 au Royaume-Uni, ce dernier a d\u00e9clar\u00e9 qu\u2019il ne se voyait pas y revenir avec sa femme et ses deux enfants. \u00abCe qu\u2019ils vont rater\u00a0? Absolument tout, a-t-il d\u00e9clar\u00e9 lors d\u2019un entretien vid\u00e9o avec la\u00a0<a href=\"http:\/\/madame.lefigaro.fr\/celebrites\/actu-people\/securite-rancoeurs-fantome-de-lady-di-ce-qu-il-faut-retenir-de-l-interview-choc-du-prince-harry-pour-la-bbc-20250503\" data-fig-type=\"Article\" data-gtm-custom-categorie=\"navigation\" data-gtm-custom-action=\"crossclick\" data-gtm-custom-label=\"Contextuel\" data-gtm-event=\"customEventSPE\" data-fig-domain=\"MADAME\" target=\"_blank\" rel=\"noopener\">BBC<\/a> . (&#8230;) Le Royaume-Uni me manque, certaines choses l\u00e0-bas me manquent profond\u00e9ment. Et c\u2019est vraiment triste de ne pas pouvoir faire d\u00e9couvrir mon pays natal \u00e0 mes enfants.\u00bb<\/p>\n","protected":false},"excerpt":{"rendered":"Le prince Archie f\u00eate ses 6 ans ce 6 mai. Pour l\u2019occasion, Meghan Markle a partag\u00e9 une nouvelle&hellip;\n","protected":false},"author":2,"featured_media":80550,"comment_status":"","ping_status":"","sticky":false,"template":"","format":"standard","meta":{"footnotes":""},"categories":[8],"tags":[253,2594,3581,15521,970,2593,972,1696,650,58,59,849,638,1011,27,2173,977,908,873,973,974],"class_list":{"0":"post-80549","1":"post","2":"type-post","3":"status-publish","4":"format-standard","5":"has-post-thumbnail","7":"category-divertissement","8":"tag-acteur","9":"tag-actrice","10":"tag-anniversaire","11":"tag-archie-harrison-mountbatten-windsor","12":"tag-aristo-co","13":"tag-artiste","14":"tag-celebrite","15":"tag-chanteur","16":"tag-cinema","17":"tag-divertissement","18":"tag-entertainment","19":"tag-festival","20":"tag-figaro","21":"tag-fr","22":"tag-france","23":"tag-interview","24":"tag-madame","25":"tag-meghan-markle","26":"tag-musique","27":"tag-people","28":"tag-star"},"share_on_mastodon":{"url":"https:\/\/pubeurope.com\/@fr\/114463660314481116","error":""},"_links":{"self":[{"href":"https:\/\/www.europesays.com\/fr\/wp-json\/wp\/v2\/posts\/80549","targetHints":{"allow":["GET"]}}],"collection":[{"href":"https:\/\/www.europesays.com\/fr\/wp-json\/wp\/v2\/posts"}],"about":[{"href":"https:\/\/www.europesays.com\/fr\/wp-json\/wp\/v2\/types\/post"}],"author":[{"embeddable":true,"href":"https:\/\/www.europesays.com\/fr\/wp-json\/wp\/v2\/users\/2"}],"replies":[{"embeddable":true,"href":"https:\/\/www.europesays.com\/fr\/wp-json\/wp\/v2\/comments?post=80549"}],"version-history":[{"count":0,"href":"https:\/\/www.europesays.com\/fr\/wp-json\/wp\/v2\/posts\/80549\/revisions"}],"wp:featuredmedia":[{"embeddable":true,"href":"https:\/\/www.europesays.com\/fr\/wp-json\/wp\/v2\/media\/80550"}],"wp:attachment":[{"href":"https:\/\/www.europesays.com\/fr\/wp-json\/wp\/v2\/media?parent=80549"}],"wp:term":[{"taxonomy":"category","embeddable":true,"href":"https:\/\/www.europesays.com\/fr\/wp-json\/wp\/v2\/categories?post=80549"},{"taxonomy":"post_tag","embeddable":true,"href":"https:\/\/www.europesays.com\/fr\/wp-json\/wp\/v2\/tags?post=80549"}],"curies":[{"name":"wp","href":"https:\/\/api.w.org\/{rel}","templated":true}]}}