{"id":80560,"date":"2025-05-07T00:18:28","date_gmt":"2025-05-07T00:18:28","guid":{"rendered":"https:\/\/www.europesays.com\/fr\/80560\/"},"modified":"2025-05-07T00:18:28","modified_gmt":"2025-05-07T00:18:28","slug":"chambon-feugerolles-sans-permis-il-est-controle-en-possession-de-cannabis-et-de-cocaine","status":"publish","type":"post","link":"https:\/\/www.europesays.com\/fr\/80560\/","title":{"rendered":"Chambon-Feugerolles. Sans permis, il est contr\u00f4l\u00e9 en possession de cannabis et de coca\u00efne"},"content":{"rendered":"<p>Mercredi 30\u00a0avril, les policiers de la Brigade anticriminalit\u00e9 ont proc\u00e9d\u00e9 au contr\u00f4le d\u2019un v\u00e9hicule de type Citro\u00ebn Picasso alors qu\u2019ils circulaient rue James-Jackson au Chambon-Feugerolles. Les fonctionnaires ont d\u00e9couvert que le chauffeur, \u00e2g\u00e9 de 21 ans, roulait alors que son permis de conduire \u00e9tait annul\u00e9.<\/p>\n<p>  400\u00a0euros en liquide et deux t\u00e9l\u00e9phones portables<\/p>\n<p>De plus, le jeune homme a remis aux repr\u00e9sentants des forces de l\u2019ordre pr\u00e8s d\u2019une vingtaine de grammes de cannabis. Mais ces derniers, intrigu\u00e9s par l\u2019odeur qui s\u2019\u00e9chappe de l\u2019habitacle, vont d\u00e9couvrir que le conducteur est en possession d\u2019une certaine quantit\u00e9 d\u2019autres produits stup\u00e9fiants.<\/p>\n<p>En effet, au total, les \u00e9quipes de la BAC ont mis la main sur pr\u00e8s de 75 grammes de r\u00e9sine de cannabis, 6 grammes d\u2019herbe de cannabis et 7 grammes de coca\u00efne. Les agents de police ont \u00e9galement d\u00e9couvert 400\u00a0euros en liquide et deux t\u00e9l\u00e9phones portables.<\/p>\n<p>Interpell\u00e9 et plac\u00e9 en garde \u00e0 vue, le jeune homme a, \u00e0 l\u2019issue, \u00e9t\u00e9 pr\u00e9sent\u00e9 devant le tribunal correctionnel de Saint-Etienne dans le cadre d\u2019une proc\u00e9dure en comparution imm\u00e9diate. De source polici\u00e8re, il a \u00e9t\u00e9 condamn\u00e9 \u00e0 une peine de 8 mois de prison ferme avec placement en d\u00e9tention.<\/p>\n<p class=\"note\">Conform\u00e9ment \u00e0 notre charte (disponible sur <a href=\"https:\/\/www.leprogres.fr\/societe\/2023\/02\/09\/faits-divers-et-justice-notre-charte-editoriale\" target=\"_blank\" rel=\"nofollow noopener\">www.leprogres.fr<\/a>), nous mentionnons l\u2019identit\u00e9 des personnes condamn\u00e9es \u00e0 partir d\u2019un an de prison ferme avec mandat de d\u00e9p\u00f4t, ou de deux ans de prison (ferme ou avec sursis).<\/p>\n","protected":false},"excerpt":{"rendered":"Mercredi 30\u00a0avril, les policiers de la Brigade anticriminalit\u00e9 ont proc\u00e9d\u00e9 au contr\u00f4le d\u2019un v\u00e9hicule de type Citro\u00ebn Picasso&hellip;\n","protected":false},"author":2,"featured_media":80561,"comment_status":"","ping_status":"","sticky":false,"template":"","format":"standard","meta":{"footnotes":""},"categories":[9653],"tags":[1111,11,2430,271,272,7539,1777,674,274,1011,27,3367,12,25,4001,7538],"class_list":{"0":"post-80560","1":"post","2":"type-post","3":"status-publish","4":"format-standard","5":"has-post-thumbnail","7":"category-saint-etienne","8":"tag-actu","9":"tag-actualites","10":"tag-auvergne-rhone-alpes","11":"tag-crime","12":"tag-delit-et-contravention","13":"tag-edition-loire-sud","14":"tag-eu","15":"tag-europe","16":"tag-faits-divers-justice","17":"tag-fr","18":"tag-france","19":"tag-loire","20":"tag-news","21":"tag-republique-francaise","22":"tag-saint-etienne","23":"tag-saint-etienne-ville"},"share_on_mastodon":{"url":"https:\/\/pubeurope.com\/@fr\/114463683732122609","error":""},"_links":{"self":[{"href":"https:\/\/www.europesays.com\/fr\/wp-json\/wp\/v2\/posts\/80560","targetHints":{"allow":["GET"]}}],"collection":[{"href":"https:\/\/www.europesays.com\/fr\/wp-json\/wp\/v2\/posts"}],"about":[{"href":"https:\/\/www.europesays.com\/fr\/wp-json\/wp\/v2\/types\/post"}],"author":[{"embeddable":true,"href":"https:\/\/www.europesays.com\/fr\/wp-json\/wp\/v2\/users\/2"}],"replies":[{"embeddable":true,"href":"https:\/\/www.europesays.com\/fr\/wp-json\/wp\/v2\/comments?post=80560"}],"version-history":[{"count":0,"href":"https:\/\/www.europesays.com\/fr\/wp-json\/wp\/v2\/posts\/80560\/revisions"}],"wp:featuredmedia":[{"embeddable":true,"href":"https:\/\/www.europesays.com\/fr\/wp-json\/wp\/v2\/media\/80561"}],"wp:attachment":[{"href":"https:\/\/www.europesays.com\/fr\/wp-json\/wp\/v2\/media?parent=80560"}],"wp:term":[{"taxonomy":"category","embeddable":true,"href":"https:\/\/www.europesays.com\/fr\/wp-json\/wp\/v2\/categories?post=80560"},{"taxonomy":"post_tag","embeddable":true,"href":"https:\/\/www.europesays.com\/fr\/wp-json\/wp\/v2\/tags?post=80560"}],"curies":[{"name":"wp","href":"https:\/\/api.w.org\/{rel}","templated":true}]}}