{"id":80577,"date":"2025-05-07T00:29:38","date_gmt":"2025-05-07T00:29:38","guid":{"rendered":"https:\/\/www.europesays.com\/fr\/80577\/"},"modified":"2025-05-07T00:29:38","modified_gmt":"2025-05-07T00:29:38","slug":"seyssinet-pariset-un-programme-qui-roule-pour-la-fete-du-velo","status":"publish","type":"post","link":"https:\/\/www.europesays.com\/fr\/80577\/","title":{"rendered":"Seyssinet-Pariset. Un programme qui roule pour la f\u00eate du v\u00e9lo\u00a0!"},"content":{"rendered":"<p>Mardi 13\u00a0mai, de 16\u00a0h\u00a030 \u00e0 19\u00a0h, place de la Fauconni\u00e8re, se d\u00e9roulera la f\u00eate du v\u00e9lo.<\/p>\n<p>Cet \u00e9v\u00e9nement s\u2019inscrit dans la c\u00e9l\u00e9bration printani\u00e8re Faites du V\u00e9lo, organis\u00e9e par le Syndicat mixte des mobilit\u00e9s de l\u2019aire grenobloise (SMMAG).<\/p>\n<p>Des manifestations locales telle que celle de Seyssinet-Pariset auront lieu dans toute la r\u00e9gion grenobloise tout le mois de mai, pour c\u00e9l\u00e9brer le v\u00e9lo sous toutes ses formes\u00a0: utilitaire, loisir, sportif, aventure. Au programme\u00a0: activit\u00e9s ludiques, physiques ou culturelles, des d\u00e9fis, un spectacle et des ateliers, pour mettre \u00ab\u00a0la p\u00e9dale douce durant quelques heures\u00a0\u00bb et passer des moments conviviaux et chaleureux\u00a0!<\/p>\n","protected":false},"excerpt":{"rendered":"Mardi 13\u00a0mai, de 16\u00a0h\u00a030 \u00e0 19\u00a0h, place de la Fauconni\u00e8re, se d\u00e9roulera la f\u00eate du v\u00e9lo. Cet \u00e9v\u00e9nement&hellip;\n","protected":false},"author":2,"featured_media":80578,"comment_status":"","ping_status":"","sticky":false,"template":"","format":"standard","meta":{"footnotes":""},"categories":[9566],"tags":[1111,11,2430,1687,207,112,1777,674,1011,27,2731,12278,12,25,16735,104],"class_list":{"0":"post-80577","1":"post","2":"type-post","3":"status-publish","4":"format-standard","5":"has-post-thumbnail","7":"category-grenoble","8":"tag-actu","9":"tag-actualites","10":"tag-auvergne-rhone-alpes","11":"tag-culture-loisirs","12":"tag-cyclisme","13":"tag-edition-grenoble-agglomeration","14":"tag-eu","15":"tag-europe","16":"tag-fr","17":"tag-france","18":"tag-grenoble","19":"tag-lagglomeration-et-le-vercors","20":"tag-news","21":"tag-republique-francaise","22":"tag-seyssinet-pariset","23":"tag-societe"},"share_on_mastodon":{"url":"https:\/\/pubeurope.com\/@fr\/114463726844301445","error":""},"_links":{"self":[{"href":"https:\/\/www.europesays.com\/fr\/wp-json\/wp\/v2\/posts\/80577","targetHints":{"allow":["GET"]}}],"collection":[{"href":"https:\/\/www.europesays.com\/fr\/wp-json\/wp\/v2\/posts"}],"about":[{"href":"https:\/\/www.europesays.com\/fr\/wp-json\/wp\/v2\/types\/post"}],"author":[{"embeddable":true,"href":"https:\/\/www.europesays.com\/fr\/wp-json\/wp\/v2\/users\/2"}],"replies":[{"embeddable":true,"href":"https:\/\/www.europesays.com\/fr\/wp-json\/wp\/v2\/comments?post=80577"}],"version-history":[{"count":0,"href":"https:\/\/www.europesays.com\/fr\/wp-json\/wp\/v2\/posts\/80577\/revisions"}],"wp:featuredmedia":[{"embeddable":true,"href":"https:\/\/www.europesays.com\/fr\/wp-json\/wp\/v2\/media\/80578"}],"wp:attachment":[{"href":"https:\/\/www.europesays.com\/fr\/wp-json\/wp\/v2\/media?parent=80577"}],"wp:term":[{"taxonomy":"category","embeddable":true,"href":"https:\/\/www.europesays.com\/fr\/wp-json\/wp\/v2\/categories?post=80577"},{"taxonomy":"post_tag","embeddable":true,"href":"https:\/\/www.europesays.com\/fr\/wp-json\/wp\/v2\/tags?post=80577"}],"curies":[{"name":"wp","href":"https:\/\/api.w.org\/{rel}","templated":true}]}}