{"id":80603,"date":"2025-05-07T00:44:16","date_gmt":"2025-05-07T00:44:16","guid":{"rendered":"https:\/\/www.europesays.com\/fr\/80603\/"},"modified":"2025-05-07T00:44:16","modified_gmt":"2025-05-07T00:44:16","slug":"laventure-de-remy-cabella-au-losc-va-prendre-fin-france-lille-osc","status":"publish","type":"post","link":"https:\/\/www.europesays.com\/fr\/80603\/","title":{"rendered":"L\u2019aventure de R\u00e9my Cabella au LOSC va prendre fin &#8211; France &#8211; Lille OSC"},"content":{"rendered":"<p>Ciao (Ca)bella !<\/p>\n<p>Clap de fin dans le Nord pour R\u00e9my Cabella. Le milieu offensif de 35 ans a annonc\u00e9 ce mardi, sur son deuxi\u00e8me terrain pr\u00e9f\u00e9r\u00e9, Instagram, <strong>qu\u2019il quitterait Lille \u00e0 la fin de la saison<\/strong>. Et donc \u00e0 la fin de son contrat, puisqu\u2019il est li\u00e9 avec les Dogues jusqu\u2019en juin prochain.<\/p>\n<p>Destination la Gr\u00e8ce ?<\/p>\n<p>Revenu en Ligue 1 en 2022 via la porte lilloise <a target=\"_blank\" href=\"https:\/\/www.sofoot.com\/articles\/cabella-ma-famille-dit-remy-tu-ne-retournes-pas-en-russie-cest-mort-entretien-france\" rel=\"nofollow noopener\">apr\u00e8s son aventure russe<\/a>, <strong>l\u2019ancien champion de France 2012 avec Montpellier aura disput\u00e9 105 matchs avec le club du Nord,<\/strong> claquant au passage 11 buts.\u00a0\u00ab\u202fJe serai toujours reconnaissant envers le LOSC pour la confiance et la chance de vivre tous ces grands moments de ma carri\u00e8re. Je suis fier d\u2019avoir port\u00e9 ce maillot et ces couleurs qui sont grav\u00e9es en moi\u202f\u00bb, a-t-il \u00e9crit, visiblement \u00e9mu, sur Instagram.<\/p>\n<p>La suite ? <a target=\"_blank\" href=\"https:\/\/www.sofoot.com\/breves\/remy-cabella-se-dirige-vers-lolympiakos\" rel=\"nofollow noopener\">Elle pourrait s\u2019\u00e9crire du c\u00f4t\u00e9 de l\u2019Olympiakos, en Gr\u00e8ce<\/a>, selon L\u2019\u00c9quipe. L\u2019occasion pour lui de d\u00e9couvrir un quatri\u00e8me championnat, apr\u00e8s la France, l\u2019Angleterre et la Russie, et de rego\u00fbter aux joutes europ\u00e9ennes <a target=\"_blank\" href=\"https:\/\/www.sofoot.com\/breves\/apres-deux-ans-de-disette-lolympiakos-redevient-champion-de-grece\" rel=\"nofollow noopener\">avec le r\u00e9cent champion de Gr\u00e8ce<\/a>.<\/p>\n<p>On a connu pire fin de carri\u00e8re.<\/p>\n<p>\t\t\t\t\t\t\t\t\t\t<a class=\"lien-connexe\" href=\"https:\/\/www.sofoot.com\/breves\/mercato-lom-en-pince-pour-angel-gomes-losc\" rel=\"nofollow noopener\" target=\"_blank\">L\u2019OM en pince pour Angel Gomes<\/a>\t\t\t\t\t<\/p>\n","protected":false},"excerpt":{"rendered":"Ciao (Ca)bella ! Clap de fin dans le Nord pour R\u00e9my Cabella. Le milieu offensif de 35 ans&hellip;\n","protected":false},"author":2,"featured_media":80604,"comment_status":"","ping_status":"","sticky":false,"template":"","format":"standard","meta":{"footnotes":""},"categories":[2815],"tags":[1111,47,11,61,69,65,64,1777,674,63,1011,27,811,68,66,1307,12,62,70,25,67],"class_list":{"0":"post-80603","1":"post","2":"type-post","3":"status-publish","4":"format-standard","5":"has-post-thumbnail","7":"category-lille","8":"tag-actu","9":"tag-actualite","10":"tag-actualites","11":"tag-actus-football","12":"tag-bundesliga","13":"tag-championnats-europeens","14":"tag-equipe-de-france","15":"tag-eu","16":"tag-europe","17":"tag-football","18":"tag-fr","19":"tag-france","20":"tag-hauts-de-france","21":"tag-ligua","22":"tag-ligue-1","23":"tag-lille","24":"tag-news","25":"tag-news-foot","26":"tag-premier-league","27":"tag-republique-francaise","28":"tag-serie-a"},"share_on_mastodon":{"url":"https:\/\/pubeurope.com\/@fr\/114463785865780853","error":""},"_links":{"self":[{"href":"https:\/\/www.europesays.com\/fr\/wp-json\/wp\/v2\/posts\/80603","targetHints":{"allow":["GET"]}}],"collection":[{"href":"https:\/\/www.europesays.com\/fr\/wp-json\/wp\/v2\/posts"}],"about":[{"href":"https:\/\/www.europesays.com\/fr\/wp-json\/wp\/v2\/types\/post"}],"author":[{"embeddable":true,"href":"https:\/\/www.europesays.com\/fr\/wp-json\/wp\/v2\/users\/2"}],"replies":[{"embeddable":true,"href":"https:\/\/www.europesays.com\/fr\/wp-json\/wp\/v2\/comments?post=80603"}],"version-history":[{"count":0,"href":"https:\/\/www.europesays.com\/fr\/wp-json\/wp\/v2\/posts\/80603\/revisions"}],"wp:featuredmedia":[{"embeddable":true,"href":"https:\/\/www.europesays.com\/fr\/wp-json\/wp\/v2\/media\/80604"}],"wp:attachment":[{"href":"https:\/\/www.europesays.com\/fr\/wp-json\/wp\/v2\/media?parent=80603"}],"wp:term":[{"taxonomy":"category","embeddable":true,"href":"https:\/\/www.europesays.com\/fr\/wp-json\/wp\/v2\/categories?post=80603"},{"taxonomy":"post_tag","embeddable":true,"href":"https:\/\/www.europesays.com\/fr\/wp-json\/wp\/v2\/tags?post=80603"}],"curies":[{"name":"wp","href":"https:\/\/api.w.org\/{rel}","templated":true}]}}