{"id":80615,"date":"2025-05-07T00:51:17","date_gmt":"2025-05-07T00:51:17","guid":{"rendered":"https:\/\/www.europesays.com\/fr\/80615\/"},"modified":"2025-05-07T00:51:17","modified_gmt":"2025-05-07T00:51:17","slug":"suivi-physique-psychique-paris-va-accueillir-le-premier-centre-de-soins-dedie-aux-enfants-victimes-de-violences","status":"publish","type":"post","link":"https:\/\/www.europesays.com\/fr\/80615\/","title":{"rendered":"Suivi physique, psychique\u2026 Paris va accueillir le premier centre de soins d\u00e9di\u00e9 aux enfants victimes de violences"},"content":{"rendered":"<p class=\"paragraph text_align_left\">C\u00e9line Greco porte le nom d\u2019une h\u00e9ro\u00efne. \u00c0 l\u2019instar du personnage principal du best-seller italien \u00ab L\u2019amie prodigieuse \u00bb,<a href=\"https:\/\/www.leparisien.fr\/societe\/famille\/leffet-des-maltraitances-cest-comme-tchernobyl-celine-greco-la-madame-sante-des-anciens-de-lase-24-06-2024-JIRYHODH3ZASVOT4PFYFKP5G7M.php\" target=\"_blank\" rel=\"nofollow noopener\"> la professeure de m\u00e9decine \u00e0 l\u2019h\u00f4pital Necker-Enfants malades<\/a> (Paris XVe) et pr\u00e9sidente de l\u2019association Im\u2019pactes, est un exemple de r\u00e9silience miraculeuse. L\u2019h\u00e9ro\u00efne de sa propre vie. Celle aussi d\u00e9sormais des enfants qui, comme elle l\u2019a tristement v\u00e9cu avant eux, font l\u2019objet d\u2019un placement ou d\u2019un suivi de <a href=\"https:\/\/www.leparisien.fr\/faits-divers\/laide-sociale-a-lenfance-impuissante-face-a-des-tres-jeunes-dealers-determines-05-02-2024-K2GHHLK555FKDAKII4HAVFAYMA.php\" target=\"_self\" rel=\"nofollow noopener\">la protection de l\u2019enfance<\/a>.<\/p>\n<p class=\"paragraph text_align_left\">D\u00e8s septembre, ils pourront gr\u00e2ce \u00e0 son \u00ab combat d\u2019une vie \u00bb b\u00e9n\u00e9ficier de soins ajust\u00e9s \u00e0 leurs traumas complexes. Un suivi physique et psychique ainsi qu\u2019un accompagnement scolaire et culturel dans le tout premier centre d\u2019appui d\u00e9di\u00e9 aux enfants de l\u2019Aide sociale \u00e0 l\u2019enfance \u00e0 Paris.<\/p>\n","protected":false},"excerpt":{"rendered":"C\u00e9line Greco porte le nom d\u2019une h\u00e9ro\u00efne. \u00c0 l\u2019instar du personnage principal du best-seller italien \u00ab L\u2019amie prodigieuse&hellip;\n","protected":false},"author":2,"featured_media":80616,"comment_status":"","ping_status":"","sticky":false,"template":"","format":"standard","meta":{"footnotes":""},"categories":[1888],"tags":[1111,1928,11,1927,1777,674,1011,27,1944,12,1926,626,1925,25,104],"class_list":{"0":"post-80615","1":"post","2":"type-post","3":"status-publish","4":"format-standard","5":"has-post-thumbnail","7":"category-paris","8":"tag-actu","9":"tag-actu-paris","10":"tag-actualites","11":"tag-actualites-paris","12":"tag-eu","13":"tag-europe","14":"tag-fr","15":"tag-france","16":"tag-ma-ville","17":"tag-news","18":"tag-news-paris","19":"tag-paris","20":"tag-paris-news","21":"tag-republique-francaise","22":"tag-societe"},"share_on_mastodon":{"url":"https:\/\/pubeurope.com\/@fr\/114463813387462624","error":""},"_links":{"self":[{"href":"https:\/\/www.europesays.com\/fr\/wp-json\/wp\/v2\/posts\/80615","targetHints":{"allow":["GET"]}}],"collection":[{"href":"https:\/\/www.europesays.com\/fr\/wp-json\/wp\/v2\/posts"}],"about":[{"href":"https:\/\/www.europesays.com\/fr\/wp-json\/wp\/v2\/types\/post"}],"author":[{"embeddable":true,"href":"https:\/\/www.europesays.com\/fr\/wp-json\/wp\/v2\/users\/2"}],"replies":[{"embeddable":true,"href":"https:\/\/www.europesays.com\/fr\/wp-json\/wp\/v2\/comments?post=80615"}],"version-history":[{"count":0,"href":"https:\/\/www.europesays.com\/fr\/wp-json\/wp\/v2\/posts\/80615\/revisions"}],"wp:featuredmedia":[{"embeddable":true,"href":"https:\/\/www.europesays.com\/fr\/wp-json\/wp\/v2\/media\/80616"}],"wp:attachment":[{"href":"https:\/\/www.europesays.com\/fr\/wp-json\/wp\/v2\/media?parent=80615"}],"wp:term":[{"taxonomy":"category","embeddable":true,"href":"https:\/\/www.europesays.com\/fr\/wp-json\/wp\/v2\/categories?post=80615"},{"taxonomy":"post_tag","embeddable":true,"href":"https:\/\/www.europesays.com\/fr\/wp-json\/wp\/v2\/tags?post=80615"}],"curies":[{"name":"wp","href":"https:\/\/api.w.org\/{rel}","templated":true}]}}