{"id":80617,"date":"2025-05-07T00:52:10","date_gmt":"2025-05-07T00:52:10","guid":{"rendered":"https:\/\/www.europesays.com\/fr\/80617\/"},"modified":"2025-05-07T00:52:10","modified_gmt":"2025-05-07T00:52:10","slug":"plus-de-2-000-policiers-mobilises-a-paris-pour-psg-arsenal-2","status":"publish","type":"post","link":"https:\/\/www.europesays.com\/fr\/80617\/","title":{"rendered":"plus de 2.000 policiers mobilis\u00e9s \u00e0 Paris pour PSG-Arsenal"},"content":{"rendered":"<p>Le match devrait drainer un public consid\u00e9rable. Le Parc des Princes sera complet et un public nombreux est attendu aux abords du stade et surtout, en cas de victoire, les supporters du PSG pourraient se retrouver sur les Champs-\u00c9lys\u00e9es.<\/p>\n<p class=\"fig-paragraph\">Plus de 2.000 policiers seront mobilis\u00e9s mercredi 7 mai au soir \u00e0 Paris pour s\u00e9curiser la demi-finale retour de la Ligue des champions\u00a0<a href=\"http:\/\/www.lefigaro.fr\/sports\/football\/ligue-des-champions\/ligue-des-champions-psg-arsenal-rendez-vous-avec-l-histoire-20250506\" data-fig-type=\"Article\" data-gtm-custom-categorie=\"navigation\" data-gtm-custom-action=\"crossclick\" data-gtm-custom-label=\"Contextuel\" data-gtm-event=\"customEventSPE\" data-fig-domain=\"LEFIGARO\" target=\"_blank\" rel=\"noopener\">PSG-Arsenal<\/a>, qui constitue une occasion historique pour le club parisien de se qualifier pour la finale de la comp\u00e9tition europ\u00e9enne. Ce match devrait drainer un public consid\u00e9rable. Le Parc des Princes sera complet et un public nombreux est attendu aux abords du stade et surtout, en cas de victoire des Parisiens, les supporters du PSG pourraient se retrouver sur les Champs-\u00c9lys\u00e9es pour f\u00eater l&rsquo;\u00e9v\u00e9nement.<\/p>\n<p class=\"fig-paragraph\">Dans ce contexte, la pr\u00e9fecture de police (PP) a pr\u00e9vu de mobiliser \u00abplus de 2.000 policiers autour du Parc des Princes, comme sur les lieux habituels de rassemblements \u00e0 Paris comme en petite couronne ainsi que dans les gares, les stations et lignes susceptibles d&rsquo;accueillir des spectateurs et supporters.\u00bb \u00abAucun d\u00e9bordement ne sera tol\u00e9r\u00e9\u00bb, a pr\u00e9venu la PP, qui mettra en place un \u00abdispositif de protection autour du Parc\u00bb et un autre autour des \u00abChamps-\u00c9lys\u00e9es (du 7 au 9 mai), dans le cadre des mesures pr\u00e9paratoires li\u00e9es \u00e0 la c\u00e9r\u00e9monie de comm\u00e9moration du 8 mai 1945.\u00bb<\/p>\n<p class=\"fig-paragraph\">Dans la soir\u00e9e, la pr\u00e9fecture de police a insist\u00e9 sur le fait que \u00abseuls les d\u00e9tenteurs de billets pourront acc\u00e9der au p\u00e9rim\u00e8tre de protection qui sera instaur\u00e9 aux abords du stade\u00bb. \u00abNous invitons donc vivement les supporters sans billet \u00e0 ne pas chercher \u00e0 rejoindre le Parc\u00bb, a poursuivi la PP dans un communiqu\u00e9, en ajoutant qu&rsquo;\u00abaucun rassemblement \u00e0 proximit\u00e9 du Parc des Princes ne sera donc permis pour les supporters sans billets, contrairement \u00e0 ce qui peut \u00eatre relay\u00e9 sur les r\u00e9seaux sociaux\u00bb.<\/p>\n","protected":false},"excerpt":{"rendered":"Le match devrait drainer un public consid\u00e9rable. Le Parc des Princes sera complet et un public nombreux est&hellip;\n","protected":false},"author":2,"featured_media":80618,"comment_status":"","ping_status":"","sticky":false,"template":"","format":"standard","meta":{"footnotes":""},"categories":[1888],"tags":[1111,1928,47,1058,1054,1059,1060,1055,11,1927,5357,1057,1777,674,118,63,1011,27,1061,303,447,12,1926,626,1925,1062,93,25,656,104,1056,809],"class_list":{"0":"post-80617","1":"post","2":"type-post","3":"status-publish","4":"format-standard","5":"has-post-thumbnail","7":"category-paris","8":"tag-actu","9":"tag-actu-paris","10":"tag-actualite","11":"tag-actualite-education","12":"tag-actualite-france","13":"tag-actualite-justice","14":"tag-actualite-securite","15":"tag-actualite-societe","16":"tag-actualites","17":"tag-actualites-paris","18":"tag-arsenal","19":"tag-education","20":"tag-eu","21":"tag-europe","22":"tag-faits-divers","23":"tag-football","24":"tag-fr","25":"tag-france","26":"tag-immigration","27":"tag-justice","28":"tag-ligue-des-champions","29":"tag-news","30":"tag-news-paris","31":"tag-paris","32":"tag-paris-news","33":"tag-polemique","34":"tag-psg","35":"tag-republique-francaise","36":"tag-securite","37":"tag-societe","38":"tag-societe-francaise","39":"tag-violence"},"share_on_mastodon":{"url":"https:\/\/pubeurope.com\/@fr\/114463817301568390","error":""},"_links":{"self":[{"href":"https:\/\/www.europesays.com\/fr\/wp-json\/wp\/v2\/posts\/80617","targetHints":{"allow":["GET"]}}],"collection":[{"href":"https:\/\/www.europesays.com\/fr\/wp-json\/wp\/v2\/posts"}],"about":[{"href":"https:\/\/www.europesays.com\/fr\/wp-json\/wp\/v2\/types\/post"}],"author":[{"embeddable":true,"href":"https:\/\/www.europesays.com\/fr\/wp-json\/wp\/v2\/users\/2"}],"replies":[{"embeddable":true,"href":"https:\/\/www.europesays.com\/fr\/wp-json\/wp\/v2\/comments?post=80617"}],"version-history":[{"count":0,"href":"https:\/\/www.europesays.com\/fr\/wp-json\/wp\/v2\/posts\/80617\/revisions"}],"wp:featuredmedia":[{"embeddable":true,"href":"https:\/\/www.europesays.com\/fr\/wp-json\/wp\/v2\/media\/80618"}],"wp:attachment":[{"href":"https:\/\/www.europesays.com\/fr\/wp-json\/wp\/v2\/media?parent=80617"}],"wp:term":[{"taxonomy":"category","embeddable":true,"href":"https:\/\/www.europesays.com\/fr\/wp-json\/wp\/v2\/categories?post=80617"},{"taxonomy":"post_tag","embeddable":true,"href":"https:\/\/www.europesays.com\/fr\/wp-json\/wp\/v2\/tags?post=80617"}],"curies":[{"name":"wp","href":"https:\/\/api.w.org\/{rel}","templated":true}]}}