{"id":806188,"date":"2026-03-17T23:38:11","date_gmt":"2026-03-17T23:38:11","guid":{"rendered":"https:\/\/www.europesays.com\/fr\/806188\/"},"modified":"2026-03-17T23:38:11","modified_gmt":"2026-03-17T23:38:11","slug":"le-nantes-bh-intense-en-defense-fait-la-belle-operation-face-a-chalons-reims","status":"publish","type":"post","link":"https:\/\/www.europesays.com\/fr\/806188\/","title":{"rendered":"le Nantes BH, intense en d\u00e9fense, fait la belle op\u00e9ration face \u00e0 Ch\u00e2lons-Reims"},"content":{"rendered":"<p>Une r\u00e9ponse de caract\u00e8re. <a href=\"https:\/\/www.ouest-france.fr\/sport\/basket\/nantes-hermine\/basket-ball-elite-2-on-est-catastrophique-depuis-deux-mois-face-a-chalons-reims-lhermine-doit-durcir-le-ton-9114564c-2135-11f1-9955-6d8ac04e7ab9\" target=\"_blank\" rel=\"nofollow noopener\">Tanc\u00e9s par leur entra\u00eeneur r\u00e9clamant plus de duret\u00e9 d\u00e9fensive,<\/a> ce week-end apr\u00e8s<a href=\"https:\/\/www.ouest-france.fr\/sport\/basket\/nantes-hermine\/basket-ball-elite-2-on-perd-ce-match-en-premiere-mi-temps-pas-de-nouvel-exploit-pour-nantes-a-blois-f1445048-1f29-11f1-a6e8-58f5162ee52a\" target=\"_blank\" rel=\"nofollow noopener\"> le revers 105-99 \u00e0 Blois <\/a>et plusieurs semaines d\u00e9licates, les Nantais ont re\u00e7u le message. Et l\u2019ont appliqu\u00e9 de belle mani\u00e8re en atomisant le Champagne Basket 95-72, pourtant 5e avant la rencontre, ce mardi 17 mars 2026.<br \/>Mieux, battus de 15\u00a0longueurs \u00e0 l\u2019aller\u00a0(86-71), ils r\u00e9cup\u00e8rent le point-average particulier et, bien que 11es, reviennent \u00e0 une victoire. M\u00e9rit\u00e9, tant la prestation collective du Nantes Basket Hermine est aboutie. En t\u00e9moignent les \u00e9valuations\u00a0: 121 \u00e0 61\u00a0!<\/p>\n<p>On voit qu\u2019on peut d\u00e9fendre et mettre des points. On les a us\u00e9s, tout le monde a \u00e9t\u00e9 intense, dur. Quand on se sacrifie collectivement en d\u00e9fense, en g\u00e9n\u00e9ral \u00e7a suit, savoure un R\u00e9my Valin, l\u00e9gitimement ravi de sa soir\u00e9e.<\/p>\n<p>Vendredi, ses joueurs avaient encaiss\u00e9 61\u00a0points \u00e0 la mi-temps. Ce mardi, au m\u00eame moment, le compteur s\u2019est arr\u00eat\u00e9 \u00e0 30. Comme quoi, quand on y met les intentions\u2026 \u00c9videmment, la cl\u00e9 du match. Car cette intensit\u00e9 d\u00e9fensive a rythm\u00e9 la partition des locaux. On avait besoin de \u00e7a. Avec les entames de matches, c\u2019\u00e9tait notre d\u00e9faut, r\u00e9sume, lui, David Gassaud.Si on s\u2019am\u00e9liore sur ces deux points-l\u00e0, on pourra atteindre notre objectif.<\/p>\n<p>        \u00ab\u00a0Si on s\u2019am\u00e9liore sur ces deux points-l\u00e0, on pourra atteindre notre objectif\u00a0\u00bb<\/p>\n<p>En tout cas, hier, l\u2019Hermine a fait mal \u00e0 un adversaire de standing mais vuln\u00e9rable et dans le dur\u00a0\u00bb, selon son entra\u00eeneur Vincent Dumestre. Intense sur l\u2019homme et sous l\u2019arceau, dans le tempo, elle a pris le match par le bon bout. Les Champenois, pris quant \u00e0 eux \u00e0 la gorge, semblaient impuissants\u00a0(7-1, 3e\u00a0; 26-17, 12e). Tout ne fut pourtant pas toujours parfait. <br \/>Le temps faible qui suivait, un 8-0\u00a0(26-25, 15e), alli\u00e9 \u00e0 la 3e\u00a0faute du meneur Bourhis, aurait pu d\u00e9r\u00e9gler un NBH brouillon et bouscul\u00e9.<\/p>\n<p>\u00c0 l\u2019image des 11\u00a0balles perdues en une mi-temps et une difficult\u00e9 r\u00e9currente \u00e0 acc\u00e9der au cercle. Mais les partenaires de Mienandi ont conserv\u00e9 cette envie collective pour atteindre un p\u00e9cule de dix unit\u00e9s \u00e0 la pause\u00a0(40-30). Et m\u00eame 15\u00a0apr\u00e8s une reprise du m\u00eame acabit\u00a0(45-30, 22e).<\/p>\n<p>Rebelote, tout cet excellent travail aurait pu \u00eatre g\u00e2ch\u00e9 en cinq minutes.<\/p>\n<p>Ils perdaient le fil dans du jeu individuel et encaissaient un 12-0\u00a0(52-51, 27e). Mais, l\u00e0 aussi, ce n\u2019\u00e9tait qu\u2019une alerte. Et finalement, pour le Champagne Basket, c\u2019\u00e9tait le chant du cygne. Car la furia nantaise s\u2019est abattue sur les visiteurs. Kangudia et Gassaud survolt\u00e9s\u00a0(20 et 23\u00a0pts), Soliman sortant de sa bo\u00eete\u00a0(22\u00a0d\u2019\u00e9valuation en 27\u2019) et une \u00e9quipe au diapason ont roul\u00e9 sur une \u00e9quipe aux abois, \u00e9teinte. <br \/>Un 22-0\u00a0cinq minutes plus tard, la partie \u00e9tait termin\u00e9e\u00a0(74-51, 32e).\u00a040\u00a0minutes d\u2019investissement, c\u2019est ce qu\u2019on doit reproduire pendant un mois et demi. Les play-offs ont commenc\u00e9, lance R\u00e9my Valin.<\/p>\n<p>Il faut faire des s\u00e9ries, embraye David Gassaud. Cela commence d\u00e8s vendredi \u00e0 Caen, sans Nathan Soliman et face \u00e0 une vieille connaissance du NBH, Jean-Baptiste Lecrsonier.<\/p>\n<p>Nantes BH \u2013 Ch\u00e2lons-Reims<\/p>\n<p>95-72<\/p>\n<p>(23-17, 17-13, 26-21, 29-21)<br \/>Spectateurs\u00a0: 2003<\/p>\n<p>NBH\u00a0: Mienandi 10, Van Eyck 14, Dossou 2, Kangudia 20, Bourhis 7\u00a0puis Palo 5, Soliman 12, Manerlax 2, Gassaud 23, Farkas 0, Boum 0.<\/p>\n<p>CB\u00a0: Radnic 3, Givance 11, Galliou 4, Oke 3, Hamon-Crespin 13\u00a0puis Milosevic 10, Grotzinger 16, Kayouloud 2, Keita 6, Avea 4. Joueur \u00e9limin\u00e9\u00a0: Hamon-Crespin\u00a0(39e)<\/p>\n","protected":false},"excerpt":{"rendered":"Une r\u00e9ponse de caract\u00e8re. Tanc\u00e9s par leur entra\u00eeneur r\u00e9clamant plus de duret\u00e9 d\u00e9fensive, ce week-end apr\u00e8s le revers&hellip;\n","protected":false},"author":2,"featured_media":806189,"comment_status":"","ping_status":"","sticky":false,"template":"","format":"standard","meta":{"footnotes":"","_share_on_mastodon":"0"},"categories":[2818],"tags":[1111,11,1465,88322,7944,1777,674,1011,27,87659,766,12,2636,4243,25,96],"class_list":["post-806188","post","type-post","status-publish","format-standard","has-post-thumbnail","category-nantes","tag-actu","tag-actualites","tag-basket","tag-chalons-en-champagne","tag-elite-2","tag-eu","tag-europe","tag-fr","tag-france","tag-hermine-nantes","tag-nantes","tag-news","tag-pays-de-la-loire","tag-reims","tag-republique-francaise","tag-une"],"share_on_mastodon":{"url":"https:\/\/pubeurope.com\/@fr\/116247154243864196","error":""},"_links":{"self":[{"href":"https:\/\/www.europesays.com\/fr\/wp-json\/wp\/v2\/posts\/806188","targetHints":{"allow":["GET"]}}],"collection":[{"href":"https:\/\/www.europesays.com\/fr\/wp-json\/wp\/v2\/posts"}],"about":[{"href":"https:\/\/www.europesays.com\/fr\/wp-json\/wp\/v2\/types\/post"}],"author":[{"embeddable":true,"href":"https:\/\/www.europesays.com\/fr\/wp-json\/wp\/v2\/users\/2"}],"replies":[{"embeddable":true,"href":"https:\/\/www.europesays.com\/fr\/wp-json\/wp\/v2\/comments?post=806188"}],"version-history":[{"count":0,"href":"https:\/\/www.europesays.com\/fr\/wp-json\/wp\/v2\/posts\/806188\/revisions"}],"wp:featuredmedia":[{"embeddable":true,"href":"https:\/\/www.europesays.com\/fr\/wp-json\/wp\/v2\/media\/806189"}],"wp:attachment":[{"href":"https:\/\/www.europesays.com\/fr\/wp-json\/wp\/v2\/media?parent=806188"}],"wp:term":[{"taxonomy":"category","embeddable":true,"href":"https:\/\/www.europesays.com\/fr\/wp-json\/wp\/v2\/categories?post=806188"},{"taxonomy":"post_tag","embeddable":true,"href":"https:\/\/www.europesays.com\/fr\/wp-json\/wp\/v2\/tags?post=806188"}],"curies":[{"name":"wp","href":"https:\/\/api.w.org\/{rel}","templated":true}]}}