{"id":80619,"date":"2025-05-07T00:53:15","date_gmt":"2025-05-07T00:53:15","guid":{"rendered":"https:\/\/www.europesays.com\/fr\/80619\/"},"modified":"2025-05-07T00:53:15","modified_gmt":"2025-05-07T00:53:15","slug":"un-ado-de-17-ans-tue-son-frere-apres-une-dispute-a-villeneuve-entre-jumeaux-cela-semble-encore-plus-aberrant","status":"publish","type":"post","link":"https:\/\/www.europesays.com\/fr\/80619\/","title":{"rendered":"Un ado de 17 ans tue son fr\u00e8re apr\u00e8s une dispute \u00e0 Villeneuve : \u00ab\u00a0Entre jumeaux, cela semble encore plus aberrant\u00a0\u00bb\u00a0"},"content":{"rendered":"<p class=\"paragraph text_align_left\">\u00ab Je les connaissais mais c\u2019est impossible. Pas eux, pas comme cela\u2026 On en est s\u00fbr, d\u2019ailleurs ? \u00bb Cette voisine est KO debout en d\u00e9couvrant le drame et elle n\u2019est pas la seule. Ce mardi apr\u00e8s-midi, c\u2019est un sentiment d\u2019incompr\u00e9hension qui r\u00e8gne dans les quartiers sud de <a href=\"https:\/\/www.leparisien.fr\/hauts-de-seine-92\/villeneuve-la-garenne-92390\/\" target=\"_self\" rel=\"noopener\">Villeneuve-la-Garenne <\/a>(Hauts-de-Seine), \u00e0 quelques dizaines de m\u00e8tres du commissariat de police.<\/p>\n<p class=\"paragraph text_align_left\">Quelques heures plus t\u00f4t, un adolescent de 17 ans s\u2019est \u00e9croul\u00e9 dehors, all\u00e9e des Fr\u00e8res-Lumi\u00e8re, une plaie b\u00e9ante \u00e0 la gorge. Le gar\u00e7on n\u2019a pas surv\u00e9cu \u00e0 ses blessures.<\/p>\n","protected":false},"excerpt":{"rendered":"\u00ab Je les connaissais mais c\u2019est impossible. Pas eux, pas comme cela\u2026 On en est s\u00fbr, d\u2019ailleurs ?&hellip;\n","protected":false},"author":2,"featured_media":80620,"comment_status":"","ping_status":"","sticky":false,"template":"","format":"standard","meta":{"footnotes":""},"categories":[1888],"tags":[11,1777,674,118,1011,27,3314,1944,12,626,25],"class_list":{"0":"post-80619","1":"post","2":"type-post","3":"status-publish","4":"format-standard","5":"has-post-thumbnail","7":"category-paris","8":"tag-actualites","9":"tag-eu","10":"tag-europe","11":"tag-faits-divers","12":"tag-fr","13":"tag-france","14":"tag-hauts-de-seine","15":"tag-ma-ville","16":"tag-news","17":"tag-paris","18":"tag-republique-francaise"},"share_on_mastodon":{"url":"https:\/\/pubeurope.com\/@fr\/114463821375706597","error":""},"_links":{"self":[{"href":"https:\/\/www.europesays.com\/fr\/wp-json\/wp\/v2\/posts\/80619","targetHints":{"allow":["GET"]}}],"collection":[{"href":"https:\/\/www.europesays.com\/fr\/wp-json\/wp\/v2\/posts"}],"about":[{"href":"https:\/\/www.europesays.com\/fr\/wp-json\/wp\/v2\/types\/post"}],"author":[{"embeddable":true,"href":"https:\/\/www.europesays.com\/fr\/wp-json\/wp\/v2\/users\/2"}],"replies":[{"embeddable":true,"href":"https:\/\/www.europesays.com\/fr\/wp-json\/wp\/v2\/comments?post=80619"}],"version-history":[{"count":0,"href":"https:\/\/www.europesays.com\/fr\/wp-json\/wp\/v2\/posts\/80619\/revisions"}],"wp:featuredmedia":[{"embeddable":true,"href":"https:\/\/www.europesays.com\/fr\/wp-json\/wp\/v2\/media\/80620"}],"wp:attachment":[{"href":"https:\/\/www.europesays.com\/fr\/wp-json\/wp\/v2\/media?parent=80619"}],"wp:term":[{"taxonomy":"category","embeddable":true,"href":"https:\/\/www.europesays.com\/fr\/wp-json\/wp\/v2\/categories?post=80619"},{"taxonomy":"post_tag","embeddable":true,"href":"https:\/\/www.europesays.com\/fr\/wp-json\/wp\/v2\/tags?post=80619"}],"curies":[{"name":"wp","href":"https:\/\/api.w.org\/{rel}","templated":true}]}}