{"id":80621,"date":"2025-05-07T00:54:15","date_gmt":"2025-05-07T00:54:15","guid":{"rendered":"https:\/\/www.europesays.com\/fr\/80621\/"},"modified":"2025-05-07T00:54:15","modified_gmt":"2025-05-07T00:54:15","slug":"marine-tondelier-veut-lunion-la-plus-large-possible-de-la-gauche-face-a-la-droite","status":"publish","type":"post","link":"https:\/\/www.europesays.com\/fr\/80621\/","title":{"rendered":"Marine Tondelier veut l\u2019union \u201cla plus large possible\u201d de la gauche face \u00e0 la droite"},"content":{"rendered":"<p class=\"latino-300b text-grey-800\">\n<p>  Par\u00a0<br \/>\nLe Nouvel Obs avec AFP          <\/p>\n<p class=\"latino-300r text-grey-600\">\n      Publi\u00e9 le<\/p>\n<p>    6 mai 2025 \u00e0 21h51<\/p>\n<p>      <img fetchpriority=\"high\" decoding=\"async\" class=\"mx-auto\" src=\"data:image\/svg+xml,%3Csvg%20xmlns%3D%27http%3A%2F%2Fwww.w3.org%2F2000%2Fsvg%27%20fill%3D%22%23e4e4e4%22%20viewBox%3D%270%200%20510%20340%27%20width%3D%22510%22%20height%3D%22340%22%3E%3Cpath%20d%3D%27M0%200h510v340H0z%27%2F%3E%3C%2Fsvg%3E\"  loading=\"eager\" width=\"510\" height=\"340\" data-oncrawl-image-size=\"510x340\" alt=\"Marien Tondelier \u00e0 Paris, le 17\u00a0d\u00e9cembre 2024.\"\/>      <\/p>\n<p class=\"latino-100m text-grey-600\">\n            Marien Tondelier \u00e0 Paris, le 17\u00a0d\u00e9cembre 2024.\u00a0LOU BENOIST \/ AFP        <\/p>\n<p>    Lire\u00a0plus\u00a0tard  <\/p>\n<p><a aria-label=\"Nous suivre sur Google News\" href=\"https:\/\/news.google.com\/publications\/CAAqBwgKMJe4nQkw3dFs?hl=fr&amp;gl=FR&amp;ceid=FR%3Afr\" target=\"_blank\" data-piano=\"Page_Article,Sous_date_publi,Nous_suivre_sur_google_news,1er_clic,action\" class=\"btn btn--small btn--secondary\" rel=\"noopener\"><\/p>\n<p>      Google Actualit\u00e9s<br \/>\n  <\/a><\/p>\n<p>  Partager<\/p>\n<p>        Facebook<\/p>\n<p>        Bluesky<\/p>\n<p>        E-mail<\/p>\n<p>        Copier le lien<\/p>\n<p>      Envoyer<\/p>\n<p>    Temps de lecture\u00a0:\u00a01\u00a0min.<\/p>\n<p class=\"node__paragraphe antonia-750r text-grey-800 pb-20 pb-md-30\">\nLa secr\u00e9taire nationale des Ecologistes Marine Tondelier a pr\u00f4n\u00e9 ce mardi 6\u00a0mai l\u2019union \u00ab\u00a0la plus large possible\u00a0\u00bb de la gauche aux \u00e9lections municipales \u00e0 Paris, LFI comprise, pour ne \u00ab\u00a0pas laisser les cl\u00e9s\u00a0\u00bb de la capitale \u00e0 Rachida Dati.<\/p>\n<p class=\"node__paragraphe antonia-750r text-grey-800 pb-20 pb-md-30\">\nComme pour la prochaine pr\u00e9sidentielle, \u00ab\u00a0nous voulons les unions les plus larges possibles\u00a0\u00bb en vue des municipales de 2026, a expos\u00e9 la patronne des \u00e9cologistes lors d\u2019une conf\u00e9rence de presse avec David Belliard, chef de file du parti pour les municipales \u00e0 Paris.<\/p>\n<p class=\"node__paragraphe antonia-750r text-grey-800 pb-20 pb-md-30\">\n\u00ab\u00a0Ce qu\u2019on fait \u00e0 Paris est aussi un d\u00e9monstrateur de ce qu\u2019on va faire pour la France. Il y a ici le risque qu\u2019une ville de gauche bascule \u00e0 droite. On va tout faire pour que \u00e7a n\u2019arrive pas. On n\u2019a pas pr\u00e9vu de laisser les cl\u00e9s \u00e0 Rachida Dati\u00a0\u00bb, la ministre de la Culture et candidate d\u2019opposition potentielle \u00e0 Paris, a affirm\u00e9 Marine Tondelier.<\/p>\n<p class=\"latino-500b text-grey-600 pb-15\">A lire aussi<\/p>\n<p><a href=\"https:\/\/www.nouvelobs.com\/politique\/20250323.OBS101828\/municipales-2026-10-choses-a-savoir-sur-david-belliard-le-candidat-ecologiste-a-la-mairie-de-paris.html\" data-article-key=\"20250323.OBS101828\" class=\"link--box flex-grow-1\" data-piano=\"Page_Article,Lire_aussi,,Lien1,navigation\" target=\"_blank\" rel=\"noopener\"><\/p>\n<p>                <img decoding=\"async\" src=\"data:image\/svg+xml,%3Csvg%20xmlns%3D%27http%3A%2F%2Fwww.w3.org%2F2000%2Fsvg%27%20fill%3D%22%23e4e4e4%22%20viewBox%3D%270%200%20120%2080%27%20width%3D%22120%22%20height%3D%2280%22%3E%3Cpath%20d%3D%27M0%200h120v80H0z%27%2F%3E%3C%2Fsvg%3E\"  width=\"120\" height=\"79\" loading=\"lazy\" alt=\"L\u2019adjoint au maire de Paris charg\u00e9 des transports, David Belliard, \u00e0 Paris le 4\u00a0novembre 2024. \"\/><\/p>\n<p class=\"latino-300r latino-lg-600m text-grey-800\">\n                      <strong class=\"latino-300b latino-lg-600m text-grey-500\">Portrait\u00a0<\/strong><br \/>\n                    Municipales 2026\u00a0: 10 choses \u00e0 savoir sur David Belliard, le candidat \u00e9cologiste \u00e0 la mairie de Paris        <\/p>\n<p><\/a><\/p>\n<p>    Lire\u00a0plus\u00a0tard  <\/p>\n<p class=\"node__paragraphe antonia-750r text-grey-800 pb-20 pb-md-30\">\n\u00ab\u00a0On n\u2019a pas pr\u00e9vu de laisser les uns et les autres [\u2026] d\u00e9penser plus d\u2019\u00e9nergie dans leur campagne \u00e0 se taper les uns sur les autres qu\u2019\u00e0 combattre nos adversaires,\u00a0\u00bb a ajout\u00e9 la cheffe des Ecologistes, r\u00e9cemment r\u00e9\u00e9lue \u00e0 la t\u00eate de son parti.<\/p>\n<p>\u00ab\u00a0L\u2019effet \u00e9pouvantail \u00e0 Paris, c\u2019est d\u2019abord la droite\u00a0\u00bb<\/p>\n<p class=\"node__paragraphe antonia-750r text-grey-800 pb-20 pb-md-30\">\nDavid Belliard a adress\u00e9 ce mardi un courrier \u00e0 l\u2019ensemble des forces de gauche et \u00e9cologistes de la capitale (PS, PCF, LFI, Place publique, syndicats, ONG\u2026), qu\u2019il appelle \u00ab\u00a0solennellement \u00e0 ouvrir une d\u00e9marche commune\u00a0\u00bb d\u00e8s le premier tour. L\u2019adjoint \u00e9cologiste \u00e0 l\u2019H\u00f4tel de ville a d\u00e9j\u00e0 rencontr\u00e9 le chef de file des communistes parisiens, le s\u00e9nateur Ian Brossat. \u00ab\u00a0Je ne sais pas encore qui va repr\u00e9senter LFI, tout comme au PS\u00a0\u00bb, o\u00f9 une primaire interne doit d\u00e9signer le 30\u00a0juin le successeur d\u2019Anne Hidalgo.<\/p>\n<p class=\"node__paragraphe antonia-750r text-grey-800 pb-20 pb-md-30\">\nLes deux pr\u00e9tendants socialistes, R\u00e9mi F\u00e9raud et Emmanuel Gr\u00e9goire, ont chacun <a href=\"https:\/\/www.nouvelobs.com\/politique\/20250407.OBS102444\/municipales-2026-a-paris-place-publique-investit-son-chef-de-file-et-entend-unir-a-gauche-sans-lfi.html\" target=\"_blank\" rel=\"noopener\">exclu toute alliance avec LFI<\/a>.<\/p>\n<p class=\"latino-500b text-grey-600 pb-15\">A lire aussi<\/p>\n<p><a href=\"https:\/\/www.nouvelobs.com\/politique\/20250312.OBS101329\/municipales-2026-a-paris-comment-une-visite-chez-sarkozy-a-enterre-la-relation-entre-anne-hidalgo-et-emmanuel-gregoire.html\" data-article-key=\"20250312.OBS101329\" class=\"link--box flex-grow-1\" data-piano=\"Page_Article,Lire_aussi,,Lien2,navigation\" target=\"_blank\" rel=\"noopener\"><\/p>\n<p>                <img decoding=\"async\" src=\"data:image\/svg+xml,%3Csvg%20xmlns%3D%27http%3A%2F%2Fwww.w3.org%2F2000%2Fsvg%27%20fill%3D%22%23e4e4e4%22%20viewBox%3D%270%200%20120%2080%27%20width%3D%22120%22%20height%3D%2280%22%3E%3Cpath%20d%3D%27M0%200h120v80H0z%27%2F%3E%3C%2Fsvg%3E\"  width=\"120\" height=\"80\" loading=\"lazy\" alt=\"Anne Hidalgo et Nicolas Sarkozy aux Parc des Princes, le 6\u00a0septembre 2022. \"\/><\/p>\n<p class=\"latino-300r latino-lg-600m text-grey-800\">\n                      <strong class=\"latino-300b latino-lg-600m text-grey-500\">R\u00e9cit\u00a0<\/strong><br \/>\n                    Municipales 2026 \u00e0 Paris\u00a0: comment une visite chez Sarkozy a enterr\u00e9 la relation entre Anne Hidalgo et Emmanuel Gr\u00e9goire        <\/p>\n<p><\/a><\/p>\n<p>    Lire\u00a0plus\u00a0tard  <\/p>\n<p class=\"node__paragraphe antonia-750r text-grey-800 pb-20 pb-md-30\">\n\u00ab\u00a0Notre objectif, c\u2019est de convaincre tout le monde avec la strat\u00e9gie de l\u2019entonnoir, qui est de s\u2019int\u00e9resser d\u2019abord au projet\u00a0\u00bb, a plaid\u00e9 David Belliard. \u00ab\u00a0L\u2019effet \u00e9pouvantail \u00e0 Paris, c\u2019est d\u2019abord la droite\u00a0\u00bb, et pas LFI, a comment\u00e9 l\u2019\u00e9lu du 11e arrondissement, alors qu\u2019un livre-enqu\u00eate, \u00ab\u00a0La Meute\u00a0\u00bb, a r\u00e9v\u00e9l\u00e9 les m\u00e9thodes de fonctionnement d\u00e9j\u00e0 tr\u00e8s d\u00e9cri\u00e9es du parti de Jean-Luc M\u00e9lenchon.<\/p>\n<p class=\"node__paragraphe antonia-750r text-grey-800 pb-20 pb-md-30\">\n\u00ab\u00a0Oui, l\u2019union, c\u2019est compliqu\u00e9. Mais si on d\u00e9cide que c\u2019est surmontable, on le surmonte. C\u2019est ce qu\u2019on a fait avec le NFP\u00a0\u00bb, a fait valoir Marine Tondelier, appelant la gauche \u00e0 retrouver le m\u00eame \u00ab\u00a0instinct de survie\u00a0\u00bb qu\u2019aux l\u00e9gislatives de 2024.<\/p>\n<p class=\"latino-600m text-grey-800\">\n<p>  Par\u00a0<br \/>\nLe Nouvel Obs avec AFP    <\/p>\n","protected":false},"excerpt":{"rendered":"Par\u00a0 Le Nouvel Obs avec AFP Publi\u00e9 le 6 mai 2025 \u00e0 21h51 Marien Tondelier \u00e0 Paris, le&hellip;\n","protected":false},"author":2,"featured_media":80622,"comment_status":"","ping_status":"","sticky":false,"template":"","format":"standard","meta":{"footnotes":""},"categories":[1888],"tags":[17,11,18785,1777,674,1011,27,3790,6128,3554,12,626,316,25,18786,4403,9870],"class_list":{"0":"post-80621","1":"post","2":"type-post","3":"status-publish","4":"format-standard","5":"has-post-thumbnail","7":"category-paris","8":"tag-17","9":"tag-actualites","10":"tag-elections-municipales-de-2026","11":"tag-eu","12":"tag-europe","13":"tag-fr","14":"tag-france","15":"tag-large","16":"tag-marine","17":"tag-municipales","18":"tag-news","19":"tag-paris","20":"tag-politique","21":"tag-republique-francaise","22":"tag-tondelier","23":"tag-union","24":"tag-veut"},"share_on_mastodon":{"url":"https:\/\/pubeurope.com\/@fr\/114463825192741793","error":""},"_links":{"self":[{"href":"https:\/\/www.europesays.com\/fr\/wp-json\/wp\/v2\/posts\/80621","targetHints":{"allow":["GET"]}}],"collection":[{"href":"https:\/\/www.europesays.com\/fr\/wp-json\/wp\/v2\/posts"}],"about":[{"href":"https:\/\/www.europesays.com\/fr\/wp-json\/wp\/v2\/types\/post"}],"author":[{"embeddable":true,"href":"https:\/\/www.europesays.com\/fr\/wp-json\/wp\/v2\/users\/2"}],"replies":[{"embeddable":true,"href":"https:\/\/www.europesays.com\/fr\/wp-json\/wp\/v2\/comments?post=80621"}],"version-history":[{"count":0,"href":"https:\/\/www.europesays.com\/fr\/wp-json\/wp\/v2\/posts\/80621\/revisions"}],"wp:featuredmedia":[{"embeddable":true,"href":"https:\/\/www.europesays.com\/fr\/wp-json\/wp\/v2\/media\/80622"}],"wp:attachment":[{"href":"https:\/\/www.europesays.com\/fr\/wp-json\/wp\/v2\/media?parent=80621"}],"wp:term":[{"taxonomy":"category","embeddable":true,"href":"https:\/\/www.europesays.com\/fr\/wp-json\/wp\/v2\/categories?post=80621"},{"taxonomy":"post_tag","embeddable":true,"href":"https:\/\/www.europesays.com\/fr\/wp-json\/wp\/v2\/tags?post=80621"}],"curies":[{"name":"wp","href":"https:\/\/api.w.org\/{rel}","templated":true}]}}