{"id":80623,"date":"2025-05-07T00:55:14","date_gmt":"2025-05-07T00:55:14","guid":{"rendered":"https:\/\/www.europesays.com\/fr\/80623\/"},"modified":"2025-05-07T00:55:14","modified_gmt":"2025-05-07T00:55:14","slug":"lula-en-visite-en-russie-puis-en-chine","status":"publish","type":"post","link":"https:\/\/www.europesays.com\/fr\/80623\/","title":{"rendered":"Lula en visite en Russie puis en Chine"},"content":{"rendered":"<p>    <img fetchpriority=\"high\" src=\"https:\/\/www.europesays.com\/fr\/wp-content\/uploads\/2025\/05\/aec5b727903fdea7fb94c0f1080c73bb645727a8-89275871.jpg\" width=\"1400\" height=\"1050\" alt=\"\" loading=\"eager\" decoding=\"auto\"\/><\/p>\n<p>            Keystone-SDA        <\/p>\n<p>        Le pr\u00e9sident br\u00e9silien Lula s&rsquo;envole mardi pour la Russie avant de se rendre en Chine, au moment o\u00f9 la sc\u00e8ne internationale est boulevers\u00e9e par le retour de Donald Trump aux Etats-Unis et sa guerre commerciale.\n<\/p>\n<p>        Ce contenu a \u00e9t\u00e9 publi\u00e9 sur    <\/p>\n<p>        07 mai 2025 &#8211; 01:23\n<\/p>\n<p> (Keystone-ATS) Luiz Inacio Lula da Silva rencontrera son homologue russe Vladimir Poutine \u00e0 Moscou, puis le pr\u00e9sident chinois Xi Jinping lors d\u2019une visite d\u2019Etat \u00e0 P\u00e9kin.<\/p>\n<p>Vendredi, dans la capitale russe, le pr\u00e9sident br\u00e9silien doit assister au grand d\u00e9fil\u00e9 militaire sur la place Rouge, en comm\u00e9moration des 80 ans de la victoire sur l\u2019Allemagne nazie lors de la Seconde Guerre mondiale.<\/p>\n<p>Vingt-huit autres dirigeants sont \u00e9galement attendus pour cette c\u00e9r\u00e9monie \u00e0 Moscou, dont Xi Jinping et le pr\u00e9sident cubain Miguel Diaz-Canel.<\/p>\n<p>\u00ab\u00a0Lula est un des rares dirigeants d\u00e9mocrates invit\u00e9s\u00a0\u00bb, dit \u00e0 l\u2019AFP Mauricio Santoro, sp\u00e9cialiste du Centre d\u2019\u00e9tudes politico-strat\u00e9giques de la Marine br\u00e9silienne.<\/p>\n<p>A l\u2019occasion des comm\u00e9morations, un cessez-le-feu annonc\u00e9 par M. Poutine doit \u00eatre en vigueur du 8 au 10 mai, dans le conflit qui oppose la Russie \u00e0 l\u2019Ukraine. Le pr\u00e9sident ukrainien Volodymyr Zelensky y a vu une \u00ab\u00a0tentative de manipulation\u00a0\u00bb, alors que Kiev est sous pression de Washington pour des n\u00e9gociations avec la Russie.<\/p>\n<p>Selon un haut responsable diplomatique br\u00e9silien, la rencontre bilat\u00e9rale entre Lula et M. Poutine sera \u00ab\u00a0une opportunit\u00e9 de discussion\u00a0\u00bb sur ce conflit, apr\u00e8s des tentatives infructueuses du Br\u00e9sil de jouer les m\u00e9diateurs au c\u00f4t\u00e9 de la Chine.<\/p>\n<p>\u00ab\u00a0Le Br\u00e9sil est un pays qui recherche la paix, le dialogue avec la Russie, sur plusieurs sujets\u00a0\u00bb, a d\u00e9clar\u00e9 \u00e0 des journalistes \u00e0 Brasilia ce responsable, Eduardo Paes Saboia, secr\u00e9taire du minist\u00e8re br\u00e9silien des Affaires \u00e9trang\u00e8res charg\u00e9 des relations avec l\u2019Asie. Il a \u00e9galement soulign\u00e9 que le pays sud-am\u00e9ricain \u00e9tait \u00ab\u00a0en dialogue avec l\u2019Ukraine\u00a0\u00bb, dont il d\u00e9fend l&rsquo;\u00a0\u00bbint\u00e9grit\u00e9 territoriale\u00a0\u00bb.<\/p>\n<p>Lula se rendra ensuite \u00e0 P\u00e9kin du 11 au 13 mai, six mois apr\u00e8s une visite de Xi Jinping \u00e0 Brasilia, \u00e0 l\u2019issue du sommet du G20 de Rio de Janeiro.<\/p>\n<p>La Chine et le Br\u00e9sil, poids lourds des Brics, le groupe des pays \u00e9mergents, ont tous deux fortement critiqu\u00e9 l\u2019augmentation des droits de douane d\u00e9cid\u00e9e r\u00e9cemment par le pr\u00e9sident am\u00e9ricain Donald Trump, et qui vise particuli\u00e8rement P\u00e9kin.<\/p>\n<p>Le g\u00e9ant asiatique est le premier partenaire commercial du Br\u00e9sil et les \u00e9changes entre les deux pays ont atteint plus de 160 milliards de dollars en 2023.<\/p>\n","protected":false},"excerpt":{"rendered":"Keystone-SDA Le pr\u00e9sident br\u00e9silien Lula s&rsquo;envole mardi pour la Russie avant de se rendre en Chine, au moment&hellip;\n","protected":false},"author":2,"featured_media":80624,"comment_status":"","ping_status":"","sticky":false,"template":"","format":"standard","meta":{"footnotes":""},"categories":[1591],"tags":[11,1887,12,1885,1886,132,4384],"class_list":{"0":"post-80623","1":"post","2":"type-post","3":"status-publish","4":"format-standard","5":"has-post-thumbnail","7":"category-russie","8":"tag-actualites","9":"tag-federation-de-russie","10":"tag-news","11":"tag-russia","12":"tag-russian-federation","13":"tag-russie","14":"tag-ticker"},"share_on_mastodon":{"url":"https:\/\/pubeurope.com\/@fr\/114463829167535533","error":""},"_links":{"self":[{"href":"https:\/\/www.europesays.com\/fr\/wp-json\/wp\/v2\/posts\/80623","targetHints":{"allow":["GET"]}}],"collection":[{"href":"https:\/\/www.europesays.com\/fr\/wp-json\/wp\/v2\/posts"}],"about":[{"href":"https:\/\/www.europesays.com\/fr\/wp-json\/wp\/v2\/types\/post"}],"author":[{"embeddable":true,"href":"https:\/\/www.europesays.com\/fr\/wp-json\/wp\/v2\/users\/2"}],"replies":[{"embeddable":true,"href":"https:\/\/www.europesays.com\/fr\/wp-json\/wp\/v2\/comments?post=80623"}],"version-history":[{"count":0,"href":"https:\/\/www.europesays.com\/fr\/wp-json\/wp\/v2\/posts\/80623\/revisions"}],"wp:featuredmedia":[{"embeddable":true,"href":"https:\/\/www.europesays.com\/fr\/wp-json\/wp\/v2\/media\/80624"}],"wp:attachment":[{"href":"https:\/\/www.europesays.com\/fr\/wp-json\/wp\/v2\/media?parent=80623"}],"wp:term":[{"taxonomy":"category","embeddable":true,"href":"https:\/\/www.europesays.com\/fr\/wp-json\/wp\/v2\/categories?post=80623"},{"taxonomy":"post_tag","embeddable":true,"href":"https:\/\/www.europesays.com\/fr\/wp-json\/wp\/v2\/tags?post=80623"}],"curies":[{"name":"wp","href":"https:\/\/api.w.org\/{rel}","templated":true}]}}