{"id":80632,"date":"2025-05-07T01:00:11","date_gmt":"2025-05-07T01:00:11","guid":{"rendered":"https:\/\/www.europesays.com\/fr\/80632\/"},"modified":"2025-05-07T01:00:11","modified_gmt":"2025-05-07T01:00:11","slug":"leurope-en-crise-de-rire","status":"publish","type":"post","link":"https:\/\/www.europesays.com\/fr\/80632\/","title":{"rendered":"l\u2019Europe en crise\u2026 de rire"},"content":{"rendered":"<p>On l\u2019avait d\u00e9couvert d\u00e9butant, gaffeur et un brin d\u00e9pass\u00e9 dans les arcanes du Parlement europ\u00e9en, on le retrouve toujours aussi maladroit, mais cette fois catapult\u00e9 au c\u0153ur du Conseil europ\u00e9en. Samy, l\u2019attachant attach\u00e9 parlementaire de la s\u00e9rie <strong>Parlement<\/strong>, brillamment interpr\u00e9t\u00e9 par Xavier Lacaille, revient pour livrer une ultime bataille dans la saison 4, disponible d\u00e8s le 7 mai sur la plateforme france.tv.<\/p>\n<p>Intrigues politiques, personnalit\u00e9s hautes en couleur et man\u0153uvres en coulisses\u2026 Les institutions europ\u00e9ennes constituent le d\u00e9cor id\u00e9al pour une bonne fiction politique. Celles-ci ont cependant longtemps \u00e9t\u00e9 d\u00e9laiss\u00e9es par les \u00e9crivains et les sc\u00e9naristes, bien plus enclins \u00e0 planter leurs intrigues dans les couloirs feutr\u00e9s de la Maison-Blanche ou de l\u2019\u00c9lys\u00e9e plut\u00f4t qu\u2019\u00e0 Bruxelles et Strasbourg.<\/p>\n<p>Du conflit au sein des institutions europ\u00e9ennes<\/p>\n<p>Selon Maxime Calligero, co-sc\u00e9nariste de la s\u00e9rie <strong>Parlement<\/strong>, ce d\u00e9sint\u00e9r\u00eat tient \u00e0 une image tenace : celle d\u2019une Union europ\u00e9enne per\u00e7ue comme technocratique et consensuelle,\u00a0fond\u00e9e sur la coop\u00e9ration, la stabilit\u00e9 et le d\u00e9passement des d\u00e9saccords.<\/p>\n<p>\u201cPour qu&rsquo;il y ait une histoire, il faut qu&rsquo;il y ait du conflit. Or l&rsquo;Europe, pour des raisons historiques, s&rsquo;est construite \u00e0 l&rsquo;abri du conflit. Les institutions europ\u00e9ennes ont \u00e9t\u00e9 cr\u00e9\u00e9es pour faire du compromis\u201d, explique-t-il.<\/p>\n<p><strong>Parlement<\/strong> bouscule la repr\u00e9sentation uniforme et polie des institutions europ\u00e9ennes, r\u00e9v\u00e9lant leurs tensions, leurs absurdit\u00e9s et leurs jeux d\u2019influence.<\/p>\n<p>\u201cAyant longtemps travaill\u00e9 pour les institutions europ\u00e9ennes, je sais les coulisses des compromis europ\u00e9ens, c&rsquo;est-\u00e0-dire les coups bas, les tractations, les conflits qu&rsquo;il peut y avoir entre d\u00e9put\u00e9s, entre \u00c9tats membres. Notre job, en tant que sc\u00e9naristes, a \u00e9t\u00e9 de faire remonter \u00e0 la surface le conflit, que le public ne voit jamais, mais qui est bien l\u00e0 dans les institutions europ\u00e9ennes, et d&rsquo;en faire mati\u00e8re \u00e0 fiction\u201d, poursuit Maxime Calligero.<\/p>\n<blockquote data-src=\"https:\/\/www.youtube.com\/embed\/ax8lvkK9QWM\"><\/blockquote>\n<p>La complexit\u00e9 du \u00ab\u00a0Parlement\u00a0\u00bb, un bon vecteur de com\u00e9die<\/p>\n<p>Lourdeur bureaucratique, opacit\u00e9, et diff\u00e9rences culturelles au sein des institutions europ\u00e9ennes deviennent autant de ressorts comiques, donnant lieu \u00e0 des situations burlesques, des quiproquos hilarants et des dialogues savoureux.<\/p>\n<p>\u201cCe qui est une faiblesse de l&rsquo;Union europ\u00e9enne, c&rsquo;est-\u00e0-dire sa complexit\u00e9 devient une force, parce que la complexit\u00e9 est toujours un bon vecteur de com\u00e9die.\u201d observe encore le sc\u00e9nariste.<\/p>\n<p>Si <strong>Parlement<\/strong> s\u2019amuse des rouages institutionnels et des paradoxes de la machine europ\u00e9enne, le ton de la s\u00e9rie reste l\u00e9ger et ironique, se gardant de toute moquerie acerbe ou de cruaut\u00e9.<\/p>\n<p>\u201cDans <strong>Parlement<\/strong>, on est plus du c\u00f4t\u00e9 de la com\u00e9die que de la satire, parce qu&rsquo;on a beaucoup de tendresse pour nos personnages. Il y a peu de personnages qu&rsquo;on ne sauve pas finalement. On n&rsquo;encense pas l&rsquo;Union europ\u00e9enne mais on en fait pas non une critique. On essaie de rire, non pas de l&rsquo;Union europ\u00e9enne, mais avec elle.\u201d<\/p>\n<p><strong>Pour regarder l&rsquo;interview compl\u00e8te de Maxime Calligero, cliquez sur le lecteur vid\u00e9o ci-dessus.<\/strong><\/p>\n","protected":false},"excerpt":{"rendered":"On l\u2019avait d\u00e9couvert d\u00e9butant, gaffeur et un brin d\u00e9pass\u00e9 dans les arcanes du Parlement europ\u00e9en, on le retrouve&hellip;\n","protected":false},"author":2,"featured_media":80633,"comment_status":"","ping_status":"","sticky":false,"template":"","format":"standard","meta":{"footnotes":""},"categories":[1586],"tags":[11,18788,18787,1777,674,1011,27,10683,12,8552,25,18789,18790],"class_list":{"0":"post-80632","1":"post","2":"type-post","3":"status-publish","4":"format-standard","5":"has-post-thumbnail","7":"category-europe","8":"tag-actualites","9":"tag-attache-parlementaire","10":"tag-conseil-europeen","11":"tag-eu","12":"tag-europe","13":"tag-fr","14":"tag-france","15":"tag-institutions-europeennes","16":"tag-news","17":"tag-parlement-europeen","18":"tag-republique-francaise","19":"tag-serie-parlement","20":"tag-xavier-lacaille"},"share_on_mastodon":{"url":"https:\/\/pubeurope.com\/@fr\/114463848777993722","error":""},"_links":{"self":[{"href":"https:\/\/www.europesays.com\/fr\/wp-json\/wp\/v2\/posts\/80632","targetHints":{"allow":["GET"]}}],"collection":[{"href":"https:\/\/www.europesays.com\/fr\/wp-json\/wp\/v2\/posts"}],"about":[{"href":"https:\/\/www.europesays.com\/fr\/wp-json\/wp\/v2\/types\/post"}],"author":[{"embeddable":true,"href":"https:\/\/www.europesays.com\/fr\/wp-json\/wp\/v2\/users\/2"}],"replies":[{"embeddable":true,"href":"https:\/\/www.europesays.com\/fr\/wp-json\/wp\/v2\/comments?post=80632"}],"version-history":[{"count":0,"href":"https:\/\/www.europesays.com\/fr\/wp-json\/wp\/v2\/posts\/80632\/revisions"}],"wp:featuredmedia":[{"embeddable":true,"href":"https:\/\/www.europesays.com\/fr\/wp-json\/wp\/v2\/media\/80633"}],"wp:attachment":[{"href":"https:\/\/www.europesays.com\/fr\/wp-json\/wp\/v2\/media?parent=80632"}],"wp:term":[{"taxonomy":"category","embeddable":true,"href":"https:\/\/www.europesays.com\/fr\/wp-json\/wp\/v2\/categories?post=80632"},{"taxonomy":"post_tag","embeddable":true,"href":"https:\/\/www.europesays.com\/fr\/wp-json\/wp\/v2\/tags?post=80632"}],"curies":[{"name":"wp","href":"https:\/\/api.w.org\/{rel}","templated":true}]}}