{"id":80648,"date":"2025-05-07T01:12:13","date_gmt":"2025-05-07T01:12:13","guid":{"rendered":"https:\/\/www.europesays.com\/fr\/80648\/"},"modified":"2025-05-07T01:12:13","modified_gmt":"2025-05-07T01:12:13","slug":"le-classement-national-piste-nest-pas-enterre-actualite","status":"publish","type":"post","link":"https:\/\/www.europesays.com\/fr\/80648\/","title":{"rendered":"Le classement national piste n&rsquo;est pas enterr\u00e9 &#8211; Actualit\u00e9"},"content":{"rendered":"<p style=\"text-align: justify;\">Entre l&rsquo;Arl\u00e9sienne et le serpent de mer, le classement national piste revient sur le tapis depuis d\u00e9cembre 2018 (<a href=\"https:\/\/www.directvelo.com\/actualite\/71147\/piste-un-classement-national-pour-inciter-a-courir\" target=\"_blank\" rel=\"noopener\"><strong>lire ici<\/strong><\/a>). Mais ce classement devrait pouvoir voir le jour en 2026. \u00ab\u00a0Nous devons d\u00e9finir le cahier des charges que nous allons donner \u00e0 la direction des syst\u00e8mes d&rsquo;information\u00a0\u00bb, indique Pascal Darche, le pr\u00e9sident de la commission piste, \u00e0 DirectVelo.<\/p>\n<p>Parmi les questions pratiques \u00e0 trancher avant de mettre en fabrication la \u00ab\u00a0moulinette\u00a0\u00bb qui calculera le classement, il y a \u00ab\u00a0le niveau des comp\u00e9titions pris en compte, l&rsquo;application ou non d&rsquo;un coefficient de pond\u00e9ration en fonction du nombre de partants, qui doit saisir les classements\u00a0\u00bb, indique Pascal Darche. Un dernier essai sous forme d&rsquo;un classement \u00e0 blanc sera effectu\u00e9 avant de lancer l&rsquo;an prochain le classement r\u00e9el. Ce classement national piste pourrait devenir le fil rouge de la saison piste en France.<\/p>\n","protected":false},"excerpt":{"rendered":"Entre l&rsquo;Arl\u00e9sienne et le serpent de mer, le classement national piste revient sur le tapis depuis d\u00e9cembre 2018&hellip;\n","protected":false},"author":2,"featured_media":80649,"comment_status":"","ping_status":"","sticky":false,"template":"","format":"standard","meta":{"footnotes":""},"categories":[1411],"tags":[834,828,836,829,837,827,83,826,824,823,1154,207,814,817,815,816,822,821,832,211,839,1011,27,820,818,819,835,831,830,833,838,60,212,208,825],"class_list":{"0":"post-80648","1":"post","2":"type-post","3":"status-publish","4":"format-standard","5":"has-post-thumbnail","7":"category-cyclisme","8":"tag-attaque","9":"tag-belgique","10":"tag-braquet","11":"tag-bretagne","12":"tag-chute","13":"tag-competition","14":"tag-coupe-de-france","15":"tag-coureur","16":"tag-course-cyclisme","17":"tag-course-cycliste","18":"tag-cycling","19":"tag-cyclisme","20":"tag-direct","21":"tag-direct-velo","22":"tag-directvelo","23":"tag-directvelo-com","24":"tag-epreuve","25":"tag-epreuve-cycliste","26":"tag-federation-francaise-de-cyclisme","27":"tag-ffc","28":"tag-flandres","29":"tag-fr","30":"tag-france","31":"tag-live","32":"tag-live-course","33":"tag-live-epreuve","34":"tag-peloton","35":"tag-radio-peloton","36":"tag-radio-tour","37":"tag-ravitaillement","38":"tag-relance","39":"tag-sports","40":"tag-uci","41":"tag-velo","42":"tag-velos"},"share_on_mastodon":{"url":"https:\/\/pubeurope.com\/@fr\/114463895931057878","error":""},"_links":{"self":[{"href":"https:\/\/www.europesays.com\/fr\/wp-json\/wp\/v2\/posts\/80648","targetHints":{"allow":["GET"]}}],"collection":[{"href":"https:\/\/www.europesays.com\/fr\/wp-json\/wp\/v2\/posts"}],"about":[{"href":"https:\/\/www.europesays.com\/fr\/wp-json\/wp\/v2\/types\/post"}],"author":[{"embeddable":true,"href":"https:\/\/www.europesays.com\/fr\/wp-json\/wp\/v2\/users\/2"}],"replies":[{"embeddable":true,"href":"https:\/\/www.europesays.com\/fr\/wp-json\/wp\/v2\/comments?post=80648"}],"version-history":[{"count":0,"href":"https:\/\/www.europesays.com\/fr\/wp-json\/wp\/v2\/posts\/80648\/revisions"}],"wp:featuredmedia":[{"embeddable":true,"href":"https:\/\/www.europesays.com\/fr\/wp-json\/wp\/v2\/media\/80649"}],"wp:attachment":[{"href":"https:\/\/www.europesays.com\/fr\/wp-json\/wp\/v2\/media?parent=80648"}],"wp:term":[{"taxonomy":"category","embeddable":true,"href":"https:\/\/www.europesays.com\/fr\/wp-json\/wp\/v2\/categories?post=80648"},{"taxonomy":"post_tag","embeddable":true,"href":"https:\/\/www.europesays.com\/fr\/wp-json\/wp\/v2\/tags?post=80648"}],"curies":[{"name":"wp","href":"https:\/\/api.w.org\/{rel}","templated":true}]}}