{"id":806544,"date":"2026-03-18T03:17:16","date_gmt":"2026-03-18T03:17:16","guid":{"rendered":"https:\/\/www.europesays.com\/fr\/806544\/"},"modified":"2026-03-18T03:17:16","modified_gmt":"2026-03-18T03:17:16","slug":"pour-sebastien-delogu-lfi-un-retrait-douloureux-mais-necessaire","status":"publish","type":"post","link":"https:\/\/www.europesays.com\/fr\/806544\/","title":{"rendered":"pour S\u00e9bastien Delogu (LFI), un retrait douloureux mais n\u00e9cessaire"},"content":{"rendered":"<p>Dans une conf\u00e9rence de presse organis\u00e9e \u00e0 la h\u00e2te dans un th\u00e9\u00e2tre associatif de Belsunce (1er), le d\u00e9put\u00e9 des quartiers Nord sait \u00ab\u00a0ce qu\u2019il doit faire\u00a0\u00bb, alors que Beno\u00eet Payan refuse depuis deux jours la main tendue des Insoumis et <a href=\"https:\/\/www.laprovence.com\/article\/elections\/15060312668415\/municipales-2026-a-marseille-sebastien-delogu-appelle-a-une-constitution-dun-front-antifasciste-contre-le-rn\" target=\"_blank\" rel=\"nofollow noopener\">\u00ab\u00a0le front antifasciste\u00a0\u00bb propos\u00e9 par S\u00e9bastien Delogu<\/a> et ses soutiens.<\/p>\n<p>\u00ab\u00a0Je refuse de participer au pari incons\u00e9quent du maire\u00a0\u00bb<\/p>\n<p>\u00ab\u00a0Face \u00e0 l\u2019irresponsabilit\u00e9 d\u2019un homme, nous serons responsables pour un million, dit S\u00e9bastien Delogu, encadr\u00e9 par ses chefs de file de secteurs \u00e9mus. Beno\u00eet Payan fait la d\u00e9monstration que sa soif de pouvoir compte plus que le combat contre l\u2019extr\u00eame droite. L\u2019histoire jugera. L\u2019ego et l\u2019orgueil d\u2019un seul homme peuvent aujourd\u2019hui plonger la ville dans l\u2019ab\u00eeme. Je refuse de participer au pari incons\u00e9quent du maire de Marseille et je &#8230;<\/p>\n","protected":false},"excerpt":{"rendered":"Dans une conf\u00e9rence de presse organis\u00e9e \u00e0 la h\u00e2te dans un th\u00e9\u00e2tre associatif de Belsunce (1er), le d\u00e9put\u00e9&hellip;\n","protected":false},"author":2,"featured_media":806545,"comment_status":"","ping_status":"","sticky":false,"template":"","format":"standard","meta":{"footnotes":"","_share_on_mastodon":"0"},"categories":[2814],"tags":[5734,1111,11,17418,5949,1777,674,1011,27,780,884,3554,12,471,882,25,17417],"class_list":["post-806544","post","type-post","status-publish","format-standard","has-post-thumbnail","category-marseille","tag-5734","tag-actu","tag-actualites","tag-delogu","tag-elections","tag-eu","tag-europe","tag-fr","tag-france","tag-lfi","tag-marseille","tag-municipales","tag-news","tag-pour","tag-provence-alpes-cote-dazur","tag-republique-francaise","tag-sebastien"],"share_on_mastodon":{"url":"https:\/\/pubeurope.com\/@fr\/116248015345242941","error":""},"_links":{"self":[{"href":"https:\/\/www.europesays.com\/fr\/wp-json\/wp\/v2\/posts\/806544","targetHints":{"allow":["GET"]}}],"collection":[{"href":"https:\/\/www.europesays.com\/fr\/wp-json\/wp\/v2\/posts"}],"about":[{"href":"https:\/\/www.europesays.com\/fr\/wp-json\/wp\/v2\/types\/post"}],"author":[{"embeddable":true,"href":"https:\/\/www.europesays.com\/fr\/wp-json\/wp\/v2\/users\/2"}],"replies":[{"embeddable":true,"href":"https:\/\/www.europesays.com\/fr\/wp-json\/wp\/v2\/comments?post=806544"}],"version-history":[{"count":0,"href":"https:\/\/www.europesays.com\/fr\/wp-json\/wp\/v2\/posts\/806544\/revisions"}],"wp:featuredmedia":[{"embeddable":true,"href":"https:\/\/www.europesays.com\/fr\/wp-json\/wp\/v2\/media\/806545"}],"wp:attachment":[{"href":"https:\/\/www.europesays.com\/fr\/wp-json\/wp\/v2\/media?parent=806544"}],"wp:term":[{"taxonomy":"category","embeddable":true,"href":"https:\/\/www.europesays.com\/fr\/wp-json\/wp\/v2\/categories?post=806544"},{"taxonomy":"post_tag","embeddable":true,"href":"https:\/\/www.europesays.com\/fr\/wp-json\/wp\/v2\/tags?post=806544"}],"curies":[{"name":"wp","href":"https:\/\/api.w.org\/{rel}","templated":true}]}}