{"id":80662,"date":"2025-05-07T01:19:33","date_gmt":"2025-05-07T01:19:33","guid":{"rendered":"https:\/\/www.europesays.com\/fr\/80662\/"},"modified":"2025-05-07T01:19:33","modified_gmt":"2025-05-07T01:19:33","slug":"marvel-change-le-titre-de-thunderbolts-pour-les-nouveaux-avengers","status":"publish","type":"post","link":"https:\/\/www.europesays.com\/fr\/80662\/","title":{"rendered":"Marvel change le titre de Thunderbolts* pour Les Nouveaux Avengers"},"content":{"rendered":"<p>Le casting du nouveau blockbuster des studios am\u00e9ricains, en salles depuis le 30 avril, a confirm\u00e9 sa pr\u00e9sence dans les prochains Avengers\u00a0:\u202fDoomsday et Avengers\u00a0:\u202fSecret Wars, attendus en 2026 et 2027.<\/p>\n<p class=\"fig-paragraph\">Le casting des prochains\u00a0<a href=\"http:\/\/www.lefigaro.fr\/cinema\/pour-anthony-mackie-avengers-doomsday-redonnera-au-public-ce-vieux-sentiment-marvel-20250417\" data-fig-type=\"Article\" data-gtm-custom-categorie=\"navigation\" data-gtm-custom-action=\"crossclick\" data-gtm-custom-label=\"Contextuel\" data-gtm-event=\"customEventSPE\" data-fig-domain=\"LEFIGARO\" rel=\"nofollow noopener\" target=\"_blank\">Avengers\u00a0: Doomsday<\/a> \u00a0et Avengers\u00a0:\u00a0Secret Wars s\u2019\u00e9largit. Fin mars, Marvel\u00a0<a href=\"http:\/\/www.lefigaro.fr\/bons-plans\/avengers-doomsday-devoile-une-distribution-dementielle-marvel-prepare-sa-plus-grande-bataille-20250327\" data-fig-type=\"Article\" data-gtm-custom-categorie=\"navigation\" data-gtm-custom-action=\"crossclick\" data-gtm-custom-label=\"Contextuel\" data-gtm-event=\"customEventSPE\" data-fig-domain=\"LEFIGARO\" rel=\"nofollow noopener\" target=\"_blank\">d\u00e9voilait dans une vid\u00e9o\u00a0<\/a>mettant en sc\u00e8ne\u00a0<a href=\"http:\/\/www.lefigaro.fr\/culture\/j-aime-jouer-des-personnages-complexes-au-comic-con-robert-downey-jr-annonce-son-retour-chez-marvel-20240728\" data-fig-type=\"NewsFlash\" data-gtm-custom-categorie=\"navigation\" data-gtm-custom-action=\"crossclick\" data-gtm-custom-label=\"Contextuel\" data-gtm-event=\"customEventSPE\" data-fig-domain=\"LEFIGARO\" rel=\"nofollow noopener\" target=\"_blank\">Robert Downey Jr.<\/a>, interpr\u00e8te d\u2019Iron Man, les nouveaux super-h\u00e9ros \u00e0 l\u2019affiche des deux prochains films de la saga Avengers.\u00a0<a href=\"http:\/\/www.lefigaro.fr\/culture\/notre-critique-de-captain-america-brave-new-world-les-etats-unis-de-trump-et-musk-dans-un-miroir-a-peine-deforme-20250211\" data-fig-type=\"Article\" data-gtm-custom-categorie=\"navigation\" data-gtm-custom-action=\"crossclick\" data-gtm-custom-label=\"Contextuel\" data-gtm-event=\"customEventSPE\" data-fig-domain=\"LEFIGARO\" rel=\"nofollow noopener\" target=\"_blank\">Captain America<\/a>,<a href=\"http:\/\/www.lefigaro.fr\/cinema\/taika-waititi-thor-c-est-la-rock-star-ultime-20220713\" data-fig-type=\"Article\" data-gtm-custom-categorie=\"navigation\" data-gtm-custom-action=\"crossclick\" data-gtm-custom-label=\"Contextuel\" data-gtm-event=\"customEventSPE\" data-fig-domain=\"LEFIGARO\" rel=\"nofollow noopener\" target=\"_blank\">\u00a0Thor<\/a>, Shuri,<a href=\"http:\/\/www.lefigaro.fr\/cinema\/loki-tom-hiddleston-et-owen-wilson-font-souffler-un-genial-vent-de-zizanie-sur-marvel-20210609\" data-fig-type=\"Article\" data-gtm-custom-categorie=\"navigation\" data-gtm-custom-action=\"crossclick\" data-gtm-custom-label=\"Contextuel\" data-gtm-event=\"customEventSPE\" data-fig-domain=\"LEFIGARO\" rel=\"nofollow noopener\" target=\"_blank\">\u00a0Loki<\/a>, les\u00a0<a href=\"http:\/\/www.lefigaro.fr\/cinema\/la-bande-annonce-des-quatre-fantastiques-annonce-la-fin-de-la-terre-devoree-par-une-entite-cosmique-20250204\" data-fig-type=\"NewsFlash\" data-gtm-custom-categorie=\"navigation\" data-gtm-custom-action=\"crossclick\" data-gtm-custom-label=\"Contextuel\" data-gtm-event=\"customEventSPE\" data-fig-domain=\"LEFIGARO\" rel=\"nofollow noopener\" target=\"_blank\">Quatre Fantastiques<\/a>, les\u00a0<a href=\"https:\/\/www.lefigaro.fr\/cinema\/les-belles-promesses-des-nouveaux-mutants-le-spin-off-de-la-saga-x-men-20200127\" data-fig-type=\"Article\" data-gtm-custom-categorie=\"navigation\" data-gtm-custom-action=\"crossclick\" data-gtm-custom-label=\"Contextuel\" data-gtm-event=\"customEventSPE\" data-fig-domain=\"LEFIGARO\" rel=\"nofollow noopener\" target=\"_blank\">X-Men<\/a>\u00a0ou encore Doctor Doom avaient alors \u00e9t\u00e9 annonc\u00e9s. Depuis,\u00a0<a href=\"http:\/\/www.lefigaro.fr\/cinema\/thunderbolts-la-bande-de-perdants-qui-insuffle-de-l-air-frais-dans-l-univers-marvel-20250429\" data-fig-type=\"Article\" data-gtm-custom-categorie=\"navigation\" data-gtm-custom-action=\"crossclick\" data-gtm-custom-label=\"Contextuel\" data-gtm-event=\"customEventSPE\" data-fig-domain=\"LEFIGARO\" rel=\"nofollow noopener\" target=\"_blank\">Thunderbolts*<\/a>, le nouveau blockbuster de la franchise, est sorti en salles le 30 avril. Et derri\u00e8re son ast\u00e9risque myst\u00e9rieux se cache une belle surprise.<\/p>\n<p class=\"fig-paragraph\">Dans une vid\u00e9o publi\u00e9e le 5 mai sur les r\u00e9seaux sociaux de Marvel, les acteurs\u00a0<a href=\"http:\/\/www.lefigaro.fr\/cinema\/dune-2-lea-seydoux-florence-pugh-et-austin-butler-apparaissent-dans-la-bande-annonce-20230428\" data-fig-type=\"Article\" data-gtm-custom-categorie=\"navigation\" data-gtm-custom-action=\"crossclick\" data-gtm-custom-label=\"Contextuel\" data-gtm-event=\"customEventSPE\" data-fig-domain=\"LEFIGARO\" rel=\"nofollow noopener\" target=\"_blank\">Florence Pugh<\/a>, Julia Louis-Dreyfus et\u00a0<a href=\"https:\/\/www.lefigaro.fr\/cinema\/hellboy-david-harbour-devoile-les-coulisses-de-sa-preparation-dans-une-video-exclusive-20190425\" data-fig-type=\"Article\" data-gtm-custom-categorie=\"navigation\" data-gtm-custom-action=\"crossclick\" data-gtm-custom-label=\"Contextuel\" data-gtm-event=\"customEventSPE\" data-fig-domain=\"LEFIGARO\" rel=\"nofollow noopener\" target=\"_blank\">David Harbour<\/a>, au casting du film, ont d\u00e9voil\u00e9 un nouveau titre en d\u00e9chirant un bout de l\u2019affiche. Il ne s\u2019agit plus d\u00e9sormais de Thunderbolts*, mais bien des New Avengers (ou Les Nouveaux Avengers). Cet acronyme fait r\u00e9f\u00e9rence \u00e0 l\u2019une des sc\u00e8nes finales du film dans laquelle les anti-h\u00e9ros Bucky Barnes, Red Guardian, Yelena Belova et John Walker revendiquent former \u00ab\u00a0les nouveaux Avengers\u00a0\u00bb. Hypoth\u00e8se renforc\u00e9e quelques minutes plus tard avec une sc\u00e8ne post-g\u00e9n\u00e9rique o\u00f9 l\u2019\u00e9quipe est rejointe par les Quatre Fantastiques.<\/p>\n<p>Carton au box-office nord-am\u00e9ricain<\/p>\n<p class=\"fig-paragraph\">Une autre vid\u00e9o sur ce sujet fait le tour d\u2019Internet. On y voit\u00a0<a href=\"http:\/\/www.lefigaro.fr\/cinema\/sebastian-stan-le-comedien-que-donald-trump-aimerait-bien-canceller-20241005\" data-fig-type=\"Article\" data-gtm-custom-categorie=\"navigation\" data-gtm-custom-action=\"crossclick\" data-gtm-custom-label=\"Contextuel\" data-gtm-event=\"customEventSPE\" data-fig-domain=\"LEFIGARO\" rel=\"nofollow noopener\" target=\"_blank\">Sebastian Stan<\/a>, interpr\u00e8te de Bucky Barnes (Captain America, Avengers, Black Panther), remplacer une affiche de promotion accroch\u00e9e sur un abribus par une nouvelle avec le titre The New Avengers. \u00ab\u00a0\u00c7a fait un an qu\u2019on a ajout\u00e9 un ast\u00e9risque au titre en pr\u00e9vision de ce moment, j\u2019esp\u00e8re qu\u2019on a l\u2019impression que tout \u00e7a \u00e9tait pr\u00e9m\u00e9dit\u00e9\u00a0\u00bb, se r\u00e9jouit Jack Schreier, r\u00e9alisateur de Thunderbolts* chez nos confr\u00e8res am\u00e9ricains du\u00a0<a href=\"https:\/\/www.nytimes.com\/2025\/05\/05\/movies\/thunderbolts-asterisk-title.html?unlocked_article_code=1.E08.jti0.NhKRzeCnHMQE&amp;smid=nytcore-ios-share&amp;referringSource=articleShare&amp;sgrp=p\" target=\"_blank\" rel=\"nofollow noopener\" data-gtm-custom-categorie=\"navigation\" data-gtm-custom-action=\"crossclick\" data-gtm-custom-label=\"Contextuel\" data-gtm-event=\"customEventSPE\">New York Times<\/a> . Ce dernier dit avoir pens\u00e9 \u00e0 cette id\u00e9e avant son arriv\u00e9e sur le projet. Marvel l\u2019a aussit\u00f4t accept\u00e9e.<\/p>\n<p class=\"fig-paragraph\">Apr\u00e8s le\u00a0<a href=\"https:\/\/www.lefigaro.fr\/cinema\/avengers-endgame-qui-est-tony-stark-l-homme-sous-le-masque-d-iron-man-20190423\" data-fig-type=\"Article\" data-gtm-custom-categorie=\"navigation\" data-gtm-custom-action=\"crossclick\" data-gtm-custom-label=\"Contextuel\" data-gtm-event=\"customEventSPE\" data-fig-domain=\"LEFIGARO\" rel=\"nofollow noopener\" target=\"_blank\">d\u00e9part d\u2019Iron Man<\/a>, du Captain America de Chris Evans ou encore de Black Widow, les t\u00eates d\u2019affiche des quatre premiers films Avengers entre 2012 et 2019, la troupe de super-h\u00e9ros doit se r\u00e9inventer. Les deux prochains films de la saga, dont l\u2019intrigue sera centr\u00e9e sur le concept du multivers, sont attendus en 2026 et 2027. Et malgr\u00e9 les r\u00e9cents \u00e9checs des studios Marvel (<a href=\"http:\/\/www.lefigaro.fr\/cinema\/pourquoi-anthony-mackie-a-change-de-costume-pour-captain-america-brave-new-world-20250211\" data-fig-type=\"Article\" data-gtm-custom-categorie=\"navigation\" data-gtm-custom-action=\"crossclick\" data-gtm-custom-label=\"Contextuel\" data-gtm-event=\"customEventSPE\" data-fig-domain=\"LEFIGARO\" rel=\"nofollow noopener\" target=\"_blank\">Captain America\u00a0: Brave New World<\/a>,\u00a0<a href=\"http:\/\/www.lefigaro.fr\/cinema\/the-marvels-plus-gros-echec-de-marvel-signe-t-il-la-fin-de-l-ere-des-super-heros-20231205\" data-fig-type=\"Article\" data-gtm-custom-categorie=\"navigation\" data-gtm-custom-action=\"crossclick\" data-gtm-custom-label=\"Contextuel\" data-gtm-event=\"customEventSPE\" data-fig-domain=\"LEFIGARO\" rel=\"nofollow noopener\" target=\"_blank\">The Marvels<\/a>,\u00a0<a href=\"http:\/\/www.lefigaro.fr\/cinema\/kraven-le-chasseur-coule-au-box-office-nord-americain-et-fait-moins-bien-que-les-previsions-20241216\" data-fig-type=\"NewsFlash\" data-gtm-custom-categorie=\"navigation\" data-gtm-custom-action=\"crossclick\" data-gtm-custom-label=\"Contextuel\" data-gtm-event=\"customEventSPE\" data-fig-domain=\"LEFIGARO\" rel=\"nofollow noopener\" target=\"_blank\">Kraven le chasseur<\/a> ), l\u2019arriv\u00e9e des anti-h\u00e9ros de Thunderbolts* dans la troupe des Avengers devrait ravir une bonne partie du public. Le blockbuster a, en effet, r\u00e9alis\u00e9\u00a0<a href=\"http:\/\/www.lefigaro.fr\/cinema\/coup-de-tonnerre-thunderbolts-decroche-la-premiere-place-du-box-office-nord-americain-20250505\" data-fig-type=\"NewsFlash\" data-gtm-custom-categorie=\"navigation\" data-gtm-custom-action=\"crossclick\" data-gtm-custom-label=\"Contextuel\" data-gtm-event=\"customEventSPE\" data-fig-domain=\"LEFIGARO\" rel=\"nofollow noopener\" target=\"_blank\">un carton pour son premier week-end d\u2019exploitation<\/a>\u00a0au box-office nord-am\u00e9ricain en enregistrant 76 millions de dollars de recettes. De quoi donner un nouvel espoir pour la franchise, qui peine \u00e0 lancer avec succ\u00e8s de nouveaux personnages sur grand \u00e9cran.<\/p>\n<p class=\"fig-body-link\">\n            \u00c0 lire aussi<br \/>\n        <a class=\"fig-body-link__link fig-premium-mark\" href=\"http:\/\/www.lefigaro.fr\/cinema\/des-derniers-avengers-a-black-panther-wakanda-forever-comment-marvel-prepare-l-avenir-de-sa-saga-20221112\" data-fig-type=\"Article\" data-gtm-custom-categorie=\"navigation\" data-gtm-custom-action=\"crossclick\" data-gtm-custom-label=\"Contextuel\" data-gtm-event=\"customEventSPE\" data-fig-domain=\"LEFIGARO\" rel=\"nofollow noopener\" target=\"_blank\">Des derniers Avengers \u00e0 Black Panther: Wakanda Forever, comment Marvel pr\u00e9pare l&rsquo;avenir de sa saga<br \/>\n    <\/a>\n<\/p><\/p>\n","protected":false},"excerpt":{"rendered":"Le casting du nouveau blockbuster des studios am\u00e9ricains, en salles depuis le 30 avril, a confirm\u00e9 sa pr\u00e9sence&hellip;\n","protected":false},"author":2,"featured_media":80663,"comment_status":"","ping_status":"","sticky":false,"template":"","format":"standard","meta":{"footnotes":""},"categories":[1354],"tags":[2084,11320,2083,2080,650,58,59,2081,1346,18796,1011,27,2135,1360,2082,18797],"class_list":{"0":"post-80662","1":"post","2":"type-post","3":"status-publish","4":"format-standard","5":"has-post-thumbnail","7":"category-films","8":"tag-affiche","9":"tag-avengers","10":"tag-bandes-annonces","11":"tag-box-office","12":"tag-cinema","13":"tag-divertissement","14":"tag-entertainment","15":"tag-film","16":"tag-films","17":"tag-florence-pugh","18":"tag-fr","19":"tag-france","20":"tag-marvel","21":"tag-movies","22":"tag-salles","23":"tag-sebastian-stan"},"share_on_mastodon":{"url":"https:\/\/pubeurope.com\/@fr\/114463923479444201","error":""},"_links":{"self":[{"href":"https:\/\/www.europesays.com\/fr\/wp-json\/wp\/v2\/posts\/80662","targetHints":{"allow":["GET"]}}],"collection":[{"href":"https:\/\/www.europesays.com\/fr\/wp-json\/wp\/v2\/posts"}],"about":[{"href":"https:\/\/www.europesays.com\/fr\/wp-json\/wp\/v2\/types\/post"}],"author":[{"embeddable":true,"href":"https:\/\/www.europesays.com\/fr\/wp-json\/wp\/v2\/users\/2"}],"replies":[{"embeddable":true,"href":"https:\/\/www.europesays.com\/fr\/wp-json\/wp\/v2\/comments?post=80662"}],"version-history":[{"count":0,"href":"https:\/\/www.europesays.com\/fr\/wp-json\/wp\/v2\/posts\/80662\/revisions"}],"wp:featuredmedia":[{"embeddable":true,"href":"https:\/\/www.europesays.com\/fr\/wp-json\/wp\/v2\/media\/80663"}],"wp:attachment":[{"href":"https:\/\/www.europesays.com\/fr\/wp-json\/wp\/v2\/media?parent=80662"}],"wp:term":[{"taxonomy":"category","embeddable":true,"href":"https:\/\/www.europesays.com\/fr\/wp-json\/wp\/v2\/categories?post=80662"},{"taxonomy":"post_tag","embeddable":true,"href":"https:\/\/www.europesays.com\/fr\/wp-json\/wp\/v2\/tags?post=80662"}],"curies":[{"name":"wp","href":"https:\/\/api.w.org\/{rel}","templated":true}]}}