{"id":80674,"date":"2025-05-07T01:25:13","date_gmt":"2025-05-07T01:25:13","guid":{"rendered":"https:\/\/www.europesays.com\/fr\/80674\/"},"modified":"2025-05-07T01:25:13","modified_gmt":"2025-05-07T01:25:13","slug":"commerce-et-souverainete-rencontre-tendue-mais-courtoise-entre-carney-et-trump-actualites","status":"publish","type":"post","link":"https:\/\/www.europesays.com\/fr\/80674\/","title":{"rendered":"Commerce et souverainet\u00e9: rencontre tendue mais courtoise entre Carney et Trump : Actualit\u00e9s"},"content":{"rendered":"<p class=\"lead \">Le nouveau Premier ministre canadien Mark Carney et Donald Trump se sont jaug\u00e9s mardi lors d&rsquo;une rencontre tendue mais qui n&rsquo;a pas vir\u00e9 \u00e0 l&rsquo;esclandre, avec en arri\u00e8re-plan les menaces de guerre commerciale et d&rsquo;annexion \u00e0 nouveau r\u00e9p\u00e9t\u00e9es par le pr\u00e9sident am\u00e9ricain.<\/p>\n<p class=\"lead \">Pour leur premier face-\u00e0-face, derri\u00e8re les sourires affich\u00e9s dans le Bureau ovale, les deux dirigeants ont camp\u00e9 sur leurs positions: Carney a assur\u00e9 que son pays ne serait \u00ab\u00a0jamais \u00e0 vendre\u00a0\u00bb, Trump a r\u00e9torqu\u00e9 qu&rsquo;il ne fallait \u00ab\u00a0jamais dire jamais\u00a0\u00bb.<\/p>\n<p class=\"lead \">Le chef du gouvernement canadien a ensuite affirm\u00e9 avoir demand\u00e9 au pr\u00e9sident am\u00e9ricain de cesser de parler du Canada comme du 51e Etat des Etats-Unis, ce qu&rsquo;il fait depuis des mois. Mardi, Donald Trump a estim\u00e9 que ce serait pourtant un \u00ab\u00a0merveilleux mariage\u00a0\u00bb.<\/p>\n<p class=\"lead \">\u00ab\u00a0J&rsquo;ai dit (\u00e0 Trump): +C&rsquo;est pas utile de r\u00e9p\u00e9ter cette id\u00e9e+\u00a0\u00bb, a assur\u00e9 Carney en fran\u00e7ais lors d&rsquo;une conf\u00e9rence de presse \u00e0 l&rsquo;ambassade du Canada apr\u00e8s la rencontre \u00e0 la Maison Blanche.<\/p>\n<p class=\"lead \">&#8211; \u00ab\u00a0Progr\u00e8s\u00a0\u00bb &#8211;<\/p>\n<p class=\"lead \">Elu il y a une semaine sur la promesse de faire face au pr\u00e9sident am\u00e9ricain, dont les menaces angoissent les Canadiens, il devait \u00e9viter de braquer son impulsif interlocuteur pour ne pas compromettre un \u00e9ventuel accord commercial.<\/p>\n<p class=\"lead \">Donald Trump a toutefois r\u00e9p\u00e9t\u00e9 qu&rsquo;il ne reviendrait pas sur ses d\u00e9cisions concernant les droits de douane, estimant que rien ne pourrait l&rsquo;amener, m\u00eame apr\u00e8s discussion avec le Premier ministre canadien, \u00e0 revenir en arri\u00e8re. \u00ab\u00a0C&rsquo;est comme \u00e7a\u00a0\u00bb, a-t-il affirm\u00e9.<\/p>\n<p class=\"lead \">Le pr\u00e9sident r\u00e9publicain a d\u00e9j\u00e0 impos\u00e9 des droits de douane sur l&rsquo;acier et l&rsquo;aluminium canadiens, notamment, et menace son voisin du Nord de taxes douani\u00e8res g\u00e9n\u00e9ralis\u00e9es de 25%.<\/p>\n<p class=\"lead \">\u00ab\u00a0Le Canada devra \u00eatre capable de se d\u00e9brouiller seul sur le plan \u00e9conomique, a-t-il estim\u00e9. Il n&rsquo;y aucune raison pour que nous subventionnions le Canada.\u00a0\u00bb<\/p>\n<p class=\"lead \">N\u00e9anmoins Donald Trump \u00ab\u00a0adorerait\u00a0\u00bb trouver un nouvel accord commercial avec Ottawa, les deux pays \u00e9tant actuellement li\u00e9s par un accord de libre-\u00e9change (ACEUM) conclu pendant son premier mandat.<\/p>\n<p class=\"lead \">\u00ab\u00a0Ce sont des n\u00e9gociations tr\u00e8s complexes mais on a fait des progr\u00e8s\u00a0\u00bb, a consid\u00e9r\u00e9 Mark Carney \u00e0 l&rsquo;issue de leur rencontre, en r\u00e9p\u00e9tant qu&rsquo;il ne s&rsquo;attendait pas \u00e0 de la \u00ab\u00a0fum\u00e9e blanche\u00a0\u00bb imm\u00e9diatement, une m\u00e9taphore d&rsquo;actualit\u00e9 en ces temps de conclave.<\/p>\n<p class=\"lead \">Le Premier ministre canadien a qualifi\u00e9 ses \u00e9changes avec Donald Trump de \u00ab\u00a0tr\u00e8s constructifs\u00a0\u00bb et dit que les deux dirigeants les poursuivront \u00ab\u00a0dans les semaines \u00e0 venir\u00a0\u00bb, en particulier au sommet du G7 en juin, organis\u00e9 au Canada.<\/p>\n<p class=\"lead \">\u00ab\u00a0La question est de savoir comment nous allons coop\u00e9rer \u00e0 l&rsquo;avenir\u00a0\u00bb, a-t-il toutefois assur\u00e9, soulignant que son pays \u00e9tait le \u00ab\u00a0plus gros client\u00a0\u00bb pour les marchandises am\u00e9ricaines.<\/p>\n<p class=\"lead \">&#8211; \u00ab\u00a0Aucune tension\u00a0\u00bb &#8211;<\/p>\n<p class=\"lead \">La rencontre avait d\u00e9but\u00e9 sur un ton affable, Donald Trump qualifiant son invit\u00e9 d&rsquo;homme \u00ab\u00a0tr\u00e8s talentueux\u00a0\u00bb et \u00ab\u00a0tr\u00e8s bien\u00a0\u00bb, critiquant au passage l&rsquo;ancien Premier ministre Justin Trudeau, pour lequel le milliardaire new-yorkais a une f\u00e9roce antipathie.<\/p>\n<p class=\"lead \"> Le nouveau Premier ministre, au temp\u00e9rament mesur\u00e9 et \u00e0 l&rsquo;expression prudente, a une personnalit\u00e9 fort diff\u00e9rente de celle de l&rsquo;\u00e9ruptif pr\u00e9sident am\u00e9ricain, mais aussi de celle, tr\u00e8s extravertie, de son pr\u00e9d\u00e9cesseur.<\/p>\n<p class=\"lead \">Mais l&rsquo;atmosph\u00e8re s&rsquo;est alourdie dans le Bureau ovale \u00e0 mesure que Donald Trump insistait sur une possible annexion du Canada. Les mains nerveusement nou\u00e9es, Mark Carney a sembl\u00e9 plusieurs fois se retenir de l&rsquo;interrompre.<\/p>\n<p class=\"lead \">Le pr\u00e9sident am\u00e9ricain a cependant assur\u00e9 peu apr\u00e8s qu&rsquo;il n&rsquo;y avait eu \u00ab\u00a0aucune tension\u00a0\u00bb lors de cette \u00ab\u00a0tr\u00e8s bonne\u00a0\u00bb r\u00e9union. Il s&rsquo;est d&rsquo;ailleurs f\u00e9licit\u00e9 que la conversation n&rsquo;ait \u00ab\u00a0pas tourn\u00e9 comme cette petite crise avec une autre personne\u00a0\u00bb, en r\u00e9f\u00e9rence \u00e0 l&rsquo;incroyable altercation verbale qu&rsquo;il avait eue avec le pr\u00e9sident ukrainien Volodymyr Zelensky au m\u00eame endroit.<\/p>\n<p class=\"lead \">Novice en politique, Mark Carney est sorti victorieux des r\u00e9centes \u00e9lections l\u00e9gislatives alors que sa formation, le parti lib\u00e9ral (centre-gauche), \u00e9tait il y a encore quelques mois promise \u00e0 une cuisante d\u00e9faite.<\/p>\n<p class=\"lead \">\u00ab\u00a0Je suis la meilleure chose qui lui soit arriv\u00e9e\u00a0\u00bb, a plaisant\u00e9 Donald Trump mardi en \u00e9voquant cette victoire \u00e9lectorale \u00e0 laquelle ses attaques commerciales et ses menaces d&rsquo;annexion ont contribu\u00e9.<\/p>\n<p class=\"small font-weight-bold text-gray3 \"> publi\u00e9 le 6 mai \u00e0 23h41, AFP<\/p>\n<p>                             Partager<\/p>\n","protected":false},"excerpt":{"rendered":"Le nouveau Premier ministre canadien Mark Carney et Donald Trump se sont jaug\u00e9s mardi lors d&rsquo;une rencontre tendue&hellip;\n","protected":false},"author":2,"featured_media":80675,"comment_status":"","ping_status":"","sticky":false,"template":"","format":"standard","meta":{"footnotes":""},"categories":[5],"tags":[11,574,215,312,2822,1011,27,14,12,316,308,28],"class_list":{"0":"post-80674","1":"post","2":"type-post","3":"status-publish","4":"format-standard","5":"has-post-thumbnail","7":"category-international","8":"tag-actualites","9":"tag-canada","10":"tag-commerce","11":"tag-diplomatie","12":"tag-douanes","13":"tag-fr","14":"tag-france","15":"tag-international","16":"tag-news","17":"tag-politique","18":"tag-usa","19":"tag-world"},"share_on_mastodon":{"url":"https:\/\/pubeurope.com\/@fr\/114463947285207253","error":""},"_links":{"self":[{"href":"https:\/\/www.europesays.com\/fr\/wp-json\/wp\/v2\/posts\/80674","targetHints":{"allow":["GET"]}}],"collection":[{"href":"https:\/\/www.europesays.com\/fr\/wp-json\/wp\/v2\/posts"}],"about":[{"href":"https:\/\/www.europesays.com\/fr\/wp-json\/wp\/v2\/types\/post"}],"author":[{"embeddable":true,"href":"https:\/\/www.europesays.com\/fr\/wp-json\/wp\/v2\/users\/2"}],"replies":[{"embeddable":true,"href":"https:\/\/www.europesays.com\/fr\/wp-json\/wp\/v2\/comments?post=80674"}],"version-history":[{"count":0,"href":"https:\/\/www.europesays.com\/fr\/wp-json\/wp\/v2\/posts\/80674\/revisions"}],"wp:featuredmedia":[{"embeddable":true,"href":"https:\/\/www.europesays.com\/fr\/wp-json\/wp\/v2\/media\/80675"}],"wp:attachment":[{"href":"https:\/\/www.europesays.com\/fr\/wp-json\/wp\/v2\/media?parent=80674"}],"wp:term":[{"taxonomy":"category","embeddable":true,"href":"https:\/\/www.europesays.com\/fr\/wp-json\/wp\/v2\/categories?post=80674"},{"taxonomy":"post_tag","embeddable":true,"href":"https:\/\/www.europesays.com\/fr\/wp-json\/wp\/v2\/tags?post=80674"}],"curies":[{"name":"wp","href":"https:\/\/api.w.org\/{rel}","templated":true}]}}