{"id":807106,"date":"2026-03-18T09:14:45","date_gmt":"2026-03-18T09:14:45","guid":{"rendered":"https:\/\/www.europesays.com\/fr\/807106\/"},"modified":"2026-03-18T09:14:45","modified_gmt":"2026-03-18T09:14:45","slug":"franck-allisio-benoit-payan-et-martine-vassal-ont-repondu-aux-questions-dici-provence","status":"publish","type":"post","link":"https:\/\/www.europesays.com\/fr\/807106\/","title":{"rendered":"Franck Allisio, Beno\u00eet Payan et Martine Vassal ont r\u00e9pondu aux questions d&rsquo;ICI Provence"},"content":{"rendered":"<p>Martine Vassal, Franck Allisio et Beno\u00eet Payan sont les <a href=\"https:\/\/www.laprovence.com\/article\/elections\/30062016518127\/resultats-municipales-2026-a-marseille-payan-et-allisio-dans-un-mouchoir-de-poche-et-loin-devant-vassal-et-delogu\" target=\"_blank\" rel=\"nofollow noopener\">trois candidats qualifi\u00e9s<\/a>, \u00e0 Marseille, pour le second tour des municipales. Tous les trois ont \u00e9t\u00e9 invit\u00e9s, ce mercredi 18 mars, au micro <a href=\"https:\/\/www.francebleu.fr\/provence-alpes-cote-d-azur\/bouches-du-rhone-13\/marseille\/direct-municipales-2026-a-marseille-les-trois-candidats-au-second-tour-invites-d-ici-provence-1098600\" target=\"_blank\" rel=\"nofollow noopener\">d&rsquo;Ici Provence.<\/a><\/p>\n<p><a href=\"https:\/\/www.laprovence.com\/article\/elections\/1310468785991914\/municipales-2026-a-marseille-franck-allisio-rn-accuse-martine-vassal-dvd-de-vouloir-la-victoire-de-la-gauche\" target=\"_blank\" rel=\"nofollow noopener\">Franck Allisio,<\/a> le candidat du Rassemblement national, a estim\u00e9 que le nombre de candidats \u00e9tait\u00a0\u00ab\u00a0\u00e0 deux pour de vrai\u00a0\u00bb, \u00ab\u00a0\u00e0 trois sur le papier\u00a0\u00bb.<\/p>\n<p>Concernant le vote \u00e0 venir dimanche, il a estim\u00e9 que \u00ab\u00a0la mobilisation va \u00eatre tr\u00e8s forte, la surprise tr\u00e8s grande dimanche et la victoire encore plus belle\u00a0\u00bb.<\/p>\n<p>Et le candidat RN de pointer que \u00ab\u00a0<a href=\"https:\/\/www.laprovence.com\/article\/elections\/58388359229447\/municipales-2026-a-marseille-il-fallait-encaisser-le-choc-confie-martine-vassal-apres-un-long-silence\" target=\"_blank\" rel=\"nofollow noopener\">le maintien de Martine Vassal<\/a> n&rsquo;a strictement aucun sens\u00a0et\u00a0elle met Marseille en danger.\u00a0\u00bb<\/p>\n<p><a href=\"https:\/\/www.laprovence.com\/article\/elections\/1413232926673214\/municipales-2026-a-marseille-il-n-y-a-aucune-election-gagnee-d-avance-juge-benoit-payan-apres-le-retrait-de-lfi\" target=\"_blank\" rel=\"nofollow noopener\">Beno\u00eet Payan <\/a>a d\u00e9clar\u00e9 avoir eu \u00ab\u00a0trois adversaires dans cette campagne, un qui arrive directement du parti fond\u00e9 par P\u00e9tain, une autre qui cite P\u00e9tain et un autre qui ne savait pas qui \u00e9tait P\u00e9tain. Donc j&rsquo;en ai eu pour mon compte pendant la campagne, donc je pr\u00e9f\u00e8re m&rsquo;int\u00e9resser aux Marseillaises, aux Marseillais\u00a0\u00bb.<\/p>\n<p>De son c\u00f4t\u00e9, <a href=\"https:\/\/www.laprovence.com\/article\/elections\/95715511684213\/direct-laprovence-direct-municipales-2026-strategies-tractations-depots-de-listes-journee-decisive-dans-lentre-deux-tours\" target=\"_blank\" rel=\"nofollow noopener\">Martine Vassal<\/a> a soulign\u00e9 : \u00ab\u00a0J&rsquo;ai toujours dit que Beno\u00eet Payan avait d\u00e9j\u00e0 un accord avec la France Insoumise, puisqu&rsquo;il a d\u00e9j\u00e0 sur ses listes des personnes de <a href=\"https:\/\/www.laprovence.com\/article\/elections\/1449405276327114\/municipales-2026-a-marseille-pour-sebastien-delogu-lfi-un-retrait-douloureux-mais-necessaire\" target=\"_blank\" rel=\"nofollow noopener\">la France insoumise<\/a>\u00ab\u00a0. Le maire sortant d\u00e9nonce une \u00ab\u00a0fake news.\u00a0\u00bb<\/p>\n<p><img alt=\"\" loading=\"lazy\" width=\"18\" height=\"18\" decoding=\"async\" data-nimg=\"1\" class=\"mx-[8px]\" style=\"color:transparent\" src=\"https:\/\/www.laprovence.com\/_next\/static\/media\/comment.a97bda1a.svg\"\/>D\u00e9marrez la conversation<\/p>\n<p class=\"text-[1.8rem] mt-[32px]\">Votre opinion compte pour nous. Rejoignez la communaut\u00e9 laprovence.com en r\u00e9agissant sur l&rsquo;article Municipales \u00e0 Marseille : Franck Allisio, Beno\u00eet Payan et Martine Vassal s&rsquo;affrontent sur ICI Provence.<\/p>\n","protected":false},"excerpt":{"rendered":"Martine Vassal, Franck Allisio et Beno\u00eet Payan sont les trois candidats qualifi\u00e9s, \u00e0 Marseille, pour le second tour&hellip;\n","protected":false},"author":2,"featured_media":807107,"comment_status":"","ping_status":"","sticky":false,"template":"","format":"standard","meta":{"footnotes":"","_share_on_mastodon":"0"},"categories":[2814],"tags":[5734,1111,11,19140,16980,1777,674,1011,27,12182,884,10203,3554,12,19988,316,882,25],"class_list":["post-807106","post","type-post","status-publish","format-standard","has-post-thumbnail","category-marseille","tag-5734","tag-actu","tag-actualites","tag-allisio","tag-benoit","tag-eu","tag-europe","tag-fr","tag-france","tag-franck","tag-marseille","tag-martine","tag-municipales","tag-news","tag-payan","tag-politique","tag-provence-alpes-cote-dazur","tag-republique-francaise"],"share_on_mastodon":{"url":"https:\/\/pubeurope.com\/@fr\/116249419344657411","error":""},"_links":{"self":[{"href":"https:\/\/www.europesays.com\/fr\/wp-json\/wp\/v2\/posts\/807106","targetHints":{"allow":["GET"]}}],"collection":[{"href":"https:\/\/www.europesays.com\/fr\/wp-json\/wp\/v2\/posts"}],"about":[{"href":"https:\/\/www.europesays.com\/fr\/wp-json\/wp\/v2\/types\/post"}],"author":[{"embeddable":true,"href":"https:\/\/www.europesays.com\/fr\/wp-json\/wp\/v2\/users\/2"}],"replies":[{"embeddable":true,"href":"https:\/\/www.europesays.com\/fr\/wp-json\/wp\/v2\/comments?post=807106"}],"version-history":[{"count":0,"href":"https:\/\/www.europesays.com\/fr\/wp-json\/wp\/v2\/posts\/807106\/revisions"}],"wp:featuredmedia":[{"embeddable":true,"href":"https:\/\/www.europesays.com\/fr\/wp-json\/wp\/v2\/media\/807107"}],"wp:attachment":[{"href":"https:\/\/www.europesays.com\/fr\/wp-json\/wp\/v2\/media?parent=807106"}],"wp:term":[{"taxonomy":"category","embeddable":true,"href":"https:\/\/www.europesays.com\/fr\/wp-json\/wp\/v2\/categories?post=807106"},{"taxonomy":"post_tag","embeddable":true,"href":"https:\/\/www.europesays.com\/fr\/wp-json\/wp\/v2\/tags?post=807106"}],"curies":[{"name":"wp","href":"https:\/\/api.w.org\/{rel}","templated":true}]}}