{"id":80714,"date":"2025-05-07T01:49:14","date_gmt":"2025-05-07T01:49:14","guid":{"rendered":"https:\/\/www.europesays.com\/fr\/80714\/"},"modified":"2025-05-07T01:49:14","modified_gmt":"2025-05-07T01:49:14","slug":"girondins-andy-carroll-aurait-pu-avoir-une-histoire-magnifique-avec-bordeaux","status":"publish","type":"post","link":"https:\/\/www.europesays.com\/fr\/80714\/","title":{"rendered":"Girondins : \u201cAndy Carroll aurait pu avoir une histoire magnifique avec Bordeaux\u201d"},"content":{"rendered":"<p><img decoding=\"async\" src=\"https:\/\/www.europesays.com\/fr\/wp-content\/uploads\/2025\/04\/671_77687adf366b9acbdc55a6a965548482.jpg\" alt=\"Girondins : \u201cAndy Carroll aurait pu avoir une histoire magnifique avec Bordeaux\u201d\" class=\"img-responsive mt-3\"\/><\/p>\n<p class=\"text-center mb-3\" style=\"font-size: 14px\">\u00a9 Iconsport<\/p>\n<p style=\"text-align: justify;\">\u00c9coutez ses propos ou lisez-les :<\/p>\n<p>\u00a0<\/p>\n<p><strong>\u201cL\u2019objectif \u00e9tait que Andy Carroll puisse nous amener vers la Nationale et qu&rsquo;on puisse l&rsquo;amener avec nous\u201d<\/strong><\/p>\n<p style=\"text-align: justify;\">Samuel Vaslin dans le <a href=\"https:\/\/www.youtube.com\/watch?v=3M3c46p8Gjs&amp;t=319s\" target=\"_blank\" rel=\"noopener\">Talk sur WebGirondins<\/a> : \u201cQu&rsquo;est-ce qu&rsquo;on a fait d&rsquo;Andy Carroll ? Pourquoi on se pose la question aujourd&rsquo;hui ? C&rsquo;est parce qu&rsquo;on va rester en National 2. L\u2019objectif \u00e9tait que Andy Carroll puisse nous amener vers la N1 et qu&rsquo;on puisse l&rsquo;amener avec nous. \u00c7a aurait d\u00fb \u00eatre un des leaders du groupe, qui rentre pour les 15-20 derni\u00e8res minutes, peut-\u00eatre pour des matchs un peu compliqu\u00e9s o\u00f9 tu balances devant ou parce qu\u2019on est men\u00e9. En ce sens, il aurait pu \u00eatre utile.\u201d<\/p>\n<p><strong>\u201cDepuis six mois, j&rsquo;ai l&rsquo;impression qu&rsquo;il n&rsquo;est plus l\u00e0\u201d<\/strong><\/p>\n<p style=\"text-align: justify;\">\u201cQu&rsquo;est-ce qui s&rsquo;est pass\u00e9 ? Il a \u00e9t\u00e9 bless\u00e9. On ne l&rsquo;a pas eu pendant deux mois. Et depuis qu&rsquo;il est revenu, on le fait jouer \u00e0 un poste qui n&rsquo;est pas du tout le sien. Quand il arrive, on avait beaucoup lou\u00e9 le fait qu&rsquo; il tire l&rsquo;\u00e9quipe vers le haut. Pour beaucoup, c&rsquo;est un honneur de jouer avec un mec comme Andy Carroll. Quelque part, j&rsquo;ai eu beaucoup d&rsquo;affection pour ce qu&rsquo;il a fait pendant les six premiers mois. Et, comme je le dis, depuis six mois, j&rsquo;ai l&rsquo;impression qu&rsquo;il n&rsquo;est plus l\u00e0. J&rsquo;ai vraiment l&rsquo;impression qu\u2019on est au foot du dimanche : tu es oblig\u00e9 d&rsquo;utiliser le mec qui devrait cr\u00e9er du jeu ou marquer des buts, dans un poste o\u00f9 il a beaucoup moins de qualit\u00e9. Et c&rsquo;est le sentiment que j&rsquo;ai avec Carroll.\u201d<\/p>\n<p><strong>\u201c13 000 \u20ac par mois c&rsquo;est un peu beaucoup pour la N2<\/strong>\u201c<\/p>\n<p style=\"text-align: justify;\">\u00ab\u00a0Quand on met tout \u00e7a bout \u00e0 bout, on peut questionner l\u2019int\u00e9r\u00eat de le garder une saison de plus en N2, sachant qu&rsquo;on va tr\u00e8s certainement garder Beugr\u00e9. Donc, si on a Beugr\u00e9, \u00e7a ne sert \u00e0 rien d&rsquo;avoir Carroll m\u00eame pour 20 minutes. En National 1, \u00e7a ne m&rsquo;aurait pas d\u00e9rang\u00e9 de faire l&rsquo;effort, mais en N2, 13 000 \u20ac par mois c&rsquo;est un peu beaucoup. Donc, malheureusement, il s&rsquo;inscrit dans la longue liste de mecs dans l\u2019\u00e8re G\u00e9rard Lopez qui auraient pu avoir une histoire magnifique avec le club, mais qui va s&rsquo;arr\u00eater parce que sa gestion a \u00e9t\u00e9 mauvaise.\u201d<\/p>\n<p style=\"text-align: justify;\">Qu&rsquo;en pensez-vous ? Donne votre avis sur cette question en r\u00e9pondant \u00e0 la consultation ci-dessous et pr\u00e9cisez vos arguments dans les commentaires.<\/p>\n<p style=\"text-align: justify;\">La consultation :<\/p>\n<p>\u00a0<\/p>\n<p>\u00a0<\/p>\n<p>\u00c0 lire aussi &gt;&gt;\u00a0<a href=\"https:\/\/www.webgirondins.com\/actualite-girondins-girondins-bordeaux-aurait-il-pu-monter-en-national-1-avec-l-etat-de-ses-finances-128954\" target=\"_blank\" rel=\"noopener\"><strong>Bordeaux aurait-il pu monter en National 1 avec l&rsquo;\u00e9tat de ses finances ?<\/strong><\/a><\/p>\n<p>\u00a0<\/p>\n","protected":false},"excerpt":{"rendered":"\u00a9 Iconsport \u00c9coutez ses propos ou lisez-les : \u00a0 \u201cL\u2019objectif \u00e9tait que Andy Carroll puisse nous amener vers&hellip;\n","protected":false},"author":2,"featured_media":11363,"comment_status":"","ping_status":"","sticky":false,"template":"","format":"standard","meta":{"footnotes":""},"categories":[2817],"tags":[1111,11,3385,11966,3396,6661,1997,3386,5244,1446,5404,1777,674,1011,27,1987,937,18802,2957,18799,12,2219,12880,18801,25,8291,3242,9863,18803,5234,18800,9864,5238],"class_list":{"0":"post-80714","1":"post","2":"type-post","3":"status-publish","4":"format-standard","5":"has-post-thumbnail","7":"category-bordeaux","8":"tag-actu","9":"tag-actualites","10":"tag-andy","11":"tag-aurait","12":"tag-avec","13":"tag-avoir","14":"tag-bordeaux","15":"tag-carroll","16":"tag-club","17":"tag-dans","18":"tag-doit","19":"tag-eu","20":"tag-europe","21":"tag-fr","22":"tag-france","23":"tag-girondins","24":"tag-histoire","25":"tag-interrogation","26":"tag-journaliste","27":"tag-magnifique","28":"tag-news","29":"tag-nouvelle-aquitaine","30":"tag-prochaine","31":"tag-repondre","32":"tag-republique-francaise","33":"tag-rester","34":"tag-saison","35":"tag-samuel","36":"tag-suivante","37":"tag-talk","38":"tag-tente","39":"tag-vaslin","40":"tag-webgirondins"},"share_on_mastodon":{"url":"https:\/\/pubeurope.com\/@fr\/114464041442585041","error":""},"_links":{"self":[{"href":"https:\/\/www.europesays.com\/fr\/wp-json\/wp\/v2\/posts\/80714","targetHints":{"allow":["GET"]}}],"collection":[{"href":"https:\/\/www.europesays.com\/fr\/wp-json\/wp\/v2\/posts"}],"about":[{"href":"https:\/\/www.europesays.com\/fr\/wp-json\/wp\/v2\/types\/post"}],"author":[{"embeddable":true,"href":"https:\/\/www.europesays.com\/fr\/wp-json\/wp\/v2\/users\/2"}],"replies":[{"embeddable":true,"href":"https:\/\/www.europesays.com\/fr\/wp-json\/wp\/v2\/comments?post=80714"}],"version-history":[{"count":0,"href":"https:\/\/www.europesays.com\/fr\/wp-json\/wp\/v2\/posts\/80714\/revisions"}],"wp:featuredmedia":[{"embeddable":true,"href":"https:\/\/www.europesays.com\/fr\/wp-json\/wp\/v2\/media\/11363"}],"wp:attachment":[{"href":"https:\/\/www.europesays.com\/fr\/wp-json\/wp\/v2\/media?parent=80714"}],"wp:term":[{"taxonomy":"category","embeddable":true,"href":"https:\/\/www.europesays.com\/fr\/wp-json\/wp\/v2\/categories?post=80714"},{"taxonomy":"post_tag","embeddable":true,"href":"https:\/\/www.europesays.com\/fr\/wp-json\/wp\/v2\/tags?post=80714"}],"curies":[{"name":"wp","href":"https:\/\/api.w.org\/{rel}","templated":true}]}}