{"id":80725,"date":"2025-05-07T01:55:16","date_gmt":"2025-05-07T01:55:16","guid":{"rendered":"https:\/\/www.europesays.com\/fr\/80725\/"},"modified":"2025-05-07T01:55:16","modified_gmt":"2025-05-07T01:55:16","slug":"ce-quartier-boucle-par-les-forces-de-lordre","status":"publish","type":"post","link":"https:\/\/www.europesays.com\/fr\/80725\/","title":{"rendered":"ce quartier boucl\u00e9 par les forces de l&rsquo;ordre"},"content":{"rendered":"<p>            Par<br \/>\n        <strong><br \/>\n            <a href=\"https:\/\/actu.fr\/auteur\/fabien-binacchi\" title=\"Consulter tous les articles de Fabien Binacchi\" rel=\"nofollow noopener\" target=\"_blank\">Fabien Binacchi<\/a><br \/>\n        <\/strong><\/p>\n<p>        Publi\u00e9 le<\/p>\n<p>            6 mai 2025 \u00e0 18h17        <\/p>\n<p><strong>Avec Thibault Nadal<\/strong><\/p>\n<p class=\" wall-content\">Quartier boucl\u00e9, tram \u00e0 l\u2019arr\u00eat et moment de panique\u2026<\/p>\n<p class=\" wall-content\">Ce mardi 6\u00a0mai 2025, <strong>une partie du boulevard Chave,<\/strong> dans le 5e arrondissement de <a href=\"https:\/\/actu.fr\/marseille\/\" rel=\"nofollow noopener\" target=\"_blank\">Marseille<\/a>, est sanctuaris\u00e9e par les services de secours et les forces de l\u2019ordre apr\u00e8s <strong>des bruits d\u2019\u00ab\u2009explosion\u2009\u00bb, selon des riverains.<\/strong><\/p>\n<p class=\" wall-content\">Des bouteilles contenant un liquide qui n\u2019a pas \u00e9t\u00e9 identifi\u00e9 auraient \u00e9clat\u00e9 et produit une d\u00e9tonation, indique la pr\u00e9fecture de police. Un de ces projectiles aurait \u00e9galement \u00e9t\u00e9 d\u00e9couvert sur la place Jean-Jaur\u00e8s.<\/p>\n<p>Pas de bless\u00e9<\/p>\n<p class=\" wall-content\">Vers 17h ce mardi 6\u00a0mai 2025, la RTM annonce une interruption du trafic sur sa ligne de tramway T1. Les pompiers sont en intervention sur le boulevard Chave, <strong>entre les num\u00e9ros\u00a0114 et\u00a0149.<\/strong> Le quartier est boucl\u00e9. Et la police prend rapidement le relais<\/p>\n<p class=\" wall-content\">\u00ab\u2009Des bouteilles types bouteilles de soda auraient \u00e9clat\u00e9 et produit une d\u00e9tonation\u2009\u00bb selon les premiers \u00e9l\u00e9ments, indique la pr\u00e9fecture de police.<\/p>\n<p>Vid\u00e9os : en ce moment sur Actu<\/p>\n<p class=\" wall-content\">L\u2019incident n\u2019a pas fait de bless\u00e9 ni provoqu\u00e9 de d\u00e9g\u00e2ts.<\/p>\n<p>\u00ab\u2009\u00c7a sentait bizarre\u2009\u00bb<\/p>\n<p class=\" wall-content\">Sur place, des riverains confirment \u00e0 actu Marseille que des \u00ab\u2009explosions\u2009\u00bb ont \u00e9t\u00e9 entendues\u2009: \u00ab\u2009quelqu\u2019un a balanc\u00e9 <strong>une bombe chimique maison<\/strong>\u2009\u00bb, avance un habitant.<\/p>\n<p class=\" wall-content\">\n<p class=\" wall-content\">Une employ\u00e9e d\u2019une boulangerie raconte\u2009: \u00ab\u2009J\u2019\u00e9tais en train de vendre mon pain. Quelqu\u2019un a lanc\u00e9 une bouteille devant la porte. Elle a explos\u00e9 et du gaz s\u2019est \u00e9chapp\u00e9. \u00c7a sentait bizarre. <strong>J\u2019\u00e9tais hyper stress\u00e9e.<\/strong> On a mis une serpilli\u00e8re devant la porte.\u2009\u00bb<\/p>\n<p class=\" wall-content\">Selon une source polici\u00e8re, sur place, des bouteilles auraient \u00e9t\u00e9 retrouv\u00e9es au total sur trois sites diff\u00e9rents, sur le boulevard Chave mais aussi sur la place Jean-Jaur\u00e8s.<\/p>\n<p class=\" wall-content\"><strong>Les contenants ont \u00e9t\u00e9 saisis et vont \u00eatre analys\u00e9s.<\/strong><\/p>\n<p>Le tram toujours interrompu<\/p>\n<p class=\" wall-content\">Les forces de l\u2019ordre sont toujours sur le boulevard Chave \u00e0 18h30.<\/p>\n<p class=\" wall-content\">La circulation du tramway est toujours interrompue sur ce secteur, indique la RTM. Les arr\u00eats Noailles, Eug\u00e8ne Pierre, Camas, George, Jean Martin ne sont pas desservis.<\/p>\n<p class=\" wall-content\">Pour suivre l\u2019\u00e9volution du trafic, rendez-vous <a href=\"https:\/\/www.rtm.fr\/infos-trafic\" rel=\"nofollow noopener\" target=\"_blank\">sur le site de la r\u00e9gie.<\/a><\/p>\n<p class=\" wall-content\">Suivez toute l\u2019actualit\u00e9 de vos villes et m\u00e9dias favoris en vous inscrivant \u00e0 <a href=\"https:\/\/moncompte.actu.fr\" title=\"D\u00e9couvez Mon Actu\" rel=\"nofollow noopener\" data-trk=\"{&quot;cta&quot;:{&quot;action&quot;:&quot;https:\\\/\\\/moncompte.actu.fr&quot;,&quot;category&quot;:&quot;mon compte&quot;,&quot;from&quot;:&quot;article footer&quot;,&quot;name&quot;:&quot;Mon actu&quot;,&quot;type&quot;:&quot;cta&quot;}}\" target=\"_blank\">Mon Actu<\/a>.<\/p>\n","protected":false},"excerpt":{"rendered":"Par Fabien Binacchi Publi\u00e9 le 6 mai 2025 \u00e0 18h17 Avec Thibault Nadal Quartier boucl\u00e9, tram \u00e0 l\u2019arr\u00eat&hellip;\n","protected":false},"author":2,"featured_media":80726,"comment_status":"","ping_status":"","sticky":false,"template":"","format":"standard","meta":{"footnotes":""},"categories":[2814],"tags":[1111,11,1777,674,118,1011,27,884,12,1072,882,25,10783],"class_list":{"0":"post-80725","1":"post","2":"type-post","3":"status-publish","4":"format-standard","5":"has-post-thumbnail","7":"category-marseille","8":"tag-actu","9":"tag-actualites","10":"tag-eu","11":"tag-europe","12":"tag-faits-divers","13":"tag-fr","14":"tag-france","15":"tag-marseille","16":"tag-news","17":"tag-police","18":"tag-provence-alpes-cote-dazur","19":"tag-republique-francaise","20":"tag-rtm"},"share_on_mastodon":{"url":"https:\/\/pubeurope.com\/@fr\/114464065025544148","error":""},"_links":{"self":[{"href":"https:\/\/www.europesays.com\/fr\/wp-json\/wp\/v2\/posts\/80725","targetHints":{"allow":["GET"]}}],"collection":[{"href":"https:\/\/www.europesays.com\/fr\/wp-json\/wp\/v2\/posts"}],"about":[{"href":"https:\/\/www.europesays.com\/fr\/wp-json\/wp\/v2\/types\/post"}],"author":[{"embeddable":true,"href":"https:\/\/www.europesays.com\/fr\/wp-json\/wp\/v2\/users\/2"}],"replies":[{"embeddable":true,"href":"https:\/\/www.europesays.com\/fr\/wp-json\/wp\/v2\/comments?post=80725"}],"version-history":[{"count":0,"href":"https:\/\/www.europesays.com\/fr\/wp-json\/wp\/v2\/posts\/80725\/revisions"}],"wp:featuredmedia":[{"embeddable":true,"href":"https:\/\/www.europesays.com\/fr\/wp-json\/wp\/v2\/media\/80726"}],"wp:attachment":[{"href":"https:\/\/www.europesays.com\/fr\/wp-json\/wp\/v2\/media?parent=80725"}],"wp:term":[{"taxonomy":"category","embeddable":true,"href":"https:\/\/www.europesays.com\/fr\/wp-json\/wp\/v2\/categories?post=80725"},{"taxonomy":"post_tag","embeddable":true,"href":"https:\/\/www.europesays.com\/fr\/wp-json\/wp\/v2\/tags?post=80725"}],"curies":[{"name":"wp","href":"https:\/\/api.w.org\/{rel}","templated":true}]}}