{"id":80766,"date":"2025-05-07T02:21:10","date_gmt":"2025-05-07T02:21:10","guid":{"rendered":"https:\/\/www.europesays.com\/fr\/80766\/"},"modified":"2025-05-07T02:21:10","modified_gmt":"2025-05-07T02:21:10","slug":"cyclisme-tour-feminin-des-pyrenees","status":"publish","type":"post","link":"https:\/\/www.europesays.com\/fr\/80766\/","title":{"rendered":"Cyclisme. Tour F\u00e9minin des Pyr\u00e9n\u00e9es"},"content":{"rendered":"<p>Du 13 au 15 juin 2025, le peloton f\u00e9minin a rendez-vous avec les reliefs pyr\u00e9n\u00e9ens pour la 4e \u00e9dition du <strong><a href=\"https:\/\/www.cyclismactu.net\/..\/news-interview-route-elisabeth-chevanne-le-tour-feminin-des-pyrenees-continue-85120.html\" target=\"_blank\" rel=\"noopener\">Tour F\u00e9minin International des Pyr\u00e9n\u00e9es<\/a><\/strong>. Class\u00e9e UCI 2.1, l\u2019\u00e9preuve propose un parcours de 371 km r\u00e9parti sur trois jours, alternant \u00e9tapes vallonn\u00e9es, arriv\u00e9e en altitude et finale urbaine \u00e0 Pau. Le point d\u2019orgue sera sans conteste l\u2019arriv\u00e9e au sommet du Col du Soulor, qui pourrait bouleverser le classement g\u00e9n\u00e9ral. Avec la pr\u00e9sence de plusieurs \u00e9quipes WorldTour et d\u2019un peloton international relev\u00e9, la course s\u2019annonce anim\u00e9e et spectaculaire.<\/p>\n<p>Vid\u00e9o &#8211; \u00c9lisabeth Chevanne, directrice de la course, \u00e0 notre micro Lire la suite de l&rsquo;article&#13;<\/p>\n<p>\u00a0<\/p>\n<p>&#13;<br \/>\n<strong>Le parcours<\/strong>&#13;<\/p>\n<ul>&#13;<\/p>\n<li>&#13;\n<p><strong>\u00c9tape 1 \u2013 Vendredi 13 juin<\/strong> : Arzacq-Arraziguet \u2192 Barbazan-Debat<br \/>112,6 km \u2013 D\u00e9nivel\u00e9 : +693 m<\/p>\n<p>&#13;\n<\/li>\n<p>&#13;<\/p>\n<li>&#13;\n<p><strong>\u00c9tape 2 \u2013 Samedi 14 juin<\/strong> : Trie-sur-Ba\u00efse \u2192 Col du Soulor<br \/>134,5 km \u2013 D\u00e9nivel\u00e9 : +2 296 m<\/p>\n<p>&#13;\n<\/li>\n<p>&#13;<\/p>\n<li>&#13;\n<p><strong>\u00c9tape 3 \u2013 Dimanche 15 juin<\/strong> : Abidos \u2192 Pau<br \/>124 km \u2013 D\u00e9nivel\u00e9 : +1 835 m<\/p>\n<p>&#13;\n<\/li>\n<p>&#13;\n<\/ul>\n<p>&#13;<\/p>\n<p style=\"text-align: center;\">\n<p>&#13;<\/p>\n<p>\u00a0<\/p>\n<p>&#13;<br \/>\n<strong>\u00c9quipes engag\u00e9es<\/strong>&#13;<\/p>\n<p><strong>WorldTeams :<\/strong><\/p>\n<p>&#13;<\/p>\n<ul>&#13;<\/p>\n<li>&#13;\n<p>UAE Team ADQ<\/p>\n<p>&#13;\n<\/li>\n<p>&#13;<\/p>\n<li>&#13;\n<p>Uno-X Mobility<\/p>\n<p>&#13;\n<\/li>\n<p>&#13;<\/p>\n<li>&#13;\n<p>FDJ &#8211; SUEZ<\/p>\n<p>&#13;\n<\/li>\n<p>&#13;<\/p>\n<li>&#13;\n<p>Human Powered Health<\/p>\n<p>&#13;\n<\/li>\n<p>&#13;\n<\/ul>\n<p>&#13;<\/p>\n<p><strong>ProTeams :<\/strong><\/p>\n<p>&#13;<\/p>\n<ul>&#13;<\/p>\n<li>&#13;\n<p>Ark\u00e9a &#8211; B&amp;B Hotels Women<\/p>\n<p>&#13;\n<\/li>\n<p>&#13;<\/p>\n<li>&#13;\n<p>Cofidis Women Team<\/p>\n<p>&#13;\n<\/li>\n<p>&#13;<\/p>\n<li>&#13;\n<p>Laboral Kutxa &#8211; Fundaci\u00f3n Euskadi<\/p>\n<p>&#13;\n<\/li>\n<p>&#13;<\/p>\n<li>&#13;\n<p>St Michel &#8211; Mavic &#8211; Auber93<\/p>\n<p>&#13;\n<\/li>\n<p>&#13;<\/p>\n<li>&#13;\n<p>Winspace Orange Seal<\/p>\n<p>&#13;\n<\/li>\n<p>&#13;<\/p>\n<li>&#13;\n<p>Team Farto &#8211; Kiroot<\/p>\n<p>&#13;\n<\/li>\n<p>&#13;\n<\/ul>\n<p>&#13;<\/p>\n<p><strong>\u00c9quipes continentales et clubs :<\/strong><\/p>\n<p>&#13;<\/p>\n<ul>&#13;<\/p>\n<li>&#13;\n<p>Canyon\/\/SRAM Generation<\/p>\n<p>&#13;\n<\/li>\n<p>&#13;<\/p>\n<li>&#13;\n<p>Cynisca Cycling<\/p>\n<p>&#13;\n<\/li>\n<p>&#13;<\/p>\n<li>&#13;\n<p>WCC Team<\/p>\n<p>&#13;\n<\/li>\n<p>&#13;<\/p>\n<li>&#13;\n<p>Born to Win Zhiraf<\/p>\n<p>&#13;\n<\/li>\n<p>&#13;<\/p>\n<li>&#13;\n<p>Team Mendelspeck E-Work<\/p>\n<p>&#13;\n<\/li>\n<p>&#13;<\/p>\n<li>&#13;\n<p>CJ O&rsquo;Shea Racing<\/p>\n<p>&#13;\n<\/li>\n<p>&#13;<\/p>\n<li>&#13;\n<p>A.R. Monex Women&rsquo;s Pro Cycling Team<\/p>\n<p>&#13;\n<\/li>\n<p>&#13;<\/p>\n<li>&#13;\n<p>Matos Mobility Flexaco IHS<\/p>\n<p>&#13;\n<\/li>\n<p>&#13;<\/p>\n<li>&#13;\n<p>Chamb\u00e9ry Cyclisme Comp\u00e9tition<\/p>\n<p>&#13;\n<\/li>\n<p>&#13;\n<\/ul>\n","protected":false},"excerpt":{"rendered":"Du 13 au 15 juin 2025, le peloton f\u00e9minin a rendez-vous avec les reliefs pyr\u00e9n\u00e9ens pour la 4e&hellip;\n","protected":false},"author":2,"featured_media":80767,"comment_status":"","ping_status":"","sticky":false,"template":"","format":"standard","meta":{"footnotes":""},"categories":[1411],"tags":[1154,207,211,1011,27,209,60,210,18806,212,208,213],"class_list":{"0":"post-80766","1":"post","2":"type-post","3":"status-publish","4":"format-standard","5":"has-post-thumbnail","7":"category-cyclisme","8":"tag-cycling","9":"tag-cyclisme","10":"tag-ffc","11":"tag-fr","12":"tag-france","13":"tag-route","14":"tag-sports","15":"tag-tour-de-france","16":"tag-tour-feminin-des-pyrenees","17":"tag-uci","18":"tag-velo","19":"tag-world-tour"},"share_on_mastodon":{"url":"https:\/\/pubeurope.com\/@fr\/114464167278844062","error":""},"_links":{"self":[{"href":"https:\/\/www.europesays.com\/fr\/wp-json\/wp\/v2\/posts\/80766","targetHints":{"allow":["GET"]}}],"collection":[{"href":"https:\/\/www.europesays.com\/fr\/wp-json\/wp\/v2\/posts"}],"about":[{"href":"https:\/\/www.europesays.com\/fr\/wp-json\/wp\/v2\/types\/post"}],"author":[{"embeddable":true,"href":"https:\/\/www.europesays.com\/fr\/wp-json\/wp\/v2\/users\/2"}],"replies":[{"embeddable":true,"href":"https:\/\/www.europesays.com\/fr\/wp-json\/wp\/v2\/comments?post=80766"}],"version-history":[{"count":0,"href":"https:\/\/www.europesays.com\/fr\/wp-json\/wp\/v2\/posts\/80766\/revisions"}],"wp:featuredmedia":[{"embeddable":true,"href":"https:\/\/www.europesays.com\/fr\/wp-json\/wp\/v2\/media\/80767"}],"wp:attachment":[{"href":"https:\/\/www.europesays.com\/fr\/wp-json\/wp\/v2\/media?parent=80766"}],"wp:term":[{"taxonomy":"category","embeddable":true,"href":"https:\/\/www.europesays.com\/fr\/wp-json\/wp\/v2\/categories?post=80766"},{"taxonomy":"post_tag","embeddable":true,"href":"https:\/\/www.europesays.com\/fr\/wp-json\/wp\/v2\/tags?post=80766"}],"curies":[{"name":"wp","href":"https:\/\/api.w.org\/{rel}","templated":true}]}}