{"id":80776,"date":"2025-05-07T02:26:10","date_gmt":"2025-05-07T02:26:10","guid":{"rendered":"https:\/\/www.europesays.com\/fr\/80776\/"},"modified":"2025-05-07T02:26:10","modified_gmt":"2025-05-07T02:26:10","slug":"gaelle-raconte-ses-explications-hors-camera-avec-maxime-dans-koh-lanta","status":"publish","type":"post","link":"https:\/\/www.europesays.com\/fr\/80776\/","title":{"rendered":"Ga\u00eblle raconte ses explications hors cam\u00e9ra avec Maxime dans \u00abKoh-Lanta\u00bb"},"content":{"rendered":"<p><strong>ENTRETIEN &#8211;<\/strong> Personnalit\u00e9 solaire et v\u00e9ritable battante, la m\u00e8re au foyer de 34 ans install\u00e9e dans l\u2019Ain a donn\u00e9 une nouvelle dimension \u00e0 son aventure apr\u00e8s l\u2019\u00e9limination de son amie Louise.<\/p>\n<p class=\"fig-paragraph\">\u00ab Maxime est tellement b\u00eate, il se venge sur Louise, je trouve \u00e7a nul. Je n\u2019ai plus aucun respect pour cette personne.\u00a0\u00bb Au matin du 27e jour de\u00a0<a href=\"https:\/\/tvmag.lefigaro.fr\/programme-tv\/programme\/koh-lanta-f1586033741\" target=\"_blank\" rel=\"noopener\" data-gtm-custom-categorie=\"navigation\" data-gtm-custom-action=\"crossclick\" data-gtm-custom-label=\"Contextuel\" data-gtm-event=\"customEventSPE\"><strong>\u00ab Koh-Lanta, la revanche des 4 terres\u00a0\u00bb<\/strong><\/a> \u00a0tourn\u00e9 l\u2019automne dernier aux Philippines, <strong>Ga\u00eblle<\/strong> a exprim\u00e9 face cam\u00e9ra son ressentiment pour celui qui \u00e9tait son alli\u00e9 dans l\u2019\u00e9quipe de l\u2019Est. Sacrifi\u00e9 par les quatre ambassadeurs (Fr\u00e9d\u00e9ric, Louise, Ma\u00ebl et Pierre-Marie), Maxime a pu faire son retour\u00a0<a href=\"http:\/\/tvmag.lefigaro.fr\/programme-tv\/tele-realite\/une-douleur-fulgurante-frederic-de-koh-lanta-rapatrie-en-urgence-en-france-apres-sa-blessure-20250430\" target=\"_blank\" data-fig-type=\"Article\" rel=\"noopener\" data-gtm-custom-categorie=\"navigation\" data-gtm-custom-action=\"crossclick\" data-gtm-custom-label=\"Contextuel\" data-gtm-event=\"customEventSPE\" data-fig-domain=\"TVMAG\">gr\u00e2ce \u00e0 l\u2019abandon m\u00e9dical de Fr\u00e9d\u00e9ric<\/a>\u00a0et se venger de Louise en contribuant \u00e0 son \u00e9limination au conseil.<\/p>\n<p class=\"fig-paragraph\">\u00ab Cela me choque, c\u2019\u00e9tait \u00e0 toi Maxime de prendre tes responsabilit\u00e9s et d\u2019aller aux ambassadeurs pour d\u00e9fendre ta tribu verte, lui a ouvertement reproch\u00e9 Ga\u00eblle. Tu es juste un petit joueur.\u00a0\u00bb Loin de baisser les bras, la m\u00e8re au foyer de 34 ans a pris sa destin\u00e9e en main en cherchant et en trouvant un pr\u00e9cieux collier d\u2019immunit\u00e9.<\/p>\n<p class=\"fig-body-link\">\n            \u00c0 lire aussi<br \/>\n        <a class=\"fig-body-link__link\" href=\"http:\/\/tvmag.lefigaro.fr\/programme-tv\/tele-realite\/koh-lanta-des-candidats-ont-ils-deja-reussi-a-arreter-de-fumer-grace-a-l-emission-20250325\" target=\"_blank\" data-fig-type=\"Article\" rel=\"noopener\" data-gtm-custom-categorie=\"navigation\" data-gtm-custom-action=\"crossclick\" data-gtm-custom-label=\"Contextuel\" data-gtm-event=\"customEventSPE\" data-fig-domain=\"TVMAG\">\u00abKoh-Lanta\u00bb\u00a0: des candidats ont-ils d\u00e9j\u00e0 r\u00e9ussi \u00e0 arr\u00eater de fumer gr\u00e2ce \u00e0 l\u2019\u00e9mission\u00a0?<br \/>\n    <\/a>\n<\/p>\n<p class=\"fig-paragraph\"><strong>LE FIGARO. &#8211; Vous vous illustrez par votre investissement et votre franc-parler dans \u00ab Koh-Lanta\u00a0\u00bb, est-ce quelque chose que vous avez cherch\u00e9 \u00e0 canaliser\u00a0?<\/strong><br \/><strong>Ga\u00eblle. &#8211; <\/strong>Je n\u2019ai pas calcul\u00e9 mon aventure, je suis all\u00e9e l\u00e0-bas en me disant que je voulais tout vivre \u00e0 200% et pour me d\u00e9couvrir aussi. Quand on arrive \u00e0 ce stade du jeu, on a faim et on ne dort pas bien. Tout ce qu\u2019on exprime est sans filtre, on ne pense plus aux cam\u00e9ras et on n\u2019imagine pas que \u00e7a va \u00eatre vu \u00e0 la t\u00e9l\u00e9. Tout ce qu\u2019on va dire est vrai, authentique et brut de d\u00e9coffrage.<\/p>\n<p class=\"fig-paragraph\"><strong>Tous les sentiments sont exacerb\u00e9s et notamment votre col\u00e8re contre Maxime\u00a0<\/strong><a href=\"http:\/\/tvmag.lefigaro.fr\/programme-tv\/tele-realite\/je-me-deteste-d-avoir-fait-ca-louise-raconte-son-sacrifice-lors-des-ambassadeurs-de-koh-lanta-20250415\" target=\"_blank\" data-fig-type=\"Article\" rel=\"noopener\" data-gtm-custom-categorie=\"navigation\" data-gtm-custom-action=\"crossclick\" data-gtm-custom-label=\"Contextuel\" data-gtm-event=\"customEventSPE\" data-fig-domain=\"TVMAG\"><strong>apr\u00e8s l\u2019\u00e9limination de Louise<\/strong><\/a> <strong>\u2026<\/strong><br \/>Oui, j\u2019\u00e9tais tr\u00e8s en col\u00e8re et j\u2019ai mis \u00e9norm\u00e9ment de temps \u00e0 m\u2019en remettre. Je ne pensais vraiment pas qu\u2019il pouvait prendre une revanche sur Louise \u00e0 ce moment-l\u00e0 du jeu et de cette mani\u00e8re-l\u00e0. Avec le recul, je vois les choses diff\u00e9remment, \u00e7a me para\u00eet beaucoup plus compr\u00e9hensible. Mais, sur l\u2019instant, je trouvais que c\u2019\u00e9tait trop facile de s\u2019en prendre \u00e0 la plus jeune et \u00e0 celle qui \u00e9tait en train de briller sur les \u00e9preuves. Cela m\u2019a vraiment mis hors de moi. Je me suis sentie tellement impuissante de ne pas avoir pu la prot\u00e9ger et de rien avoir vu venir. J\u2019\u00e9tais aussi en col\u00e8re contre moi-m\u00eame. Louise \u00e9tait comme une petite s\u0153ur pour moi.<\/p>\n<p class=\"fig-paragraph\"><strong>Vous ne vouliez plus participer \u00e0 la vie du camp ni continuer \u00e0 trouver \u00e0 manger pour tout le monde\u2026<\/strong><br \/>Je ne pouvais pas faire semblant avec les autres. J\u2019ai mis \u00e9norm\u00e9ment de temps \u00e0 redescendre. Je n\u2019\u00e9tais pas du tout dans le calcul de la bonne attitude \u00e0 avoir pour rester dans le jeu. J\u2019\u00e9tais juste en train de vivre mes \u00e9motions et il me fallait un temps pour redescendre et retourner dans la partie.<\/p>\n<p>    Ga\u00eblle et Louise dans \u00ab Koh-Lanta, la revanche des 4 terres\u00a0\u00bb<br \/>\n                Capture \u00e9cran TF1<\/p>\n<blockquote class=\"fig-quote&#10;    \">\n<p class=\"fig-quote__text\">\u00ab Joana s\u2019est tir\u00e9 une balle dans le pied toute seule\u00a0\u00bb<\/p>\n<p>            Ga\u00eblle, candidate de \u00ab Koh-Lanta, la revanche des 4 terres\u00a0\u00bb\n    <\/p><\/blockquote>\n<p class=\"fig-paragraph\"><strong>Dans le r\u00e9cit de l\u2019aventure, vous semblez revenir assez rapidement aupr\u00e8s des autres et de Maxime \u00e9galement\u2026<\/strong><br \/>Nous sommes dans un jeu et dans un certain contexte. J\u2019ai pass\u00e9 \u00e9norm\u00e9ment de temps dans la for\u00eat, seule, et cela m\u2019a apais\u00e9. La nature m\u2019apaise \u00e9norm\u00e9ment. J\u2019ai mis ce temps \u00e0 profit pour retrouver la paix dans mon \u00e2me et dans mon c\u0153ur. Cela m\u2019a permis de me recentrer et de me focaliser sur les bonnes actions \u00e0 r\u00e9aliser pour avancer dans le jeu. En me baladant dans la for\u00eat, j\u2019ai trouv\u00e9 de la canne \u00e0 sucre et du manioc. Je revenais rarement bredouille de mes longues exp\u00e9ditions. Mais j\u2019y passais des heures\u00a0! Et le collier d\u2019immunit\u00e9, c\u2019est le jackpot\u00a0! (Rires.)<\/p>\n<p class=\"fig-paragraph\"><strong>Lors du conseil, qu\u2019est-ce qui vous a donn\u00e9 la certitude de ne pas sortir votre collier d\u2019immunit\u00e9\u00a0?<\/strong><br \/>Quand Joana finit derni\u00e8re de l\u2019\u00e9preuve d\u2019immunit\u00e9, elle se retrouve avec une voix contre elle. \u00c0 son retour sur le camp, elle s\u2019est affol\u00e9e dans tous les sens et s\u2019est tir\u00e9 une balle dans le pied toute seule. Je me suis sentie en s\u00e9curit\u00e9 et cela m\u2019a paru \u00e9vident que ce serait elle qui sortirait. Tout le monde en avait un peu gros sur la patate avec elle. Il \u00e9tait temps.<\/p>\n<p class=\"fig-paragraph\"><strong>Votre d\u00e9marche de r\u00e9conciliation avec Maxime \u00e9tait-elle sinc\u00e8re ou pour le jeu\u00a0?<\/strong><br \/>J\u2019en avais gros sur la patate mais pour mon alliance de d\u00e9part, pour le jeu, pour essayer de le comprendre aussi, je me suis dit que je ne devais pas trimbaler cette col\u00e8re jusqu\u2019\u00e0 la fin de l\u2019aventure. Humainement, nous avons v\u00e9cu des trucs forts avec Maxime durant les premiers jours avec l\u2019\u00e9quipe de l\u2019Est. Strat\u00e9giquement, j\u2019ai besoin que mon alliance soit solide pour avoir suffisamment de voix pour durer dans le jeu. J\u2019ai voulu savoir quel \u00e9tait l\u2019\u00e9tat d\u2019esprit de Maxime vis-\u00e0-vis de son alliance de d\u00e9part.<\/p>\n<p>    Ga\u00eblle et Maxime dans \u00ab Koh-Lanta, la revanche des 4 terres\u00a0\u00bb<br \/>\n                Capture \u00e9cran TF1<\/p>\n<blockquote class=\"fig-quote&#10;    \">\n<p class=\"fig-quote__text\">\u00ab Maxime s\u2019est born\u00e9 \u00e0 me dire qu\u2019il avait v\u00e9cu un traumatisme et qu\u2019il avait souffert de son \u00e9limination\u00a0\u00bb<\/p>\n<p>            Ga\u00eblle, candidate de \u00ab Koh-Lanta, la revanche des 4 terres\u00a0\u00bb\n    <\/p><\/blockquote>\n<p class=\"fig-paragraph\"><strong>Comment expliquez-vous\u00a0<\/strong><a href=\"https:\/\/tvmag.lefigaro.fr\/programme-tv\/maxime-koh-lanta-je-m-accroche-a-l-alliance-des-ex-rouges_67db217a-cabd-11ec-9d66-af032c7d17b8\" target=\"_blank\" data-fig-type=\"Article\" rel=\"noopener\" data-gtm-custom-categorie=\"navigation\" data-gtm-custom-action=\"crossclick\" data-gtm-custom-label=\"Contextuel\" data-gtm-event=\"customEventSPE\" data-fig-domain=\"TVMAG\"><strong>l\u2019absence de dialogue entre Louise et Maxime<\/strong><\/a> <strong>\u00a0entre le retour dans le jeu de ce dernier et le conseil\u00a0?<\/strong><br \/>Moi-m\u00eame, j\u2019ai tr\u00e8s peu parl\u00e9 avec lui dans ce laps de temps. Je reconnais que c\u2019est \u00e9tonnant, je ne sais m\u00eame pas pourquoi. Je pense qu\u2019il y avait une sorte de g\u00eane et de malaise, on n\u2019osait pas briser la glace. Il n\u2019a pas cherch\u00e9 non plus \u00e0 discuter avec nous. Avec C\u00e9line, nous avions juste eu le temps de lui parler de notre position avant les ambassadeurs. Nous n\u2019avions pas demand\u00e9 \u00e0 nos ambassadeurs qu\u2019il soit d\u00e9sign\u00e9 mais avions pr\u00e9cis\u00e9 que, \u00e0 choisir entre lui et Louise, nous pr\u00e9f\u00e9rions garder Louise. Je pensais qu\u2019il avait compris\u2026<\/p>\n<p class=\"fig-paragraph\"><strong>La rancune de Maxime s\u2019est focalis\u00e9e sur Louise\u2026<\/strong><br \/>Depuis l\u2019\u00e9quipe des Rouges o\u00f9 nous nous trouvions, nous avions vu que Louise n\u2019\u00e9tait au mieux physiquement et moralement. Elle n\u2019\u00e9tait pas dans sa pleine puissance avant la r\u00e9unification et donc pas assez solide pour \u00eatre envoy\u00e9e aux ambassadeurs. Face \u00e0 elle, elle avait trois hommes plus \u00e2g\u00e9s qui avaient de l\u2019exp\u00e9rience dans les n\u00e9gociations. Elle \u00e9tait d\u00e9savantag\u00e9e, elle avait des circonstances att\u00e9nuantes et c\u2019est ce que j\u2019ai tent\u00e9 d\u2019expliquer \u00e0 Maxime. Mais il s\u2019est born\u00e9 \u00e0 me dire qu\u2019il avait v\u00e9cu un traumatisme et qu\u2019il avait souffert de son \u00e9limination. Il n\u2019entendait pas mes arguments \u00e0 ce moment-l\u00e0.\u00a0<a href=\"http:\/\/tvmag.lefigaro.fr\/programme-tv\/tele-realite\/quand-tu-commences-un-monde-dans-minecraft-furieux-un-candidat-de-koh-lanta-fracasse-un-arbre-a-mains-nues-20250416\" target=\"_blank\" data-fig-type=\"Article\" rel=\"noopener\" data-gtm-custom-categorie=\"navigation\" data-gtm-custom-action=\"crossclick\" data-gtm-custom-label=\"Contextuel\" data-gtm-event=\"customEventSPE\" data-fig-domain=\"TVMAG\">Il \u00e9tait dans sa col\u00e8re et son esprit de vengeance<\/a>.<\/p>\n<p class=\"fig-paragraph\"><strong>Vous semblez tr\u00e8s bien conna\u00eetre les rouages de \u00ab Koh-Lanta\u00a0\u00bb, quel a \u00e9t\u00e9 le d\u00e9clic de votre inscription\u00a0?<\/strong><br \/>J\u2019ai souvent regard\u00e9 l\u2019\u00e9mission effectivement, j\u2019ai postul\u00e9 huit fois avant d\u2019\u00eatre retenue. C\u2019est une aventure qui m\u2019a toujours plu. J\u2019\u00e9tais vraiment motiv\u00e9e. C\u2019est un petit peu un r\u00eave de jeune fille. J\u2019ai commenc\u00e9 \u00e0 postuler, j\u2019avais 20 ans et c\u2019\u00e9tait devenu un peu rituel chaque ann\u00e9e d\u2019envoyer mon inscription. Je me disais qu\u2019un jour, \u00e7a marcherait. C\u2019est le c\u00f4t\u00e9 d\u00e9passement de soi et aventure humaine qui m\u2019attiraient. J\u2019aime l\u2019intensit\u00e9 de ce genre d\u2019exp\u00e9rience, c\u2019est ce que je recherche dans mon quotidien.<\/p>\n<p>    Ga\u00eblle dans \u00ab Koh-Lanta, la revanche des 4 terres\u00a0\u00bb<br \/>\n                Capture \u00e9cran TF1<\/p>\n<blockquote class=\"fig-quote&#10;    \">\n<p class=\"fig-quote__text\">\u00ab Mes filles sont super fi\u00e8res, elles ont des \u00e9toiles dans les yeux\u00a0\u00bb<\/p>\n<p>            Ga\u00eblle, candidate de \u00ab Koh-Lanta, la revanche des 4 terres\u00a0\u00bb\n    <\/p><\/blockquote>\n<p class=\"fig-paragraph\"><strong>\u00c9tait-ce la premi\u00e8re fois que vous vous s\u00e9pariez aussi longtemps de vos deux filles\u00a0?<\/strong><br \/>Oui, le maximum qu\u2019on avait fait, c\u2019\u00e9tait trois semaines dans un contexte o\u00f9 nous pouvions nous appeler, nous parler, faire des vid\u00e9os, nous \u00e9crire\u2026 Donc aussi longtemps et sans nouvelles, c\u2019\u00e9tait la premi\u00e8re fois. Mais je suis partie l\u2019esprit tranquille parce que j\u2019ai 100% confiance en leur papa et en leurs grands-parents. Je savais qu\u2019elles \u00e9taient entre de bonnes mains. Lorsque nous nous sommes retrouv\u00e9es, nous avons mis nos matelas dans la m\u00eame chambre et nous avons dormi chaque nuit ensemble pendant trois semaines.<\/p>\n<p class=\"fig-paragraph\"><strong>Que pensent-elles de leur maman dans \u00ab Koh-Lanta\u00a0\u00bb\u00a0?<\/strong><br \/>Elles sont super fi\u00e8res, elles ont des \u00e9toiles dans les yeux. Elles \u00e9taient en stress total devant l\u2019\u00e9preuve de tir \u00e0 l\u2019arc o\u00f9 j\u2019ai failli me faire \u00e9liminer. Quand elles ont compris que j\u2019\u00e9tais sauv\u00e9e, elles ont explos\u00e9 de joie. C\u2019est g\u00e9nial de vivre \u00e7a avec elles, c\u2019est incroyable. Quand on se prom\u00e8ne, elles vont voir les gens pour leur dire qu\u2019il y a Ga\u00eblle de \u00ab Koh-Lanta\u00a0\u00bb. (Rires.)<\/p>\n<p class=\"fig-paragraph\"><strong>Quel est votre parcours personnel\u00a0?<\/strong><br \/>J\u2019ai beaucoup boug\u00e9, j\u2019ai un parcours assez atypique. J\u2019ai grandi en Guadeloupe jusqu\u2019\u00e0 mes 17 ans puis je suis arriv\u00e9 en m\u00e9tropole \u00e0 Lyon o\u00f9 j\u2019ai pass\u00e9 mon bac. J\u2019ai travaill\u00e9 dans la restauration parce que je ne savais pas exactement quoi faire avec mes \u00e9tudes. J\u2019ai pr\u00e9f\u00e9r\u00e9 exp\u00e9rimenter et vivre les choses pour apprendre. La meilleure \u00e9cole est celle de la vie. Au d\u00e9but, j\u2019\u00e9tais hyper timide, je n\u2019arrivais pas \u00e0 m\u2019exprimer face aux gens. Et, au bout d\u2019un an, je suis pass\u00e9e assistante manager, j\u2019avais une \u00e9quipe de huit personnes \u00e0 g\u00e9rer. J\u2019ai travaill\u00e9 dans la vente de v\u00eatements et de chaussures.<\/p>\n<p>    Ga\u00eblle lit le courrier de ses filles dans \u00ab Koh-Lanta, la revanche des 4 terres\u00a0\u00bb<br \/>\n                Capture \u00e9cran TF1<\/p>\n<blockquote class=\"fig-quote&#10;    \">\n<p class=\"fig-quote__text\">\u00ab La rupture avec mon compagnon, le papa de mes filles, a \u00e9t\u00e9 un gros \u00e9lectrochoc\u00a0\u00bb<\/p>\n<p>            Ga\u00eblle, candidate de \u00ab Koh-Lanta, la revanche des 4 terres\u00a0\u00bb\n    <\/p><\/blockquote>\n<p class=\"fig-paragraph\"><strong>\u00c0 quel moment \u00eates-vous devenue maman\u00a0?<\/strong><br \/>J\u2019avais 23 ans, j\u2019ai eu une crise existentielle, des questionnements sur le monde dans lequel on vit. J\u2019ai tout plaqu\u00e9 pour partir vivre avec mon compagnon et notre enfant dans des \u00e9covillages pendant 5 ou 6 ans. Nous avons travaill\u00e9 dans des fermes\u00a0<a href=\"https:\/\/www.lefigaro.fr\/actualite-france\/gite-et-couvert-contre-travaux-l-essor-du-wwoofing-20210716\" target=\"_blank\" data-fig-type=\"Article\" rel=\"noopener\" data-gtm-custom-categorie=\"navigation\" data-gtm-custom-action=\"crossclick\" data-gtm-custom-label=\"Contextuel\" data-gtm-event=\"customEventSPE\" data-fig-domain=\"LEFIGARO\">en mode WWOOFing<\/a>. Nous travaillions en \u00e9tant nourris, log\u00e9s, blanchis. J\u2019ai fait plein de choses incroyables, hyper spirituelles. Vivre en communaut\u00e9 m\u2019a appris plein de choses.<\/p>\n<p class=\"fig-paragraph\"><strong>Comment vous \u00eates revenue \u00e0 votre vie de citadine\u00a0?<\/strong><br \/>C\u2019est arriv\u00e9 avec la naissance de ma deuxi\u00e8me fille. Elle est n\u00e9e \u00e0 la maison, dans une piscine d\u2019accouchement. C\u2019\u00e9tait une exp\u00e9rience incroyable. J\u2019ai toujours aim\u00e9 le d\u00e9veloppement personnel et j\u2019avais envie de transmettre ce que j\u2019avais acquis. Je me suis form\u00e9e dans le coaching, j\u2019ai cr\u00e9\u00e9 mon entreprise, j\u2019ai accompagn\u00e9 des gens dans des reconversions professionnelles et dans leur \u00e9panouissement personnel.<\/p>\n<p class=\"fig-paragraph\"><strong>Le sport occupe une place importante \u00e9galement dans votre quotidien&#8230;<\/strong><br \/>Petite, \u00e0 l\u2019\u00e9cole, j\u2019ai toujours fait \u00e9norm\u00e9ment de sport. M\u00eame au lyc\u00e9e, je faisais des heures en plus dans le sport. Le sport a toujours \u00e9t\u00e9 pr\u00e9sent dans ma vie sauf pendant cette p\u00e9riode un peu \u00e9colo o\u00f9 j\u2019\u00e9tais en qu\u00eate de plus de spiritualit\u00e9. La rupture avec mon compagnon, le papa de mes filles, a \u00e9t\u00e9 un gros \u00e9lectrochoc. Je me suis retrouv\u00e9e toute seule avec une entreprise \u00e0 g\u00e9rer, une maison \u00e0 r\u00e9nover et deux enfants. Je me suis plong\u00e9e dans le sport pour ressentir que j\u2019avais la force physique et mentale pour tout g\u00e9rer.<\/p>\n<p class=\"fig-paragraph\"><strong>L\u2019exp\u00e9rience de \u00ab Koh-Lanta\u00a0\u00bb a-t-elle boulevers\u00e9 des choses dans votre vie\u00a0?<\/strong><br \/>Oui, un truc tout simple mais qui veut dire beaucoup aussi\u00a0: mes cheveux. En tant qu\u2019Antillaise et femme m\u00e9tisse, j\u2019avais un complexe. Je les attachais tout le temps ou je faisais des tresses. Depuis mon retour de\u00a0<a href=\"http:\/\/tvmag.lefigaro.fr\/programme-tv\/tele-realite\/ages-de-20-a-63-ans-decouvrez-les-24-candidats-de-koh-lanta-la-revanche-des-4-terres-20250204\" target=\"_blank\" data-fig-type=\"Article\" rel=\"noopener\" data-gtm-custom-categorie=\"navigation\" data-gtm-custom-action=\"crossclick\" data-gtm-custom-label=\"Contextuel\" data-gtm-event=\"customEventSPE\" data-fig-domain=\"TVMAG\">\u00ab Koh-Lanta\u00a0\u00bb<\/a>, je les l\u00e2che et je les garde au naturel. Quand je me vois dans l\u2019\u00e9mission, je me trouve beaucoup plus belle avec les cheveux l\u00e2ch\u00e9s. C\u2019est une belle victoire pour moi d\u2019\u00eatre venue \u00e0 bout de ce complexe. J\u2019applique aussi dans ma vie cette confiance mutuelle que j\u2019avais avec mes alli\u00e9s de \u00ab Koh-Lanta\u00a0\u00bb et qui m\u2019a permis d\u2019avancer. Je me dis qu\u2019il faut s\u2019entourer des bonnes personnes et avancer ensemble. Je l\u00e2che un petit peu ce c\u00f4t\u00e9 femme forte ind\u00e9pendante qui veut tout faire toute seule. J\u2019accepte un petit peu plus d\u2019aide au quotidien. J\u2019accepte de m\u2019investir aussi plus dans d\u2019autres relations.<\/p>\n<p class=\"fig-paragraph\"><strong>Quelle est la signification de votre tatouage \u00e0 la base de votre cou\u00a0?<\/strong><br \/>C\u2019est un symbole de renaissance. La fleur de lotus na\u00eet dans la boue, elle s\u2019\u00e9l\u00e8ve et elle est magnifique. C\u2019est pour me rappeler que peu importe d\u2019o\u00f9 on part, on peut r\u00e9ussir \u00e0 faire de tr\u00e8s belles choses et s\u2019\u00e9panouir. Il y a aussi un petit soleil et une petite lune, ce sont les \u00e9nergies f\u00e9minines et masculines. J\u2019aime bien ce c\u00f4t\u00e9-l\u00e0 chez moi. Je peux \u00eatre dans ma masculinit\u00e9 par rapport \u00e0 ma force, mais je peux aussi \u00eatre quelqu\u2019un de tr\u00e8s doux. C\u2019est pour me rappeler qu\u2019il n\u2019y a pas de choix \u00e0 faire entre masculin et f\u00e9minin. Et il y a une petite fl\u00e8che pour me dire de lever la t\u00eate, de ne pas avoir honte, de ne pas \u00eatre g\u00ean\u00e9e, de toujours garder la t\u00eate haute quoi qu\u2019il arrive.<\/p>\n<p>\u00a0\u00bb<br \/>\n        data-script=\u00a0\u00bbhttps:\/\/static.lefigaro.fr\/widget-video\/short-ttl\/video\/index.js\u00a0\u00bb<br \/>\n    &gt;<\/p>\n","protected":false},"excerpt":{"rendered":"ENTRETIEN &#8211; Personnalit\u00e9 solaire et v\u00e9ritable battante, la m\u00e8re au foyer de 34 ans install\u00e9e dans l\u2019Ain a&hellip;\n","protected":false},"author":2,"featured_media":80777,"comment_status":"","ping_status":"","sticky":false,"template":"","format":"standard","meta":{"footnotes":""},"categories":[1356],"tags":[685,687,689,681,58,683,59,1011,27,680,688,684,686,682,252,1364],"class_list":{"0":"post-80776","1":"post","2":"type-post","3":"status-publish","4":"format-standard","5":"has-post-thumbnail","7":"category-television","8":"tag-actu-tele-realite","9":"tag-actu-telerealite","10":"tag-candidat-tele-realite","11":"tag-denis-brogniart","12":"tag-divertissement","13":"tag-emission-tele-realite","14":"tag-entertainment","15":"tag-fr","16":"tag-france","17":"tag-koh-lanta","18":"tag-news-tele-realite","19":"tag-programme-tele-realite","20":"tag-scoop-telerealite","21":"tag-tele-realite","22":"tag-television","23":"tag-tv"},"share_on_mastodon":{"url":"https:\/\/pubeurope.com\/@fr\/114464187301984352","error":""},"_links":{"self":[{"href":"https:\/\/www.europesays.com\/fr\/wp-json\/wp\/v2\/posts\/80776","targetHints":{"allow":["GET"]}}],"collection":[{"href":"https:\/\/www.europesays.com\/fr\/wp-json\/wp\/v2\/posts"}],"about":[{"href":"https:\/\/www.europesays.com\/fr\/wp-json\/wp\/v2\/types\/post"}],"author":[{"embeddable":true,"href":"https:\/\/www.europesays.com\/fr\/wp-json\/wp\/v2\/users\/2"}],"replies":[{"embeddable":true,"href":"https:\/\/www.europesays.com\/fr\/wp-json\/wp\/v2\/comments?post=80776"}],"version-history":[{"count":0,"href":"https:\/\/www.europesays.com\/fr\/wp-json\/wp\/v2\/posts\/80776\/revisions"}],"wp:featuredmedia":[{"embeddable":true,"href":"https:\/\/www.europesays.com\/fr\/wp-json\/wp\/v2\/media\/80777"}],"wp:attachment":[{"href":"https:\/\/www.europesays.com\/fr\/wp-json\/wp\/v2\/media?parent=80776"}],"wp:term":[{"taxonomy":"category","embeddable":true,"href":"https:\/\/www.europesays.com\/fr\/wp-json\/wp\/v2\/categories?post=80776"},{"taxonomy":"post_tag","embeddable":true,"href":"https:\/\/www.europesays.com\/fr\/wp-json\/wp\/v2\/tags?post=80776"}],"curies":[{"name":"wp","href":"https:\/\/api.w.org\/{rel}","templated":true}]}}