{"id":80788,"date":"2025-05-07T02:32:12","date_gmt":"2025-05-07T02:32:12","guid":{"rendered":"https:\/\/www.europesays.com\/fr\/80788\/"},"modified":"2025-05-07T02:32:12","modified_gmt":"2025-05-07T02:32:12","slug":"voila-un-pack-en-promo-avec-smartphone-ecouteurs-qui-va-ravir-les-petits-budgets-a-la-fin-des-french-days","status":"publish","type":"post","link":"https:\/\/www.europesays.com\/fr\/80788\/","title":{"rendered":"Voil\u00e0 un pack en promo avec smartphone + \u00e9couteurs qui va ravir les petits budgets \u00e0 la fin des French Days"},"content":{"rendered":"<p>Un budget limit\u00e9 ne veut pas forc\u00e9ment dire revoir ses attentes \u00e0 la baisse ou faire une croix sur un accessoire. Il est possible de profiter de pack pr\u00e9f\u00e9rentiel comprenant plusieurs produits. C\u2019est le cas du pack Motorola comprenant un smartphone Moto G54, une coque de protection et des \u00e9couteurs sans fil Moto. Et la cerise sur le g\u00e2teau, c\u2019est qu\u2019il est encore moins cher : au lieu de 229 euros, il passe \u00e0 199 euros chez Leclerc. <\/p>\n<p><a href=\"https:\/\/images.frandroid.com\/wp-content\/uploads\/2025\/05\/iphone-16e-12.jpg\" target=\"_blank\" class=\"article-content__figure\" rel=\"nofollow noopener\"><img fetchpriority=\"high\" decoding=\"async\" loading=\"eager\" width=\"1200\" height=\"675\" src=\"https:\/\/www.europesays.com\/fr\/wp-content\/uploads\/2025\/05\/iphone-16e-12-1200x675-1.jpg\" alt=\"\" class=\"wp-image-2606405 wp-image wp-image\"  \/><\/a><\/p>\n<p>Apr\u00e8s plusieurs ann\u00e9es loin des projecteurs, <a href=\"https:\/\/www.frandroid.com\/guide-dachat\/smartphones\/393131_quel-smartphone-lenovo-motorola-choisir-en-2016\" rel=\"nofollow noopener\" target=\"_blank\">Motorola<\/a> a entam\u00e9 un come-back sur le march\u00e9 des smartphones, tant sur le haut de gamme que sur des cr\u00e9neaux plus abordables, comme avec le Moto G54. Un t\u00e9l\u00e9phone accessible, mais qui fait tout de m\u00eame de jolies propositions, comme son \u00e9cran 120 Hz ou encore son espace de stockage extensible ! Mais ce qui est encore plus cool, c\u2019est qu\u2019il est disponible dans un pack comprenant une coque de protection et des \u00e9couteurs Moto qui est <a href=\"https:\/\/shop.frandroid.com\/afddt2pw\" target=\"_blank\" rel=\"noreferrer noopener affiliate nofollow\">en r\u00e9duction de 30 euros sur Leclerc durant les French Days<\/a>.<\/p>\n<p>Trois bons points du Moto G54<\/p>\n<ul class=\"wp-block-list\">\n<li>Un \u00e9cran LCD 120 Hz de 6,5 pouces<\/li>\n<li>Un SoC Mediatek Dimensity 7020, coupl\u00e9 \u00e0 12 Go de RAM\u00a0<\/li>\n<li>Un stockage extensible ! <\/li>\n<\/ul>\n<p>Au lieu de 229 euros, le Pack Motorola Moto G54 5G + \u00e9couteurs Buds est aujourd\u2019hui disponible <a href=\"https:\/\/shop.frandroid.com\/afddt2pw\" target=\"_blank\" rel=\"noreferrer noopener affiliate nofollow\">en promotion \u00e0 199 euros sur Leclerc<\/a>.<\/p>\n<p>Si, par la suite, l\u2019offre mentionn\u00e9e dans cet article n\u2019est plus disponible, merci de jeter un coup d\u2019\u0153il ci-dessous afin de d\u00e9nicher d\u2019autres offres concernant le Moto G54. Le tableau s\u2019actualise automatiquement. <\/p>\n<p>Performances fluides et connectivit\u00e9 5G<\/p>\n<p>Bien qu\u2019il soit sorti en 2023, le Moto G54 arbore un design \u00e9l\u00e9gant toujours d\u2019actualit\u00e9. L\u00e9ger avec ses 179\u2009g, il est \u00e9galement tr\u00e8s confortable \u00e0 utiliser au quotidien. Il se montrera d\u2019ailleurs \u00e0 la hauteur de la majorit\u00e9 des t\u00e2ches qu\u2019on lui demande gr\u00e2ce \u00e0 son processeur MediaTek Dimensity 7020.<\/p>\n<p>Le smartphone offre en effet une exp\u00e9rience dont il n\u2019a pas \u00e0 rougir pour le multit\u00e2che, le streaming et les jeux. Avec 8 Go de RAM et 256 Go de stockage interne, extensible via <a href=\"https:\/\/www.frandroid.com\/guide-dachat\/411382_notre-selection-de-cartes-microsd-performantes-et-accessibles\" rel=\"nofollow noopener\" target=\"_blank\">microSD<\/a>, il s\u2019adapte \u00e0 tous vos besoins.<\/p>\n<p>Son \u00e9cran IPS LCD de 6,5 pouces, avec une r\u00e9solution Full HD+ (2400 \u00d7 1080 pixels) et un taux de rafra\u00eechissement de 120 Hz, chose assez rare pour un appareil de cette trempe, garantit une navigation fluide et des images nettes.<\/p>\n<p>Autonomie durable et exp\u00e9rience utilisateur optimis\u00e9e<\/p>\n<p>Dot\u00e9 d\u2019une batterie de 5 000 mAh, le Moto G54 offre une autonomie prolong\u00e9e, vous permettant de rester connect\u00e9 toute la journ\u00e9e sans souci. Il faudra en revanche se montrer patient lorsqu\u2019il se recharge puisqu\u2019il ne prend en charge qu\u2019une puissance de 15W.<\/p>\n<p>Enfin, gr\u00e2ce \u00e0 sa compatibilit\u00e9 5G, le Moto G54 assure des t\u00e9l\u00e9chargements rapides et une navigation sans latence, id\u00e9ale pour les utilisateurs en d\u00e9placement.<\/p>\n<p>Si vous souhaitez d\u00e9couvrir d\u2019autres r\u00e9f\u00e9rences sur le m\u00eame segment tarifaire, vous pouvez lire <a href=\"https:\/\/www.frandroid.com\/guide-dachat\/smartphones\/275349_quel-smartphone-choisir-moins-de-200-euros\" rel=\"nofollow noopener\" target=\"_blank\">notre guide sur les meilleurs smartphones \u00e0 moins de 200 euros.<\/a><\/p>\n<p>French Days 2025 : ne ratez aucun bon plan avec Frandroid <\/p>\n<p>Les French Days reviennent en 2025 pour une premi\u00e8re \u00e9dition. Celle-ci se d\u00e9roule du mercredi 30 avril jusqu\u2019au 06 mai inclus.<\/p>\n<p>Afin de ne pas louper les diff\u00e9rentes offres Tech que nous recommandons chaudement lors de cette p\u00e9riode, voici quelques s\u00e9lections de produits :<\/p>\n<p>Afin de ne louper aucun bon plan que nous partageons, voici quelques tips et liens utiles : <\/p>\n<ul class=\"wp-block-list\">\n<li>Suivez notre compte X\u00a0<a href=\"https:\/\/twitter.com\/FrandroidPromos\" target=\"_blank\" rel=\"noreferrer noopener nofollow\">@FrandroidPromos<\/a> uniquement d\u00e9di\u00e9 aux bons plans (pensez \u00e0 activer la cloche pour recevoir les notifications en temps r\u00e9el)<\/li>\n<li><a href=\"https:\/\/whatsapp.com\/channel\/0029VabYxm5LI8YhSlD8xc05\" target=\"_blank\" rel=\"noreferrer noopener nofollow\">Rejoignez notre canal WhatsApp<\/a> pour recevoir une fois par jour un condens\u00e9 des meilleures offres<\/li>\n<li>T\u00e9l\u00e9chargez notre <a href=\"https:\/\/www.frandroid.com\/telecharger\/apps\/frandroid\" target=\"_blank\" rel=\"noreferrer noopener nofollow\">application Frandroid<\/a> (disponible sur iOS et Android) pour activer les notifications de la cat\u00e9gorie \u00ab Bons Plans \u00bb et ainsi recevoir en temps r\u00e9el les nouveaux articles li\u00e9s aux soldes d\u2019hiver<\/li>\n<li>Abonnez-vous \u00e0 notre newsletter pour \u00eatre s\u00fbr de recevoir les offres en avant-premi\u00e8re (pas plus d\u2019un mail par jour, d\u00e9sinscription en 1 clic, aucune diffusion \u00e0 des tiers) :<\/li>\n<\/ul>\n<p class=\"newsletter-form__title is-size-6 is-size-7-mobile is-uppercase has-text-good-deals has-text-weight-semibold mb-4 px-5\">Frandroid Bons plans<\/p>\n<p class=\"has-text-centered-tablet newsletter-form__subtitle is-size-4 has-text-weight-bold has-text-primary column is-9-tablet is-10-mobile\">\n                C\u2019est enregistr\u00e9 ! Surveillez votre bo\u00eete aux lettres, vous allez entendre parler de nous\u00a0!\n            <\/p>\n<p class=\"newsletter-form__subtitle is-size-4 has-text-weight-bold has-text-gradient-pink\">Ne manquez aucun bon plan avec notre newsletter<\/p>\n<p class=\"is-size-7\">\n                Les donn\u00e9es transmises par le biais de ce formulaire sont destin\u00e9es \u00e0 Humanoid,<br \/>\n                soci\u00e9t\u00e9 \u00e9ditrice du site Frandroid en sa qualit\u00e9 de responsable de traitement.<br \/>\n                Elles ne seront en aucun cas c\u00e9d\u00e9es \u00e0 des tiers. Ces donn\u00e9es sont trait\u00e9es sous r\u00e9serve d\u2019obtention de<br \/>\n                votre consentement pour vous envoyer par e-mail des actualit\u00e9s et informations relatives aux contenus<br \/>\n                \u00e9ditoriaux publi\u00e9s sur Frandroid. Vous pouvez vous opposer \u00e0 tout moment \u00e0 ces e-mails<br \/>\n                en cliquant sur les liens de d\u00e9sinscriptions pr\u00e9sents dans chacun d\u2019eux. Pour plus d\u2019informations, vous<br \/>\n                pouvez consulter l\u2019int\u00e9gralit\u00e9 de notre <a href=\"https:\/\/www.frandroid.com\/politique-donnees-personnelles\" rel=\"nofollow noopener\" target=\"_blank\"><br \/>\n                politique de traitement de vos donn\u00e9es personnelles<\/a>.<br \/>\n                Vous disposez d\u2019un droit d\u2019acc\u00e8s, de rectification, d\u2019effacement, de limitation, de portabilit\u00e9 et<br \/>\n                d\u2019opposition pour motif l\u00e9gitime aux donn\u00e9es personnelles vous concernant. Pour exercer l\u2019un de ces droits,<br \/>\n                merci d\u2019effectuer votre demande via notre <a href=\"https:\/\/www.frandroid.com\/contact\/#RGPD\" rel=\"nofollow noopener\" target=\"_blank\">formulaire<br \/>\n                de demandes d\u2019exercices de droits d\u00e9di\u00e9<\/a>.\n            <\/p>\n<p>            <script async src=\"https:\/\/platform.twitter.com\/widgets.js\" charset=\"utf-8\"><\/script><\/p>\n","protected":false},"excerpt":{"rendered":"Un budget limit\u00e9 ne veut pas forc\u00e9ment dire revoir ses attentes \u00e0 la baisse ou faire une croix&hellip;\n","protected":false},"author":2,"featured_media":80789,"comment_status":"","ping_status":"","sticky":false,"template":"","format":"standard","meta":{"footnotes":""},"categories":[7],"tags":[18809,1011,27,16300,18810,43,40,41,39,42,44],"class_list":{"0":"post-80788","1":"post","2":"type-post","3":"status-publish","4":"format-standard","5":"has-post-thumbnail","7":"category-sciences-et-technologies","8":"tag-bons-plans-leclerc","9":"tag-fr","10":"tag-france","11":"tag-french-days-2025","12":"tag-motorola-moto-g54","13":"tag-science","14":"tag-science-and-technology","15":"tag-sciences","16":"tag-sciences-et-technologies","17":"tag-technologies","18":"tag-technology"},"share_on_mastodon":{"url":"https:\/\/pubeurope.com\/@fr\/114464210516555612","error":""},"_links":{"self":[{"href":"https:\/\/www.europesays.com\/fr\/wp-json\/wp\/v2\/posts\/80788","targetHints":{"allow":["GET"]}}],"collection":[{"href":"https:\/\/www.europesays.com\/fr\/wp-json\/wp\/v2\/posts"}],"about":[{"href":"https:\/\/www.europesays.com\/fr\/wp-json\/wp\/v2\/types\/post"}],"author":[{"embeddable":true,"href":"https:\/\/www.europesays.com\/fr\/wp-json\/wp\/v2\/users\/2"}],"replies":[{"embeddable":true,"href":"https:\/\/www.europesays.com\/fr\/wp-json\/wp\/v2\/comments?post=80788"}],"version-history":[{"count":0,"href":"https:\/\/www.europesays.com\/fr\/wp-json\/wp\/v2\/posts\/80788\/revisions"}],"wp:featuredmedia":[{"embeddable":true,"href":"https:\/\/www.europesays.com\/fr\/wp-json\/wp\/v2\/media\/80789"}],"wp:attachment":[{"href":"https:\/\/www.europesays.com\/fr\/wp-json\/wp\/v2\/media?parent=80788"}],"wp:term":[{"taxonomy":"category","embeddable":true,"href":"https:\/\/www.europesays.com\/fr\/wp-json\/wp\/v2\/categories?post=80788"},{"taxonomy":"post_tag","embeddable":true,"href":"https:\/\/www.europesays.com\/fr\/wp-json\/wp\/v2\/tags?post=80788"}],"curies":[{"name":"wp","href":"https:\/\/api.w.org\/{rel}","templated":true}]}}