{"id":808566,"date":"2026-03-18T23:55:13","date_gmt":"2026-03-18T23:55:13","guid":{"rendered":"https:\/\/www.europesays.com\/fr\/808566\/"},"modified":"2026-03-18T23:55:13","modified_gmt":"2026-03-18T23:55:13","slug":"ce-que-lon-sait-sur-lexecution-controversee-dun-suedois-ce-mercredi","status":"publish","type":"post","link":"https:\/\/www.europesays.com\/fr\/808566\/","title":{"rendered":"Ce que l\u2019on sait sur l\u2019ex\u00e9cution controvers\u00e9e d\u2019un Su\u00e9dois ce mercredi"},"content":{"rendered":"<p>Un Irano-Su\u00e9dois a \u00e9t\u00e9 ex\u00e9cut\u00e9 mercredi en <a href=\"https:\/\/www.20minutes.fr\/monde\/iran\/\" class=\"c-link c-link--is-underlined\" rel=\"nofollow noopener\" target=\"_blank\">Iran<\/a>. Une d\u00e9cision fermement condamn\u00e9e par la <a href=\"https:\/\/www.20minutes.fr\/dossier\/suede\" class=\"c-link c-link--is-underlined\" rel=\"nofollow noopener\" target=\"_blank\">Su\u00e8de<\/a>. Mais aussi par la cheffe de la diplomatie de l\u2019UE. Elle a condamn\u00e9 mercredi un \u00ab\u00a0acte brutal de violence insens\u00e9e\u00a0\u00bb, s\u2019offusque Kaja Kallas \u00ab\u00a0La situation \u00e9pouvantable des droits de l&rsquo;homme en Iran et l\u2019augmentation alarmante du nombre d\u2019ex\u00e9cutions sont intol\u00e9rables et r\u00e9v\u00e8lent le vrai visage du r\u00e9gime\u00a0\u00bb.<\/p>\n<p>Que lui reprochait la justice iranienne\u00a0?<\/p>\n<p>Kourosh Keyvani \u00e9tait accus\u00e9 d\u2019espionnage pour le compte d\u2019Isra\u00ebl. Il avait \u00e9t\u00e9 arr\u00eat\u00e9 en juin\u00a02025 pendant la guerre de 12 jours qui a oppos\u00e9 l\u2019Iran \u00e0 <a href=\"https:\/\/www.20minutes.fr\/monde\/israel\/\" class=\"c-link c-link--is-underlined\" rel=\"nofollow noopener\" target=\"_blank\">Isra\u00ebl<\/a>. Selon le site Mizan Online, il \u00e9tait accus\u00e9 d\u2019avoir fourni images et informations sur des sites sensibles d\u2019Iran \u00e0 des agents du Mossad.<\/p>\n<\/p>\n<p>Le site affirme, citant des responsables judiciaires iraniens, que Kourosh Keyvani a \u00e9t\u00e9 recrut\u00e9 par les services secrets isra\u00e9liens en\u00a02023. Et qu\u2019il avait suivi une formation dans plusieurs pays europ\u00e9ens et \u00e0 Tel-Aviv avant de se rendre en Iran juste avant la guerre de 12 jours.<\/p>\n<p>Pourquoi la Su\u00e8de n\u2019a-t-elle pas pu intervenir\u00a0?<\/p>\n<p>En apprenant l\u2019imminence de l\u2019ex\u00e9cution, \u00ab\u00a0j\u2019ai tent\u00e9 d\u2019obtenir un entretien avec mon homologue iranien afin de lui demander de suspendre imm\u00e9diatement l\u2019ex\u00e9cution\u00a0\u00bb, explique la ministre des Affaires \u00e9trang\u00e8res su\u00e9doise. \u00ab\u00a0Mais il ne s\u2019est malheureusement pas rendu disponible pour cet entretien\u00a0\u00bb.<\/p>\n<p>La Su\u00e8de avait sollicit\u00e9 plusieurs demandes d\u2019acc\u00e8s consulaire. \u00ab\u00a0Mais l\u2019Iran ne consid\u00e8re pas cette personne comme un ressortissant su\u00e9dois et n\u2019a donc pas accord\u00e9 cet acc\u00e8s. Cela a bien s\u00fbr compliqu\u00e9 nos possibilit\u00e9s d\u2019obtenir des informations\u00a0\u00bb.<\/p>\n<p>L\u2019homme avait obtenu la nationalit\u00e9 su\u00e9doise en\u00a02019. Interrog\u00e9e sur les raisons de son voyage en Iran, la ministre n\u2019a pas souhait\u00e9 s\u2019exprimer. Un autre Irano-Su\u00e9dois, Ahmadreza Djalali se trouve en prison en Iran depuis pr\u00e8s de 10 ans. Il a \u00e9t\u00e9 condamn\u00e9 en\u00a02017 d\u2019intelligence avec le Mossad.<\/p>\n<p>L\u2019espionnage pour Isra\u00ebl, une accusation r\u00e9currente en Iran<\/p>\n<p>Il s\u2019agit de la premi\u00e8re ex\u00e9cution annonc\u00e9e par l\u2019Iran depuis le d\u00e9but de la guerre lanc\u00e9e par Isra\u00ebl et les Etats-Unis le 28\u00a0f\u00e9vrier. Mais selon Iran Human Rights, deux autres personnes ont \u00e9t\u00e9 pendues \u00e0 la suite de condamnations pour \u00ab\u00a0espionnage\u00a0\u00bb en\u00a02026. Au moins 13 ex\u00e9cutions similaires ont \u00e9t\u00e9 recens\u00e9es par l\u2019ONG en\u00a02025.<\/p>\n<p>Pendant la guerre de 12 jours, un nombre important de personnes avaient \u00e9t\u00e9 arr\u00eat\u00e9es, accus\u00e9es d\u2019espionnage en faveur d\u2019Isra\u00ebl. L\u2019Iran a de nouveau arr\u00eat\u00e9 ces derniers jours des centaines de personnes soup\u00e7onn\u00e9es de collaborer avec Isra\u00ebl et les Etats-Unis, ont rapport\u00e9 des m\u00e9dias locaux.<\/p>\n<p>Dimanche, le chef de la police avait \u00e9voqu\u00e9 l\u2019arrestation de 500 personnes, soup\u00e7onn\u00e9es d\u2019espionnage et d\u2019avoir \u00ab\u00a0transmis des informations \u00e0 l\u2019ennemi et aux m\u00e9dias anti-iraniens\u00a0\u00bb.<\/p>\n","protected":false},"excerpt":{"rendered":"Un Irano-Su\u00e9dois a \u00e9t\u00e9 ex\u00e9cut\u00e9 mercredi en Iran. Une d\u00e9cision fermement condamn\u00e9e par la Su\u00e8de. Mais aussi par&hellip;\n","protected":false},"author":2,"featured_media":808567,"comment_status":"","ping_status":"","sticky":false,"template":"","format":"standard","meta":{"footnotes":"","_share_on_mastodon":"0"},"categories":[5],"tags":[47,11,10945,6189,1011,27,14,3019,664,74,12,7199,28],"class_list":["post-808566","post","type-post","status-publish","format-standard","has-post-thumbnail","category-international","tag-actualite","tag-actualites","tag-condamnation-a-mort","tag-execution","tag-fr","tag-france","tag-international","tag-iran","tag-israel","tag-monde","tag-news","tag-suede","tag-world"],"share_on_mastodon":{"url":"https:\/\/pubeurope.com\/@fr\/116252886420596373","error":""},"_links":{"self":[{"href":"https:\/\/www.europesays.com\/fr\/wp-json\/wp\/v2\/posts\/808566","targetHints":{"allow":["GET"]}}],"collection":[{"href":"https:\/\/www.europesays.com\/fr\/wp-json\/wp\/v2\/posts"}],"about":[{"href":"https:\/\/www.europesays.com\/fr\/wp-json\/wp\/v2\/types\/post"}],"author":[{"embeddable":true,"href":"https:\/\/www.europesays.com\/fr\/wp-json\/wp\/v2\/users\/2"}],"replies":[{"embeddable":true,"href":"https:\/\/www.europesays.com\/fr\/wp-json\/wp\/v2\/comments?post=808566"}],"version-history":[{"count":0,"href":"https:\/\/www.europesays.com\/fr\/wp-json\/wp\/v2\/posts\/808566\/revisions"}],"wp:featuredmedia":[{"embeddable":true,"href":"https:\/\/www.europesays.com\/fr\/wp-json\/wp\/v2\/media\/808567"}],"wp:attachment":[{"href":"https:\/\/www.europesays.com\/fr\/wp-json\/wp\/v2\/media?parent=808566"}],"wp:term":[{"taxonomy":"category","embeddable":true,"href":"https:\/\/www.europesays.com\/fr\/wp-json\/wp\/v2\/categories?post=808566"},{"taxonomy":"post_tag","embeddable":true,"href":"https:\/\/www.europesays.com\/fr\/wp-json\/wp\/v2\/tags?post=808566"}],"curies":[{"name":"wp","href":"https:\/\/api.w.org\/{rel}","templated":true}]}}