{"id":80989,"date":"2025-05-07T04:35:09","date_gmt":"2025-05-07T04:35:09","guid":{"rendered":"https:\/\/www.europesays.com\/fr\/80989\/"},"modified":"2025-05-07T04:35:09","modified_gmt":"2025-05-07T04:35:09","slug":"sylvain-marconnet-raconte-son-meilleur-souvenir","status":"publish","type":"post","link":"https:\/\/www.europesays.com\/fr\/80989\/","title":{"rendered":"Sylvain Marconnet raconte son meilleur souvenir"},"content":{"rendered":"<p>            Par<br \/>\n        <strong><br \/>\n            <a href=\"https:\/\/actu.fr\/auteur\/nicolas-dendri-actu-fr\" title=\"Consulter tous les articles de Nicolas Dendri\" rel=\"nofollow noopener\" target=\"_blank\">Nicolas Dendri<\/a><br \/>\n        <\/strong><\/p>\n<p>        Publi\u00e9 le<\/p>\n<p>            6 mai 2025 \u00e0 11h28        <\/p>\n<p>Apr\u00e8s s\u2019\u00eatre livr\u00e9 sur <a href=\"https:\/\/actu.fr\/nouvelle-aquitaine\/anglet_64024\/je-le-detestais-c-est-un-gros-con-quand-sylvain-marconnet-manque-un-mandat-immobilier-avec-un-bayonnais_62586579.html\" rel=\"nofollow noopener\" target=\"_blank\">sa reconversion au Pays Basque<\/a>, Sylvain Marconnet a confi\u00e9 \u00e0 <a href=\"https:\/\/actu.fr\/rugby\/\" rel=\"nofollow noopener\" target=\"_blank\">Actu Rugby<\/a> le moment qui l\u2019a marqu\u00e9 dans ses <strong>17 ans de carri\u00e8re<\/strong> au plus haut niveau du rugby fran\u00e7ais et international. \u00ab\u00a0Ce n\u2019est pas forc\u00e9ment un titre, c\u2019est plus un match\u00a0\u00bb, nous indique le pilier aux multiples titres de champion de France avec le Stade Fran\u00e7ais ou aux cinq Tournois des 6 Nations remport\u00e9s. Le deuxi\u00e8me pilier le plus cap\u00e9 du XV de France avec <strong>84 s\u00e9lections<\/strong> conserve un souvenir m\u00e9morable de la tourn\u00e9e d\u2019\u00e9t\u00e9 2006 des Bleus en <strong>Afrique du Sud<\/strong> sous l\u2019\u00e8re Bernard Laporte et dans un \u00ab\u00a0contexte particulier.\u00a0\u00bb\u00a0<\/p>\n<p>Sylvain Marconnet et la tourn\u00e9e 2006 en Afrique du Sud<\/p>\n<p class=\" wall-content\">Retour en juin 2006, l\u2019\u00e9quipe de France jouait sa tourn\u00e9e d\u2019\u00e9t\u00e9 en Afrique du Sud. \u00c0 ce moment-l\u00e0, la premi\u00e8re ligne des Bleus \u00e9tait 100% parisienne : Sylvain Marconnet, Dimitri Szarzewski et Pieter De Villiers. Pour le pilier droit d\u2019origine sud-africaine, ce match contre les Springboks devait avoir une saveur particuli\u00e8re.\u00a0<\/p>\n<p class=\" wall-content\">\u00ab\u00a0Il se faisait une joie de jouer au Cap. Lui qui est originaire du Cap, c\u2019\u00e9tait cens\u00e9 \u00eatre une grande f\u00eate\u00a0\u00bb, se souvient Sylvain Marconnet. Mais malheureusement, tout ne s\u2019est pas pass\u00e9 comme pr\u00e9vu. \u00ab\u00a0Finalement, cette tourn\u00e9e a bascul\u00e9 dans le dramatique. En arrivant en Afrique du Sud, Pieter De Villiers avait perdu son fr\u00e8re\u00a0\u00bb, confie son ancien co\u00e9quipier du Stade Fran\u00e7ais.\u00a0<\/p>\n<p>Une victoire du XV de France pour Pieter De Villier<\/p>\n<p class=\" wall-content\">Ce deuil \u00ab\u00a0a affect\u00e9 tout le groupe pour le dernier match de la saison\u00a0\u00bb qui se jouait au Cap le 24 juin 2006 contre les Springboks. \u00ab\u00a0La veille aux obs\u00e8ques, Pieter a demand\u00e9 \u00e0 jouer pour amener un peu de baume au c\u0153ur \u00e0 sa famille\u00a0\u00bb, se rappelle Marconnet. Face \u00e0 Os du Randt, John Smit et Eddie Andrews, la premi\u00e8re ligne parisienne \u00e9tait align\u00e9e.\u00a0<\/p>\n<blockquote class=\"ac-article-quote wall-content\">\n<p>\u00ab\u00a0Les mots de Laporte, le contexte et la victoire ont fait que je me rends compte que le rugby est un sport \u00e0 part. Il y a la qualit\u00e9 intrins\u00e8que, mais ce jour-l\u00e0 c&rsquo;\u00e9tait le premier match de Traille en 10, c&rsquo;\u00e9tait la grosse \u00e9quipe d&rsquo;Afrique du Sud qui allait devenir championne du monde en 2007. Finalement, on a renvers\u00e9 cette montagne.\u00a0\u00bb<\/p>\n<p>    <strong>Sylvain Marconnet<\/strong><br \/>\n        Ancien pilier du XV de France    <\/p><\/blockquote>\n<p class=\" wall-content\">Les Bleus se sont impos\u00e9s 36 \u00e0 26 gr\u00e2ce \u00e0 quatre essais : C\u00e9dric Heymans, Damien Traille et un doubl\u00e9 de Vincent Clerc.\u00a0<\/p>\n<p class=\" wall-content\">\u00ab\u00a0On a \u00e9t\u00e9 plus forts ce jour-l\u00e0. Mais surtout on \u00e9tait habit\u00e9s par autre chose mentalement. Ce match on voulait l\u2019offrir \u00e0 Pieter et \u00e0 sa famille\u00a0\u00bb, se rem\u00e9more le pilier qui a termin\u00e9 sa carri\u00e8re au Biarritz olympique avant de conclure : \u00ab\u00a0J\u2019aime bien parler de ce moment parce que c\u2019est aussi r\u00e9v\u00e9lateur de ce qu\u2019il faut pour des fois se transcender et faire de grands matchs de rugby.\u00a0\u00bb<\/p>\n<p class=\" wall-content\">Suivez toute l\u2019actualit\u00e9 de vos villes et m\u00e9dias favoris en vous inscrivant \u00e0 <a href=\"https:\/\/moncompte.actu.fr\" title=\"D\u00e9couvez Mon Actu\" rel=\"nofollow noopener\" data-trk=\"{&quot;cta&quot;:{&quot;action&quot;:&quot;https:\\\/\\\/moncompte.actu.fr&quot;,&quot;category&quot;:&quot;mon compte&quot;,&quot;from&quot;:&quot;article footer&quot;,&quot;name&quot;:&quot;Mon actu&quot;,&quot;type&quot;:&quot;cta&quot;}}\" target=\"_blank\">Mon Actu<\/a>.<\/p>\n","protected":false},"excerpt":{"rendered":"Par Nicolas Dendri Publi\u00e9 le 6 mai 2025 \u00e0 11h28 Apr\u00e8s s\u2019\u00eatre livr\u00e9 sur sa reconversion au Pays&hellip;\n","protected":false},"author":2,"featured_media":80990,"comment_status":"","ping_status":"","sticky":false,"template":"","format":"standard","meta":{"footnotes":""},"categories":[1416],"tags":[1011,27,3788,479,1468,60,513],"class_list":{"0":"post-80989","1":"post","2":"type-post","3":"status-publish","4":"format-standard","5":"has-post-thumbnail","7":"category-rugby","8":"tag-fr","9":"tag-france","10":"tag-pro","11":"tag-rugby","12":"tag-rugby-football","13":"tag-sports","14":"tag-xv-de-france"},"share_on_mastodon":{"url":"https:\/\/pubeurope.com\/@fr\/114464694153203190","error":""},"_links":{"self":[{"href":"https:\/\/www.europesays.com\/fr\/wp-json\/wp\/v2\/posts\/80989","targetHints":{"allow":["GET"]}}],"collection":[{"href":"https:\/\/www.europesays.com\/fr\/wp-json\/wp\/v2\/posts"}],"about":[{"href":"https:\/\/www.europesays.com\/fr\/wp-json\/wp\/v2\/types\/post"}],"author":[{"embeddable":true,"href":"https:\/\/www.europesays.com\/fr\/wp-json\/wp\/v2\/users\/2"}],"replies":[{"embeddable":true,"href":"https:\/\/www.europesays.com\/fr\/wp-json\/wp\/v2\/comments?post=80989"}],"version-history":[{"count":0,"href":"https:\/\/www.europesays.com\/fr\/wp-json\/wp\/v2\/posts\/80989\/revisions"}],"wp:featuredmedia":[{"embeddable":true,"href":"https:\/\/www.europesays.com\/fr\/wp-json\/wp\/v2\/media\/80990"}],"wp:attachment":[{"href":"https:\/\/www.europesays.com\/fr\/wp-json\/wp\/v2\/media?parent=80989"}],"wp:term":[{"taxonomy":"category","embeddable":true,"href":"https:\/\/www.europesays.com\/fr\/wp-json\/wp\/v2\/categories?post=80989"},{"taxonomy":"post_tag","embeddable":true,"href":"https:\/\/www.europesays.com\/fr\/wp-json\/wp\/v2\/tags?post=80989"}],"curies":[{"name":"wp","href":"https:\/\/api.w.org\/{rel}","templated":true}]}}