{"id":80991,"date":"2025-05-07T04:36:12","date_gmt":"2025-05-07T04:36:12","guid":{"rendered":"https:\/\/www.europesays.com\/fr\/80991\/"},"modified":"2025-05-07T04:36:12","modified_gmt":"2025-05-07T04:36:12","slug":"wta-naomi-osaka-nen-croit-pas-ses-yeux-cest-un-peu-ironique-de-remporter-mon-premier-trophee-sur-la-surface-que-je-pensais-etre-la-pire-pour-moi","status":"publish","type":"post","link":"https:\/\/www.europesays.com\/fr\/80991\/","title":{"rendered":"WTA > Naomi Osaka n&rsquo;en croit pas ses yeux : \u00ab\u00a0C&rsquo;est un peu ironique de remporter mon premier troph\u00e9e sur la surface que je pensais \u00eatre la pire pour moi\u00a0\u00bb"},"content":{"rendered":"<p>Naomi Osaka a bien fait de s\u2019ali\u00adgner sur le WTA 125 de Saint\u2010Malo apr\u00e8s sa d\u00e9faite d\u2019en\u00adtr\u00e9e \u00e0 Madrid. La Japonaise, t\u00eate de s\u00e9rie num\u00e9ro 2\u202fen Bretagne, a fait respecter son rang en d\u00e9cro\u00adchant le tout premier titre de sa carri\u00e8re sur terre battue.\u00a0<\/p>\n<p>Un petit accom\u00adplis\u00adse\u00adment mais loin d\u2019\u00eatre n\u00e9gli\u00adgeable pour l\u2019ac\u00adtuelle 48e joueuse mondiale, qui a livr\u00e9 son senti\u00adment sur les r\u00e9seaux sociaux.\u00a0<\/p>\n<blockquote class=\"twitter-tweet\">\n<p lang=\"en\" dir=\"ltr\">Kinda ironic to win my first trophy back on the surface that I thought was my worst. That\u2019s one of my favo\u00adrite things about life though, there\u2019s always room to grow and evolve. Thanks to everyone accom\u00adpa\u00adnying me on this journey, I know it\u2019s turbu\u00adlent but it\u2019s also really fun and\u2026 <a href=\"https:\/\/t.co\/oR5OY5pTJN\" data-wpel-link=\"external\" target=\"_blank\" rel=\"nofollow external noopener\">pic.twitter.com\/oR5OY5pTJN<\/a><\/p>\n<p>\u2014 NaomiOsaka\u5927\u5742\u306a\u304a\u307f (@naomiosaka) <a href=\"https:\/\/twitter.com\/naomiosaka\/status\/1919070606495985853?ref_src=twsrc%5Etfw\" data-wpel-link=\"external\" target=\"_blank\" rel=\"nofollow external noopener\">May 4,\u00a02025<\/a><\/p><\/blockquote>\n<p><strong>\u00ab\u202fC\u2019est un peu ironique de remporter mon premier troph\u00e9e sur la surface que je pensais \u00eatre la pire. C\u2019est l\u2019une des choses que je pr\u00e9f\u00e8re dans la vie, il y a toujours de la place pour grandir et \u00e9voluer. Merci \u00e0 tous ceux qui m\u2019ac\u00adcom\u00adpagnent dans ce voyage, je sais que c\u2019est turbu\u00adlent mais c\u2019est aussi tr\u00e8s amusant et j\u2019en suis reconnaissant.\u202f\u00bb<\/strong><\/p>\n<p class=\"post-published-date\" style=\"color: silver; font-size: 75%; text-align: left;\">Publi\u00e9 le mardi 6 mai 2025 \u00e0 18:08<\/p>\n<p><script async src=\"https:\/\/platform.twitter.com\/widgets.js\" charset=\"utf-8\"><\/script><\/p>\n","protected":false},"excerpt":{"rendered":"Naomi Osaka a bien fait de s\u2019ali\u00adgner sur le WTA 125 de Saint\u2010Malo apr\u00e8s sa d\u00e9faite d\u2019en\u00adtr\u00e9e \u00e0&hellip;\n","protected":false},"author":2,"featured_media":80992,"comment_status":"","ping_status":"","sticky":false,"template":"","format":"standard","meta":{"footnotes":""},"categories":[1415],"tags":[1011,27,8447,60,1467],"class_list":{"0":"post-80991","1":"post","2":"type-post","3":"status-publish","4":"format-standard","5":"has-post-thumbnail","7":"category-tennis","8":"tag-fr","9":"tag-france","10":"tag-osaka","11":"tag-sports","12":"tag-tennis"},"share_on_mastodon":{"url":"https:\/\/pubeurope.com\/@fr\/114464698081174375","error":""},"_links":{"self":[{"href":"https:\/\/www.europesays.com\/fr\/wp-json\/wp\/v2\/posts\/80991","targetHints":{"allow":["GET"]}}],"collection":[{"href":"https:\/\/www.europesays.com\/fr\/wp-json\/wp\/v2\/posts"}],"about":[{"href":"https:\/\/www.europesays.com\/fr\/wp-json\/wp\/v2\/types\/post"}],"author":[{"embeddable":true,"href":"https:\/\/www.europesays.com\/fr\/wp-json\/wp\/v2\/users\/2"}],"replies":[{"embeddable":true,"href":"https:\/\/www.europesays.com\/fr\/wp-json\/wp\/v2\/comments?post=80991"}],"version-history":[{"count":0,"href":"https:\/\/www.europesays.com\/fr\/wp-json\/wp\/v2\/posts\/80991\/revisions"}],"wp:featuredmedia":[{"embeddable":true,"href":"https:\/\/www.europesays.com\/fr\/wp-json\/wp\/v2\/media\/80992"}],"wp:attachment":[{"href":"https:\/\/www.europesays.com\/fr\/wp-json\/wp\/v2\/media?parent=80991"}],"wp:term":[{"taxonomy":"category","embeddable":true,"href":"https:\/\/www.europesays.com\/fr\/wp-json\/wp\/v2\/categories?post=80991"},{"taxonomy":"post_tag","embeddable":true,"href":"https:\/\/www.europesays.com\/fr\/wp-json\/wp\/v2\/tags?post=80991"}],"curies":[{"name":"wp","href":"https:\/\/api.w.org\/{rel}","templated":true}]}}