{"id":81011,"date":"2025-05-07T04:49:08","date_gmt":"2025-05-07T04:49:08","guid":{"rendered":"https:\/\/www.europesays.com\/fr\/81011\/"},"modified":"2025-05-07T04:49:08","modified_gmt":"2025-05-07T04:49:08","slug":"psg-arsenal-vers-une-titularisation-dousmane-dembele","status":"publish","type":"post","link":"https:\/\/www.europesays.com\/fr\/81011\/","title":{"rendered":"PSG \/ Arsenal &#8211; Vers une titularisation d&rsquo;Ousmane Demb\u00e9l\u00e9 ?"},"content":{"rendered":"<p><img width=\"700\" height=\"350\" src=\"https:\/\/www.europesays.com\/fr\/wp-content\/uploads\/2025\/05\/Dembele-Nuno-Mendes.jpg\" class=\"attachment-jannah-image-post size-jannah-image-post wp-post-image\" alt=\"Demb\u00e9l\u00e9 nuno mendes\" is_main_img=\"1\" decoding=\"async\" fetchpriority=\"high\"  \/><br \/>\n Image :<br \/>\npsg.fr<\/p>\n<p>Ce mercredi soir (21h sur Canal Plus), le PSG re\u00e7oit Arsenal<br \/>\nen demi-finale retour de Ligue des champions. Remis de sa blessure,<br \/>\nOusmane Demb\u00e9l\u00e9 pourrait d\u00e9buter la rencontre.<\/p>\n<p>Le <strong>PSG<\/strong> est \u00e0 J-1 de marquer une belle page de<br \/>\nson histoire. Vainqueur 1-0 \u00e0 <strong>l\u2019Emirates Stadium<\/strong><br \/>\nen demi-finale aller de <strong>Ligue des champions<\/strong>, le<br \/>\nclub de la capitale devra terminer le travail ce mercredi au<br \/>\n<strong>Parc des Princes<\/strong> face \u00e0 <strong><a href=\"https:\/\/canal-supporters.com\/ldc-arsenal-enregistre-des-retours-a-lentrainement-avant-le-psg\/\" title=\"\" rel=\"nofollow noopener\" target=\"_blank\">Arsenal<\/a><\/strong>. Et pour cette rencontre,<br \/>\n<strong>Luis Enrique<\/strong> pourra compter sur le retour<br \/>\nd\u2019<strong>Ousmane Demb\u00e9l\u00e9<\/strong>. Touch\u00e9 aux ischio-jambiers de<br \/>\nla jambe droite il y a une semaine \u00e0 <strong>Londres<\/strong>, le<br \/>\nmeilleur buteur parisien a fait son retour \u00e0 l\u2019entra\u00eenement<br \/>\ncollectif cette semaine. Il sera donc apte pour cette rencontre<br \/>\ncapitale, comme l\u2019a d\u00e9clar\u00e9 le coach des Rouge &amp; Bleu en conf\u00e9rence<br \/>\nde presse : \u00ab\u00a0Cela fait deux jours qu\u2019il s\u2019entra\u00eene avec<br \/>\nle groupe, je l\u2019ai \u00e0 ma disposition.\u00a0\u00bb<\/p>\n<p>Luis Enrique<br \/>\nprendra sa d\u00e9cision d\u00e9finitive mercredi matin<\/p>\n<p>Rapidement apr\u00e8s son p\u00e9pin physique, l\u2019international fran\u00e7ais<br \/>\ns\u2019\u00e9tait montr\u00e9 rassurant. \u00ab\u00a0L\u2019attaquant de 27\u00a0ans,<br \/>\nd\u00e9termin\u00e9 \u00e0 mener <strong>Paris<\/strong> sur le toit de l\u2019Europe, a<br \/>\ntout fait pour pouvoir tenir sa place\u00a0\u00bb, comme le<br \/>\nrapporte <strong><a href=\"https:\/\/www.lequipe.fr\/Football\/Actualites\/-il-a-bien-recupere-il-se-sent-bien-ousmane-dembele-vers-une-titularisation-avec-le-psg-pour-le-match-retour-face-a-arsenal\/1559634\" target=\"_blank\" rel=\"noopener nofollow\" title=\"\">L\u2019Equipe<\/a><\/strong>.<br \/>\nLe staff m\u00e9dical a ainsi mis tout en place avec du travail en<br \/>\nsalle, du repos et un retour \u00e0 l\u2019entra\u00eenement collectif<br \/>\nquarante-huit heures avant la rencontre. \u00ab\u00a0Aid\u00e9 par le<br \/>\nd\u00e9partement m\u00e9dical pour att\u00e9nuer les petites douleurs r\u00e9currentes<br \/>\nde ces derniers jours, <strong>Demb\u00e9l\u00e9<\/strong> a pu recevoir le<br \/>\nfeu vert pour figurer dans le groupe de <strong>Luis<br \/>\nEnrique<\/strong>.\u00a0\u00bb Reste d\u00e9sormais \u00e0 savoir s\u2019il sera<br \/>\napte \u00e0 d\u00e9buter la rencontre. Et d\u2019apr\u00e8s les informations du<br \/>\nquotidien sportif, c\u2019est la tendance \u00e0 un peu plus de 24 heures de<br \/>\ncette demi-finale retour de C1. \u00ab\u00a0Revenir avec l\u2019\u00e9quipe<br \/>\nsans pouvoir d\u00e9marrer aurait un go\u00fbt de renoncement pour le<br \/>\nchampion du monde 2018.\u00a0\u00bb<\/p>\n<p><strong><a href=\"https:\/\/canal-supporters.com\/luis-enrique\/\" title=\"\" rel=\"nofollow noopener\" target=\"_blank\">Luis Enrique<\/a><\/strong> prendra sa d\u00e9cision d\u00e9finitive<br \/>\nmercredi matin en suivant les recommandations optimistes des<br \/>\nm\u00e9decins du club. Concernant le reste du onze, les m\u00eames titulaires<br \/>\nque lors du match aller sont attendus.<br \/>\n\u00ab\u00a0<strong>Arsenal<\/strong> a tent\u00e9 d\u2019en savoir un peu plus<br \/>\nsur les intentions parisiennes en activant son r\u00e9seau autour du<br \/>\nclub de la capitale. Ce n\u2019\u00e9tait pas vraiment la peine d\u2019essayer,<br \/>\ntant <strong>Paris<\/strong> a pris l\u2019habitude d\u00e9sormais de croire<br \/>\nd\u2019abord en ses propres qualit\u00e9s avant d\u2019aller chercher les<br \/>\nfaiblesses de l\u2019adversaire\u00a0\u00bb, conclut<br \/>\n<strong>L\u2019E<\/strong>.<\/p>\n<blockquote class=\"twitter-tweet\">\n<p lang=\"fr\" dir=\"ltr\">\ud83d\udea8 BREAKING : La tendance est \u00e0 une<br \/>\nTITULARISATION d\u2019Ousmane Dembele ce mercredi contre Arsenal \ud83d\udd19\ud83c\uddeb\ud83c\uddf7<\/p>\n<p>[<a href=\"https:\/\/twitter.com\/Tanziloic?ref_src=twsrc%5Etfw\" rel=\"nofollow noopener\" target=\"_blank\">@Tanziloic<\/a>]<br \/>\n<a href=\"https:\/\/t.co\/2qbrR7Hh4o\" rel=\"nofollow\">pic.twitter.com\/2qbrR7Hh4o<\/a><\/p>\n<p>\u2014 Canal Supporters (@CanalSupporters) <a href=\"https:\/\/twitter.com\/CanalSupporters\/status\/1919790217772302629?ref_src=twsrc%5Etfw\" rel=\"nofollow noopener\" target=\"_blank\"><br \/>\nMay 6, 2025<\/a><\/p><\/blockquote>\n<p>Youtube : <a href=\"https:\/\/www.youtube.com\/@CanalSupportersParis\" target=\"_blank\" rel=\"noopener nofollow\" title=\"\">Canal Supporters<br \/>\nParis<\/a><\/p>\n<p><script async src=\"https:\/\/platform.twitter.com\/widgets.js\" charset=\"utf-8\"><\/script><\/p>\n","protected":false},"excerpt":{"rendered":"Image : psg.fr Ce mercredi soir (21h sur Canal Plus), le PSG re\u00e7oit Arsenal en demi-finale retour de&hellip;\n","protected":false},"author":2,"featured_media":81012,"comment_status":"","ping_status":"","sticky":false,"template":"","format":"standard","meta":{"footnotes":""},"categories":[9],"tags":[18831,81,787,16775,15234,1011,27,447,921,2782,91,92,93,11172,60,796,96],"class_list":{"0":"post-81011","1":"post","2":"type-post","3":"status-publish","4":"format-standard","5":"has-post-thumbnail","7":"category-sports","8":"tag-attaquant-psg","9":"tag-canal-supporters","10":"tag-cs","11":"tag-dembele-psg","12":"tag-demi-finale-ldc","13":"tag-fr","14":"tag-france","15":"tag-ligue-des-champions","16":"tag-luis-enrique","17":"tag-ousmane-dembele","18":"tag-paris-saint-germain","19":"tag-paris-sg","20":"tag-psg","21":"tag-psg-arsenal","22":"tag-sports","23":"tag-uefa-champions-league","24":"tag-une"},"share_on_mastodon":{"url":"https:\/\/pubeurope.com\/@fr\/114464749299124201","error":""},"_links":{"self":[{"href":"https:\/\/www.europesays.com\/fr\/wp-json\/wp\/v2\/posts\/81011","targetHints":{"allow":["GET"]}}],"collection":[{"href":"https:\/\/www.europesays.com\/fr\/wp-json\/wp\/v2\/posts"}],"about":[{"href":"https:\/\/www.europesays.com\/fr\/wp-json\/wp\/v2\/types\/post"}],"author":[{"embeddable":true,"href":"https:\/\/www.europesays.com\/fr\/wp-json\/wp\/v2\/users\/2"}],"replies":[{"embeddable":true,"href":"https:\/\/www.europesays.com\/fr\/wp-json\/wp\/v2\/comments?post=81011"}],"version-history":[{"count":0,"href":"https:\/\/www.europesays.com\/fr\/wp-json\/wp\/v2\/posts\/81011\/revisions"}],"wp:featuredmedia":[{"embeddable":true,"href":"https:\/\/www.europesays.com\/fr\/wp-json\/wp\/v2\/media\/81012"}],"wp:attachment":[{"href":"https:\/\/www.europesays.com\/fr\/wp-json\/wp\/v2\/media?parent=81011"}],"wp:term":[{"taxonomy":"category","embeddable":true,"href":"https:\/\/www.europesays.com\/fr\/wp-json\/wp\/v2\/categories?post=81011"},{"taxonomy":"post_tag","embeddable":true,"href":"https:\/\/www.europesays.com\/fr\/wp-json\/wp\/v2\/tags?post=81011"}],"curies":[{"name":"wp","href":"https:\/\/api.w.org\/{rel}","templated":true}]}}