{"id":81015,"date":"2025-05-07T04:51:13","date_gmt":"2025-05-07T04:51:13","guid":{"rendered":"https:\/\/www.europesays.com\/fr\/81015\/"},"modified":"2025-05-07T04:51:13","modified_gmt":"2025-05-07T04:51:13","slug":"les-french-days-cest-aussi-loccasion-de-se-procurer-un-kit-de-3-cameras-qui-filment-en-2k-pour-a-peine-140-e","status":"publish","type":"post","link":"https:\/\/www.europesays.com\/fr\/81015\/","title":{"rendered":"Les French Days, c\u2019est aussi l\u2019occasion de se procurer un kit de 3 cam\u00e9ras qui filment en 2K pour \u00e0 peine 140 \u20ac"},"content":{"rendered":"<p>Pour ceux qui veulent s\u00e9curiser leur maison sans abonnement mensuel ni usine \u00e0 gaz \u00e0 installer. Le pack EufyCam 2 Pro avec trois cam\u00e9ras et sa base coche toutes les cases. En ce moment, ce kit complet voit son prix fondre de 218 euros \u00e0 133 euros chez Cdiscount.<\/p>\n<p><a target=\"_blank\" href=\"https:\/\/images.frandroid.com\/wp-content\/uploads\/2025\/05\/kit-eufy-french-days-2025.jpg\" class=\"article-content__figure\" rel=\"noopener\"><img fetchpriority=\"high\" decoding=\"async\" loading=\"eager\" width=\"1200\" height=\"675\" src=\"https:\/\/www.europesays.com\/fr\/wp-content\/uploads\/2025\/05\/kit-eufy-french-days-2025-1200x675-1.jpg\" alt=\"\" class=\"wp-image-2606959 wp-image wp-image\"  \/><\/a><\/p>\n<p>La s\u00e9curit\u00e9, ce n\u2019est plus une lubie de parano, c\u2019est un r\u00e9flexe moderne. Prot\u00e9ger son foyer, ses proches, ce qu\u2019on a mis du temps \u00e0 b\u00e2tir, c\u2019est devenu aussi naturel que verrouiller son smartphone. Les cam\u00e9ras ne sont plus l\u00e0 pour faire peur, mais pour rassurer. Pour garder un \u0153il sans \u00eatre intrusif, pour recevoir une alerte sans devenir d\u00e9pendant. Avec un syst\u00e8me comme le kit EufyCam 2 Pro, on installe une veille silencieuse, une pr\u00e9sence discr\u00e8te, mais redoutablement efficace. Pas de flicage, juste la certitude qu\u2019en cas de souci, quelqu\u2019un ou plut\u00f4t quelque chose veille. Et pour la fin des French Days, ce kit complet <a href=\"https:\/\/shop.frandroid.com\/7hjx4a3t\" data-type=\"link\" data-id=\"https:\/\/www.cdiscount.com\/bricolage\/securite-domotique\/eufy-kit-3-cameras-de-surveillance-1-base-eu\/f-166200405-euf0194644020835.html\" target=\"_blank\" rel=\"noreferrer noopener affiliate nofollow\" data-gtm=\"{&quot;event&quot;:&quot;afficlic&quot;,&quot;nom_marchand&quot;:&quot;cdiscount&quot;,&quot;nom_produit&quot;:&quot;inconnu&quot;,&quot;categorie_produit&quot;:&quot;inconnu&quot;,&quot;module_produit&quot;:&quot;editolink&quot;,&quot;position_marchand&quot;:0,&quot;texte&quot;:&quot;ce-kit-perd-85-euros-sur-cdiscount-avec-un-code-promo&quot;,&quot;offer_url&quot;:&quot;https:\/\/shop.frandroid.com\/7hjx4a3t&quot;,&quot;zone&quot;:&quot;contenu-page&quot;}\">perd 85 euros sur Cdiscount avec un code promo<\/a>.<\/p>\n<p>Les atouts du kit EufyCam 2 Pro<\/p>\n<ul class=\"wp-block-list\">\n<li>Film en 2K avec vision nocturne<\/li>\n<li>Stockage local et s\u00e9curis\u00e9, sans frais de cloud<\/li>\n<li>Une autonomie de 365 jours sur une seule recharge<\/li>\n<\/ul>\n<p>Au lieu de 218 euros, le kit EufyCam 2 Pro est <a href=\"https:\/\/shop.frandroid.com\/7hjx4a3t\" data-type=\"link\" data-id=\"https:\/\/www.cdiscount.com\/bricolage\/securite-domotique\/eufy-kit-3-cameras-de-surveillance-1-base-eu\/f-166200405-euf0194644020835.html\" target=\"_blank\" rel=\"noreferrer noopener affiliate nofollow\" data-gtm=\"{&quot;event&quot;:&quot;afficlic&quot;,&quot;nom_marchand&quot;:&quot;cdiscount&quot;,&quot;nom_produit&quot;:&quot;inconnu&quot;,&quot;categorie_produit&quot;:&quot;inconnu&quot;,&quot;module_produit&quot;:&quot;editolink&quot;,&quot;position_marchand&quot;:0,&quot;texte&quot;:&quot;aujourd-hui-disponible-en-promotion-a-133-euros-sur-cdiscount&quot;,&quot;offer_url&quot;:&quot;https:\/\/shop.frandroid.com\/7hjx4a3t&quot;,&quot;zone&quot;:&quot;contenu-page&quot;}\">aujourd\u2019hui disponible en promotion \u00e0 133 euros sur Cdiscount<\/a> avec l\u2019aide du code : <strong>15DES129<\/strong><\/p>\n<p>Un trio de cam\u00e9ras, une base, z\u00e9ro tracas<\/p>\n<p>Le c\u0153ur du dispositif, ce sont trois cam\u00e9ras EufyCam 2 Pro qui filment en 2K, avec un rendu pr\u00e9cis et bien d\u00e9taill\u00e9 m\u00eame quand la lumi\u00e8re baisse. La vision nocturne infrarouge fait le job de nuit, sans cramer l\u2019image ni aveugler les passants. Chaque cam\u00e9ra dispose d\u2019une d\u00e9tection intelligente capable de faire la diff\u00e9rence entre un animal, une voiture ou un humain pour \u00e9viter les alertes inutiles \u00e0 chaque chat du quartier.<\/p>\n<p>La base centrale (incluse) sert \u00e0 stocker localement tous les enregistrements, en chiffr\u00e9, sur m\u00e9moire interne ou disque externe. Pas besoin de cloud, pas d\u2019abonnement cach\u00e9, pas de fuite de donn\u00e9es. Et niveau configuration, c\u2019est enfantin : tout passe par l\u2019app Eufy Security, une interface claire, et la possibilit\u00e9 d\u2019installer les cam\u00e9ras o\u00f9 bon vous semble (int\u00e9rieur ou ext\u00e9rieur).<\/p>\n<p>Une autonomie record, un usage flexible<\/p>\n<p>Chaque cam\u00e9ra est aliment\u00e9e par une batterie int\u00e9gr\u00e9e capable de tenir jusqu\u2019\u00e0 un an en une seule charge. Oui, un an. \u00c0 condition d\u2019une utilisation \u00ab\u00a0classique\u00a0\u00bb avec quelques d\u00e9tections par jour, c\u2019est r\u00e9aliste. Et en cas de besoin, il suffit de d\u00e9tacher la cam\u00e9ra (aimant\u00e9e ou viss\u00e9e selon l\u2019option choisie), la brancher en USB et repartir pour douze mois de paix.<\/p>\n<p>Compatible Google Assistant, Alexa et HomeKit, le syst\u00e8me peut aussi s\u2019int\u00e9grer dans un \u00e9cosyst\u00e8me domotique plus large. L\u2019application permet de recevoir les alertes, de consulter les images en direct ou en diff\u00e9r\u00e9, de r\u00e9gler les zones de d\u00e9tection, ou de couper les notifications selon l\u2019heure de la journ\u00e9e. Un vrai couteau suisse de la surveillance domestique, sans tomber dans le flicage constant ni le cloud payant.<\/p>\n<p>Afin de comparer le kit EufyCam 2 Pro avec d\u2019autres r\u00e9f\u00e9rences de la m\u00eame cat\u00e9gorie, nous vous invitons d\u00e8s maintenant \u00e0 consulter <a href=\"https:\/\/www.frandroid.com\/guide-dachat\/guide-dachat-maison-connectee\/718936_guide-cameras-de-securite\" data-type=\"link\" data-id=\"https:\/\/www.frandroid.com\/guide-dachat\/guide-dachat-maison-connectee\/718936_guide-cameras-de-securite\" target=\"_blank\" rel=\"noopener\">notre guide sur les meilleures cam\u00e9ras de surveillance du moment<\/a>.<\/p>\n<p>French Days 2025 : ne ratez aucun bon plan avec Frandroid <\/p>\n<p>Les French Days reviennent en 2025 pour une premi\u00e8re \u00e9dition. Celle-ci se d\u00e9roule du mercredi 30 avril jusqu\u2019au 06 mai inclus.<\/p>\n<p>Afin de ne pas louper les diff\u00e9rentes offres Tech que nous recommandons chaudement lors de cette p\u00e9riode, voici quelques s\u00e9lections de produits :<\/p>\n<p>Afin de ne louper aucun bon plan que nous partageons, voici quelques tips et liens utiles : <\/p>\n<ul class=\"wp-block-list\">\n<li>Suivez notre compte X\u00a0<a href=\"https:\/\/twitter.com\/FrandroidPromos\" target=\"_blank\" rel=\"noreferrer noopener\">@FrandroidPromos<\/a> uniquement d\u00e9di\u00e9 aux bons plans (pensez \u00e0 activer la cloche pour recevoir les notifications en temps r\u00e9el)<\/li>\n<li><a href=\"https:\/\/whatsapp.com\/channel\/0029VabYxm5LI8YhSlD8xc05\" target=\"_blank\" rel=\"noreferrer noopener\">Rejoignez notre canal WhatsApp<\/a> pour recevoir une fois par jour un condens\u00e9 des meilleures offres<\/li>\n<li>T\u00e9l\u00e9chargez notre <a href=\"https:\/\/www.frandroid.com\/telecharger\/apps\/frandroid\" target=\"_blank\" rel=\"noreferrer noopener\">application Frandroid<\/a> (disponible sur iOS et Android) pour activer les notifications de la cat\u00e9gorie \u00ab Bons Plans \u00bb et ainsi recevoir en temps r\u00e9el les nouveaux articles li\u00e9s aux soldes d\u2019hiver<\/li>\n<li>Abonnez-vous \u00e0 notre newsletter pour \u00eatre s\u00fbr de recevoir les offres en avant-premi\u00e8re (pas plus d\u2019un mail par jour, d\u00e9sinscription en 1 clic, aucune diffusion \u00e0 des tiers) :<\/li>\n<\/ul>\n<p class=\"newsletter-form__title is-size-6 is-size-7-mobile is-uppercase has-text-good-deals has-text-weight-semibold mb-4 px-5\">Frandroid Bons plans<\/p>\n<p class=\"has-text-centered-tablet newsletter-form__subtitle is-size-4 has-text-weight-bold has-text-primary column is-9-tablet is-10-mobile\">\n                C\u2019est enregistr\u00e9 ! Surveillez votre bo\u00eete aux lettres, vous allez entendre parler de nous\u00a0!\n            <\/p>\n<p class=\"newsletter-form__subtitle is-size-4 has-text-weight-bold has-text-gradient-pink\">Ne manquez aucun bon plan avec notre newsletter<\/p>\n<p class=\"is-size-7\">\n                Les donn\u00e9es transmises par le biais de ce formulaire sont destin\u00e9es \u00e0 Humanoid,<br \/>\n                soci\u00e9t\u00e9 \u00e9ditrice du site Frandroid en sa qualit\u00e9 de responsable de traitement.<br \/>\n                Elles ne seront en aucun cas c\u00e9d\u00e9es \u00e0 des tiers. Ces donn\u00e9es sont trait\u00e9es sous r\u00e9serve d\u2019obtention de<br \/>\n                votre consentement pour vous envoyer par e-mail des actualit\u00e9s et informations relatives aux contenus<br \/>\n                \u00e9ditoriaux publi\u00e9s sur Frandroid. Vous pouvez vous opposer \u00e0 tout moment \u00e0 ces e-mails<br \/>\n                en cliquant sur les liens de d\u00e9sinscriptions pr\u00e9sents dans chacun d\u2019eux. Pour plus d\u2019informations, vous<br \/>\n                pouvez consulter l\u2019int\u00e9gralit\u00e9 de notre <a href=\"https:\/\/www.frandroid.com\/politique-donnees-personnelles\" target=\"_blank\" rel=\"noopener\"><br \/>\n                politique de traitement de vos donn\u00e9es personnelles<\/a>.<br \/>\n                Vous disposez d\u2019un droit d\u2019acc\u00e8s, de rectification, d\u2019effacement, de limitation, de portabilit\u00e9 et<br \/>\n                d\u2019opposition pour motif l\u00e9gitime aux donn\u00e9es personnelles vous concernant. Pour exercer l\u2019un de ces droits,<br \/>\n                merci d\u2019effectuer votre demande via notre <a href=\"https:\/\/www.frandroid.com\/contact\/#RGPD\" target=\"_blank\" rel=\"noopener\">formulaire<br \/>\n                de demandes d\u2019exercices de droits d\u00e9di\u00e9<\/a>.\n            <\/p>\n<p>            <script async src=\"https:\/\/platform.twitter.com\/widgets.js\" charset=\"utf-8\"><\/script><\/p>\n","protected":false},"excerpt":{"rendered":"Pour ceux qui veulent s\u00e9curiser leur maison sans abonnement mensuel ni usine \u00e0 gaz \u00e0 installer. Le pack&hellip;\n","protected":false},"author":2,"featured_media":81016,"comment_status":"","ping_status":"","sticky":false,"template":"","format":"standard","meta":{"footnotes":""},"categories":[7],"tags":[1045,18832,1011,27,16300,43,40,41,39,42,44],"class_list":{"0":"post-81015","1":"post","2":"type-post","3":"status-publish","4":"format-standard","5":"has-post-thumbnail","7":"category-sciences-et-technologies","8":"tag-bons-plans-cdiscount","9":"tag-eufy","10":"tag-fr","11":"tag-france","12":"tag-french-days-2025","13":"tag-science","14":"tag-science-and-technology","15":"tag-sciences","16":"tag-sciences-et-technologies","17":"tag-technologies","18":"tag-technology"},"share_on_mastodon":{"url":"https:\/\/pubeurope.com\/@fr\/114464757226108765","error":""},"_links":{"self":[{"href":"https:\/\/www.europesays.com\/fr\/wp-json\/wp\/v2\/posts\/81015","targetHints":{"allow":["GET"]}}],"collection":[{"href":"https:\/\/www.europesays.com\/fr\/wp-json\/wp\/v2\/posts"}],"about":[{"href":"https:\/\/www.europesays.com\/fr\/wp-json\/wp\/v2\/types\/post"}],"author":[{"embeddable":true,"href":"https:\/\/www.europesays.com\/fr\/wp-json\/wp\/v2\/users\/2"}],"replies":[{"embeddable":true,"href":"https:\/\/www.europesays.com\/fr\/wp-json\/wp\/v2\/comments?post=81015"}],"version-history":[{"count":0,"href":"https:\/\/www.europesays.com\/fr\/wp-json\/wp\/v2\/posts\/81015\/revisions"}],"wp:featuredmedia":[{"embeddable":true,"href":"https:\/\/www.europesays.com\/fr\/wp-json\/wp\/v2\/media\/81016"}],"wp:attachment":[{"href":"https:\/\/www.europesays.com\/fr\/wp-json\/wp\/v2\/media?parent=81015"}],"wp:term":[{"taxonomy":"category","embeddable":true,"href":"https:\/\/www.europesays.com\/fr\/wp-json\/wp\/v2\/categories?post=81015"},{"taxonomy":"post_tag","embeddable":true,"href":"https:\/\/www.europesays.com\/fr\/wp-json\/wp\/v2\/tags?post=81015"}],"curies":[{"name":"wp","href":"https:\/\/api.w.org\/{rel}","templated":true}]}}