{"id":81021,"date":"2025-05-07T04:54:09","date_gmt":"2025-05-07T04:54:09","guid":{"rendered":"https:\/\/www.europesays.com\/fr\/81021\/"},"modified":"2025-05-07T04:54:09","modified_gmt":"2025-05-07T04:54:09","slug":"ce-qui-ressort-deja-de-la-meute-le-livre-enquete-sur-jean-luc-melenchon","status":"publish","type":"post","link":"https:\/\/www.europesays.com\/fr\/81021\/","title":{"rendered":"Ce qui ressort d\u00e9j\u00e0 de \u00ab\u00a0La Meute\u00a0\u00bb, le livre-enqu\u00eate sur Jean-Luc M\u00e9lenchon"},"content":{"rendered":"<p> \u00abCelui qui doute trahit.\u00a0\u00bb C\u2019est l\u2019un des credos non officiels de <a href=\"https:\/\/www.20minutes.fr\/politique\/jean-luc-melenchon\/\" target=\"_blank\" class=\"color-ultramarine c-link\" rel=\"noopener\">Jean-Luc M\u00e9lenchon<\/a>, fondateur de <a href=\"https:\/\/www.20minutes.fr\/politique\/france-insoumise\/\" target=\"_blank\" class=\"color-ultramarine c-link\" rel=\"noopener\">La France insoumise (LFI)<\/a>. Dans leur livre-enqu\u00eate La Meute, \u00e0 para\u00eetre mercredi, les journalistes Charlotte Bela\u00efch (Lib\u00e9ration) et Olivier P\u00e9rou (Le Monde) d\u00e9voilent le fonctionnement interne d\u2019un parti construit, selon l\u2019ouvrage, autour de l\u2019autorit\u00e9 et de la personnalit\u00e9 de son chef. Le journal <a href=\"https:\/\/www.lemonde.fr\/idees\/article\/2025\/05\/04\/melenchon-demande-la-devotion-aveugle-celui-qui-doute-trahit-les-extraits-de-la-meute-une-enquete-sur-la-france-insoumise_6602916_3232.html?random=1480637419\" rel=\"nofollow noopener\" target=\"_blank\" class=\"color-ultramarine c-link\">Le Monde<\/a> en a publi\u00e9 les bonnes feuilles. Extraits.<\/p>\n<p>Bannissement du jour au lendemain<\/p>\n<p>En d\u00e9cembre\u00a02022, <a href=\"https:\/\/www.20minutes.fr\/politique\/alexis-corbiere\/\" target=\"_blank\" class=\"color-ultramarine c-link\" rel=\"noopener\">Alexis Corbi\u00e8re<\/a>, fid\u00e8le parmi les fid\u00e8les, apprend par voie de presse son exclusion de la direction du mouvement. Quelques mois plus tard, Jean-Luc M\u00e9lenchon met brutalement fin \u00e0 trente ans d\u2019amiti\u00e9\u00a0: \u00ab\u00a0Ne m\u2019adresse plus jamais la parole.\u00a0\u00bb En priv\u00e9, il accuse <a href=\"https:\/\/www.20minutes.fr\/dossier\/raquel-garrido\" target=\"_blank\" class=\"color-ultramarine c-link\" rel=\"noopener\">Raquel Garrido<\/a> d\u2019avoir d\u00e9tourn\u00e9 son compagnon. \u00ab\u00a0Ils me doivent tout\u00a0\u00bb, tranche-t-il.<\/p>\n<\/p>\n<p>M\u00eame mise au ban pour Charlotte Girard, veuve de Fran\u00e7ois Delapierre (cofondateur du parti), juriste et architecte du programme de LFI, \u00e9cart\u00e9e apr\u00e8s avoir exprim\u00e9 des doutes sur le r\u00f4le de Sophia Chikirou, alors vis\u00e9e par une enqu\u00eate sur des prestations de campagne. Jean-Luc M\u00e9lenchon lui adresse un message gla\u00e7ant\u00a0: \u00ab\u00a0Delap [Delapierre] aurait honte de toi.\u00a0\u00bb<\/p>\n<p>Sophia Chikirou, l\u2019ombre tut\u00e9laire<\/p>\n<p>L\u2019enqu\u00eate des deux journalistes consacre plusieurs passages \u00e0 <a href=\"https:\/\/www.20minutes.fr\/dossier\/sophia-chikirou\" target=\"_blank\" class=\"color-ultramarine c-link\" rel=\"noopener\">Sophia Chikirou<\/a>, strat\u00e8ge num\u00e9rique et communicante, compagne officieuse du chef. \u00c0 la t\u00eate d\u2019un appareil de communication redout\u00e9, elle orchestre des offensives en ligne et impose son autorit\u00e9 par un m\u00e9lange de cynisme et d\u2019intimidation. \u00ab\u00a0\u00c0 LFI, je peux leur dire ce que je veux. Comme je suis la femme du chef, ils ob\u00e9issent\u00a0\u00bb, confie-t-elle sans d\u00e9tour.<\/p>\n<p>Son influence s\u2019\u00e9tend jusqu\u2019aux messageries <a href=\"https:\/\/www.20minutes.fr\/high-tech\/telegram\/\" target=\"_blank\" class=\"color-ultramarine c-link\" rel=\"noopener\">Telegram<\/a> o\u00f9 se r\u00e8glent les comptes entre \u00ab\u00a0insoumis\u00a0\u00bb. <a href=\"https:\/\/www.20minutes.fr\/politique\/clementine-autain\/\" target=\"_blank\" class=\"color-ultramarine c-link\" rel=\"noopener\">Cl\u00e9mentine Autain<\/a> en a fait les frais \u00e0 de nombreuses reprises, accus\u00e9e de \u00ab\u00a0sabotage\u00a0\u00bb apr\u00e8s avoir exprim\u00e9 des critiques publiques sur la strat\u00e9gie du mouvement. \u00ab\u00a0Tremble\u00a0\u00bb, lui l\u00e2che un jour Sophia Chikirou, alors que court la rumeur d\u2019une candidature M\u00e9lenchon dans sa circonscription.<\/p>\n<p>Un chef qui contr\u00f4le par la peur<\/p>\n<p>M\u00e9lenchon distribue les faveurs, humilie en public, et souffle le chaud et le froid sur ses lieutenants pour entretenir la tension. \u00ab\u00a0Ach\u00e8te-toi un cerveau\u00a0\u00bb, aurait-il lanc\u00e9 \u00e0 <a href=\"https:\/\/www.20minutes.fr\/politique\/manuel-bompard\/\" target=\"_blank\" class=\"color-ultramarine c-link\" rel=\"noopener\">Manuel Bompard<\/a> apr\u00e8s la d\u00e9b\u00e2cle des europ\u00e9ennes de\u00a02019. Les proches apprennent \u00e0 se taire, \u00e0 observer, \u00e0 attendre le signal. Le leader convoque, ignore ou ridiculise selon son humeur, instaurant une culture de cour \u00e9touffante. A table, on attend qu\u2019il d\u00e9signe qui peut s\u2019asseoir pr\u00e8s de lui.<\/p>\n<p>La strat\u00e9gie est claire\u00a0: isoler les critiques, favoriser la comp\u00e9tition entre proches, et contr\u00f4ler tous les canaux de parole. Des \u00ab\u00a0trolls\u00a0\u00bb pro-LFI sont pilot\u00e9s via des boucles num\u00e9riques pour cibler les opposants, internes comme externes.<\/p>\n<p>Ambigu\u00eft\u00e9s sur l\u2019antis\u00e9mitisme et repli identitaire<\/p>\n<p>Au fil du temps, Jean-Luc M\u00e9lenchon multiplie les propos pol\u00e9miques sur les <a href=\"https:\/\/www.20minutes.fr\/dossier\/juif\" target=\"_blank\" class=\"color-ultramarine c-link\" rel=\"noopener\">juifs<\/a> et Isra\u00ebl. Il accuse la marche contre l\u2019antis\u00e9mitisme de novembre\u00a02023 de soutenir \u00ab\u00a0le massacre\u00a0\u00bb \u00e0 <a href=\"https:\/\/www.20minutes.fr\/monde\/gaza\/\" target=\"_blank\" class=\"color-ultramarine c-link\" rel=\"noopener\">Gaza<\/a>, qualifie l\u2019antis\u00e9mitisme de ph\u00e9nom\u00e8ne \u00ab\u00a0r\u00e9siduel\u00a0\u00bb, et interpelle les juifs fran\u00e7ais en tant que \u00ab\u00a0diaspora\u00a0\u00bb suppos\u00e9ment solidaire du gouvernement isra\u00e9lien. Ses critiques visent aussi J\u00e9r\u00f4me Guedj, Ruth Elkrief ou Raquel Garrido, jug\u00e9e \u00ab\u00a0na\u00efve sur l\u2019influence de la communaut\u00e9 juive en France\u00a0\u00bb. Des anciens proches \u00e9voquent aujourd\u2019hui ce qu\u2019ils taisaient hier\u00a0: allusions \u00e0 un \u00ab\u00a0lobby\u00a0\u00bb, propos d\u00e9plac\u00e9s, moqueries.<\/p>\n<p><a href=\"https:\/\/www.20minutes.fr\/politique\/jean-luc-melenchon\/\" target=\"_blank\" class=\"c-link c-btn c-btn--primary\" rel=\"noopener\">Tous nos articles sur Jean-Luc M\u00e9lenchon<\/a><\/p>\n<p>Depuis la disparition de ses proches conseillers, de Fran\u00e7ois Delapierre \u00e0 Bernard Pignerol, Jean-Luc M\u00e9lenchon se retrouve de plus en plus seul. Obs\u00e9d\u00e9 par\u00a02027, qu\u2019il voit comme sa derni\u00e8re bataille, il se r\u00eave encore en recours ultime face \u00e0 l\u2019extr\u00eame droite. Mais l\u2019homme, vieillissant et parano\u00efaque, craint autant la trahison que la maladie. \u00ab\u00a0Je suis un angoiss\u00e9. Je me suis donn\u00e9 des raisons de vivre\u00a0\u00bb, confiait-il pendant la campagne europ\u00e9enne de\u00a02024.<\/p>\n","protected":false},"excerpt":{"rendered":"\u00abCelui qui doute trahit.\u00a0\u00bb C\u2019est l\u2019un des credos non officiels de Jean-Luc M\u00e9lenchon, fondateur de La France insoumise&hellip;\n","protected":false},"author":2,"featured_media":81022,"comment_status":"","ping_status":"","sticky":false,"template":"","format":"standard","meta":{"footnotes":""},"categories":[4],"tags":[47,11,18835,18836,1067,1011,27,3081,1023,17852,12,16950,316,7320,25,18834],"class_list":{"0":"post-81021","1":"post","2":"type-post","3":"status-publish","4":"format-standard","5":"has-post-thumbnail","7":"category-france","8":"tag-actualite","9":"tag-actualites","10":"tag-alexis-corbiere","11":"tag-clementine-autain","12":"tag-enquete","13":"tag-fr","14":"tag-france","15":"tag-jean-luc-melenchon","16":"tag-la-france-insoumise-lfi","17":"tag-manuel-bompard","18":"tag-news","19":"tag-parti-politique","20":"tag-politique","21":"tag-raquel-garrido","22":"tag-republique-francaise","23":"tag-sophia-chikirou"},"share_on_mastodon":{"url":"https:\/\/pubeurope.com\/@fr\/114464769129757324","error":""},"_links":{"self":[{"href":"https:\/\/www.europesays.com\/fr\/wp-json\/wp\/v2\/posts\/81021","targetHints":{"allow":["GET"]}}],"collection":[{"href":"https:\/\/www.europesays.com\/fr\/wp-json\/wp\/v2\/posts"}],"about":[{"href":"https:\/\/www.europesays.com\/fr\/wp-json\/wp\/v2\/types\/post"}],"author":[{"embeddable":true,"href":"https:\/\/www.europesays.com\/fr\/wp-json\/wp\/v2\/users\/2"}],"replies":[{"embeddable":true,"href":"https:\/\/www.europesays.com\/fr\/wp-json\/wp\/v2\/comments?post=81021"}],"version-history":[{"count":0,"href":"https:\/\/www.europesays.com\/fr\/wp-json\/wp\/v2\/posts\/81021\/revisions"}],"wp:featuredmedia":[{"embeddable":true,"href":"https:\/\/www.europesays.com\/fr\/wp-json\/wp\/v2\/media\/81022"}],"wp:attachment":[{"href":"https:\/\/www.europesays.com\/fr\/wp-json\/wp\/v2\/media?parent=81021"}],"wp:term":[{"taxonomy":"category","embeddable":true,"href":"https:\/\/www.europesays.com\/fr\/wp-json\/wp\/v2\/categories?post=81021"},{"taxonomy":"post_tag","embeddable":true,"href":"https:\/\/www.europesays.com\/fr\/wp-json\/wp\/v2\/tags?post=81021"}],"curies":[{"name":"wp","href":"https:\/\/api.w.org\/{rel}","templated":true}]}}