{"id":810595,"date":"2026-03-19T21:13:14","date_gmt":"2026-03-19T21:13:14","guid":{"rendered":"https:\/\/www.europesays.com\/fr\/810595\/"},"modified":"2026-03-19T21:13:14","modified_gmt":"2026-03-19T21:13:14","slug":"ligue-1-un-possible-report-du-match-lens-psg","status":"publish","type":"post","link":"https:\/\/www.europesays.com\/fr\/810595\/","title":{"rendered":"Ligue 1 &#8211; Un possible report du match Lens \/ PSG ?"},"content":{"rendered":"<p>Entre ses deux matchs des quarts de finale de la Ligue des<br \/>\nchampions contre Liverpool, le PSG doit disputer une rencontre<br \/>\nimportante dans la course au titre en Ligue 1 face au RC<br \/>\nLens.<\/p>\n<p>Le mois d\u2019avril du <strong>PSG<\/strong> sera tr\u00e8s charg\u00e9. En<br \/>\neffet, d\u00e8s le retour de la tr\u00eave internationale, l\u2019\u00e9quipe de<br \/>\n<strong>Luis Enrique<\/strong> encha\u00eenera les rencontres tous les<br \/>\ntrois \u00e0 quatre jours. Les Rouge &amp; Bleu devront notamment n\u00e9gocier<br \/>\navec brio l\u2019encha\u00eenement de folie : <strong><a href=\"https:\/\/canal-supporters.com\/liverpool-confiant-avant-daffronter-le-psg-en-ligue-des-champions\/\" title=\"\" rel=\"nofollow noopener\" target=\"_blank\">Liverpool<\/a><\/strong> (8 avril) \u2013 <strong>RC<br \/>\nLens<\/strong> (11 avril) \u2013 <strong>Liverpool<\/strong> (14 avril),<br \/>\nen l\u2019espace de six jours.<\/p>\n<p>L\u2019id\u00e9e du report<br \/>\ndoit faire sens<\/p>\n<p>Si le <strong>PSG<\/strong> a pu pr\u00e9parer sereinement son<br \/>\nhuiti\u00e8me de finale de la <strong>Ligue des champions<\/strong><br \/>\ncontre <strong>Chelsea<\/strong> gr\u00e2ce au report de son match face<br \/>\nau <strong>FC Nantes<\/strong> au 22 avril prochain, ce proc\u00e9d\u00e9<br \/>\npourrait-il \u00eatre r\u00e9it\u00e9r\u00e9 pour la double confrontation face aux<br \/>\nReds ? Si cette situation semble \u00eatre une aubaine pour le<br \/>\n<strong>RC Lens<\/strong>, qui lutte avec les Rouge &amp; Bleu pour le<br \/>\ntitre, les Sang &amp; Or ne sont pas totalement ferm\u00e9s \u00e0 l\u2019id\u00e9e de<br \/>\nreporter cette rencontre, qui se disputera au <strong>stade<br \/>\nBollaert-Delelis<\/strong> le samedi 11 avril (17h sur beIN<br \/>\nSPORTS 1), comme le rapporte <strong><a href=\"https:\/\/rmcsport.bfmtv.com\/football\/ligue-1\/lens-psg-reporte-le-club-nordiste-pas-totalement-ferme-a-l-idee-si-cela-fait-sens-pour-les-sang-et-or_AV-202603190507.html\" target=\"_blank\" rel=\"noopener nofollow\" title=\"\">RMC<br \/>\nSport<\/a><\/strong>. Pour l\u2019instant, le club parisien n\u2019a pas<br \/>\nencore fait la demande mais \u00ab\u00a0du c\u00f4t\u00e9 du <strong>RC<br \/>\nLens<\/strong>, on explique ne pas \u00eatre totalement ferm\u00e9 si cette<br \/>\ndemande arrive et \u2018fait sens\u2019 pour le club. Mais cela d\u00e9pendra de<br \/>\nla solution qui est envisag\u00e9e alors que les hommes de<br \/>\n<strong>Pierre Sage<\/strong> sont toujours en lice en <strong>Coupe<br \/>\nde France<\/strong>, avec une demi-finale contre<br \/>\n<strong>Toulouse<\/strong> le 21 avril, ce qui r\u00e9duit les<br \/>\npossibilit\u00e9s dans le calendrier\u00a0\u00bb, explique le m\u00e9dia<br \/>\nsportif.<\/p>\n<p>La semaine pass\u00e9e, l\u2019entra\u00eeneur lensois, <strong><a href=\"https:\/\/canal-supporters.com\/sage-la-performance-de-retourner-un-match-comme-celui-ci-est-de-haut-niveau\/\" title=\"\" rel=\"nofollow noopener\" target=\"_blank\">Pierre Sage<\/a><\/strong>, avait fait savoir qu\u2019il<br \/>\nn\u2019accepterait pas une telle d\u00e9cision : \u00ab\u00a0C\u2019est trop tard<br \/>\npuisque le match est programm\u00e9, alors que celui de<br \/>\n<strong>Nantes<\/strong> ne l\u2019\u00e9tait pas (\u2026) Je pense que le<br \/>\n<strong>PSG<\/strong> n\u2019a pas besoin de \u00e7a pour \u00eatre comp\u00e9titif<br \/>\ncontre nous.\u00a0\u00bb De son c\u00f4t\u00e9, La Voix du Nord<br \/>\npr\u00e9cise que \u00ab\u00a0du c\u00f4t\u00e9 du <strong>RC Lens<\/strong>, on fait<br \/>\nsavoir que le <strong>PSG<\/strong> n\u2019a pas pris attache avec le<br \/>\nclub, ni avec la <strong>LFP<\/strong> et qu\u2019aucune d\u00e9marche n\u2019est<br \/>\nen cours \u00e0 cet instant. La demande n\u2019existe donc pas pour le moment<br \/>\ndu moins.\u00a0\u00bb Reste d\u00e9sormais \u00e0 savoir si le<br \/>\n<strong>PSG<\/strong> en fera la demande, \u00e0 trois semaines du match,<br \/>\net si la <strong>LFP<\/strong> et le <strong>RC Lens<\/strong> y<br \/>\nseront favorables.<\/p>\n<\/p>\n<p>Youtube :<br \/>\n<strong><a href=\"https:\/\/www.youtube.com\/@CanalSupportersParis\/videos\" target=\"_blank\" rel=\"noopener nofollow\" title=\"\">Canal Supporters<br \/>\nParis<\/a><\/strong><\/p>\n","protected":false},"excerpt":{"rendered":"Entre ses deux matchs des quarts de finale de la Ligue des champions contre Liverpool, le PSG doit&hellip;\n","protected":false},"author":2,"featured_media":810596,"comment_status":"","ping_status":"","sticky":false,"template":"","format":"standard","meta":{"footnotes":"","_share_on_mastodon":"0"},"categories":[9],"tags":[17164,81,787,1011,27,88659,2330,66,447,88569,91,92,93,88570,60,96],"class_list":["post-810595","post","type-post","status-publish","format-standard","has-post-thumbnail","category-sports","tag-calendrier-psg","tag-canal-supporters","tag-cs","tag-fr","tag-france","tag-lens-psg","tag-lfp","tag-ligue-1","tag-ligue-des-champions","tag-liverpool-psg","tag-paris-saint-germain","tag-paris-sg","tag-psg","tag-psg-liverpool","tag-sports","tag-une"],"share_on_mastodon":{"url":"https:\/\/pubeurope.com\/@fr\/116257908995633739","error":""},"_links":{"self":[{"href":"https:\/\/www.europesays.com\/fr\/wp-json\/wp\/v2\/posts\/810595","targetHints":{"allow":["GET"]}}],"collection":[{"href":"https:\/\/www.europesays.com\/fr\/wp-json\/wp\/v2\/posts"}],"about":[{"href":"https:\/\/www.europesays.com\/fr\/wp-json\/wp\/v2\/types\/post"}],"author":[{"embeddable":true,"href":"https:\/\/www.europesays.com\/fr\/wp-json\/wp\/v2\/users\/2"}],"replies":[{"embeddable":true,"href":"https:\/\/www.europesays.com\/fr\/wp-json\/wp\/v2\/comments?post=810595"}],"version-history":[{"count":0,"href":"https:\/\/www.europesays.com\/fr\/wp-json\/wp\/v2\/posts\/810595\/revisions"}],"wp:featuredmedia":[{"embeddable":true,"href":"https:\/\/www.europesays.com\/fr\/wp-json\/wp\/v2\/media\/810596"}],"wp:attachment":[{"href":"https:\/\/www.europesays.com\/fr\/wp-json\/wp\/v2\/media?parent=810595"}],"wp:term":[{"taxonomy":"category","embeddable":true,"href":"https:\/\/www.europesays.com\/fr\/wp-json\/wp\/v2\/categories?post=810595"},{"taxonomy":"post_tag","embeddable":true,"href":"https:\/\/www.europesays.com\/fr\/wp-json\/wp\/v2\/tags?post=810595"}],"curies":[{"name":"wp","href":"https:\/\/api.w.org\/{rel}","templated":true}]}}