{"id":81135,"date":"2025-05-07T05:59:11","date_gmt":"2025-05-07T05:59:11","guid":{"rendered":"https:\/\/www.europesays.com\/fr\/81135\/"},"modified":"2025-05-07T05:59:11","modified_gmt":"2025-05-07T05:59:11","slug":"sonia-mabrouk-refuse-la-proposition-de-bfmtv-pascal-praud-reagit","status":"publish","type":"post","link":"https:\/\/www.europesays.com\/fr\/81135\/","title":{"rendered":"Sonia Mabrouk refuse la proposition de BFMTV, Pascal Praud r\u00e9agit"},"content":{"rendered":"<p>Les rumeurs de ces derniers jours pr\u00eataient un avenir dans le groupe RMC-BFM \u00e0 l\u2019animatrice. Mais il n\u2019en sera rien \u00e9tant donn\u00e9 qu\u2019elle a annonc\u00e9 rester sur CNews et Europe 1. Son coll\u00e8gue a exprim\u00e9 sa joie.<\/p>\n<p class=\"fig-paragraph\">Un transfert qui ne se fera pas. Depuis quelques jours, les rumeurs allaient bon train concernant l\u2019avenir, d\u00e8s la saison prochaine, de la journaliste\u00a0<a href=\"http:\/\/tvmag.lefigaro.fr\/programme-tv\/actu-tele\/sonia-mabrouk-ma-fille-est-un-don-du-ciel-j-attendais-de-devenir-mere-depuis-longtemps-20240919\" target=\"_blank\" data-fig-type=\"Article\" rel=\"noopener\" data-gtm-custom-categorie=\"navigation\" data-gtm-custom-action=\"crossclick\" data-gtm-custom-label=\"Contextuel\" data-gtm-event=\"customEventSPE\" data-fig-domain=\"TVMAG\">Sonia Mabrouk<\/a>. Si elle est l\u2019une des incarnations phares de CNews et d\u2019Europe 1, certains lui pr\u00eataient une carri\u00e8re dans le groupe RMC-BFM.<\/p>\n<p class=\"fig-paragraph\">L\u2019animatrice t\u00e9l\u00e9 et radio a confirm\u00e9 dans les colonnes du Figaro avoir \u00e9t\u00e9 approch\u00e9e par BFMTV. \u00abJe trouve toujours int\u00e9ressant de pouvoir \u00e9changer avec les diff\u00e9rents responsables de l\u2019audiovisuel, d\u2019\u00e9couter leur vision du d\u00e9bat public et politique, de son \u00e9volution, dans un esprit de curiosit\u00e9 et de dialogue\u00bb, a-t-elle confi\u00e9 dans un premier temps avant d\u2019<a href=\"http:\/\/www.lefigaro.fr\/medias\/j-occupe-sur-europe-1-et-cnews-une-place-qui-m-est-chere-sonia-mabrouk-n-ira-pas-chez-bfmtv-20250506\" target=\"_blank\" data-fig-type=\"NewsFlash\" rel=\"noopener\" data-gtm-custom-categorie=\"navigation\" data-gtm-custom-action=\"crossclick\" data-gtm-custom-label=\"Contextuel\" data-gtm-event=\"customEventSPE\" data-fig-domain=\"LEFIGARO\">officialiser sa fid\u00e9lit\u00e9<\/a>\u00a0au groupe Canal+.<\/p>\n<p class=\"fig-body-link\">\n            \u00c0 lire aussi<br \/>\n        <a class=\"fig-body-link__link fig-premium-mark\" href=\"http:\/\/tvmag.lefigaro.fr\/programme-tv\/actu-tele\/lea-salame-sonia-mabrouk-emilie-tran-nguyen-ces-personnalites-draguees-par-bfmtv-20250417\" target=\"_blank\" data-fig-type=\"Article\" rel=\"noopener\" data-gtm-custom-categorie=\"navigation\" data-gtm-custom-action=\"crossclick\" data-gtm-custom-label=\"Contextuel\" data-gtm-event=\"customEventSPE\" data-fig-domain=\"TVMAG\">L\u00e9a Salam\u00e9, Sonia Mabrouk, \u00c9milie Tran Nguyen&#8230; Ces personnalit\u00e9s dragu\u00e9es par BFMTV<br \/>\n    <\/a>\n<\/p>\n<p>\u00abQuelle joie\u00a0!\u00bb\u00a0<\/p>\n<p class=\"fig-paragraph\">\u00abJe pense que l\u2019on peut parler de fid\u00e9lit\u00e9 et d\u2019attachement, des valeurs qui comptent \u00e0 mes yeux. C\u2019est au nom de cette continuit\u00e9 et de cet attachement depuis des ann\u00e9es que je vais poursuivre mon compagnonnage avec les \u00e9quipes d\u2019Europe 1 et de CNews\u00bb, a expliqu\u00e9 celle qui a un attachement sentimental avec la station de radio. \u00abEurope 1 \u00e9tait la radio de c\u0153ur de ma m\u00e8re aujourd\u2019hui disparue.\u00bb<\/p>\n<p class=\"fig-paragraph\">Et cette nouvelle n\u2019est pas pass\u00e9e inaper\u00e7ue du c\u00f4t\u00e9 de ses confr\u00e8res du groupe. D\u00e8s l\u2019officialisation faite, le journaliste Pascal Praud s\u2019est empress\u00e9 de t\u00e9moigner son affection \u00e0 la jeune maman. \u00abJe me r\u00e9jouis que Sonia Mabrouk reste sur CNews m\u00eame si je n\u2019ai jamais imagin\u00e9 qu\u2019elle quitte la cha\u00eene\u00bb, a-t-il \u00e9crit en amorce avant d\u2019encenser les qualit\u00e9s de la journaliste\u00a0: \u00abSon talent est unique et sa pr\u00e9sence indispensable \u00e0 CNews.\u00bb<\/p>\n<p class=\"fig-paragraph\">Mais Pascal Praud ne s\u2019est pas arr\u00eat\u00e9 \u00e0 l\u2019\u00e9loge des aptitudes de sa cons\u0153ur. \u00abAu-del\u00e0 de ses qualit\u00e9s professionnelles que chacun conna\u00eet, Sonia montre une intelligence du c\u0153ur peu commune\u00bb, a-t-il soulign\u00e9 avant de conclure\u00a0: \u00abQuelle joie de continuer \u00e0 travailler avec elle\u00a0!\u00bb<\/p>\n<p>\u00a0\u00bb<br \/>\n        data-script=\u00a0\u00bbhttps:\/\/static.lefigaro.fr\/widget-video\/short-ttl\/video\/index.js\u00a0\u00bb<br \/>\n    &gt;<\/p>\n","protected":false},"excerpt":{"rendered":"Les rumeurs de ces derniers jours pr\u00eataient un avenir dans le groupe RMC-BFM \u00e0 l\u2019animatrice. Mais il n\u2019en&hellip;\n","protected":false},"author":2,"featured_media":81136,"comment_status":"","ping_status":"","sticky":false,"template":"","format":"standard","meta":{"footnotes":""},"categories":[8],"tags":[497,496,499,58,59,1011,27,500,504,505,495,10160,503,502,501,18853,498],"class_list":{"0":"post-81135","1":"post","2":"type-post","3":"status-publish","4":"format-standard","5":"has-post-thumbnail","7":"category-divertissement","8":"tag-actu-tv","9":"tag-actualite-tv","10":"tag-buzz-tv","11":"tag-divertissement","12":"tag-entertainment","13":"tag-fr","14":"tag-france","15":"tag-medias","16":"tag-news-tele","17":"tag-news-television","18":"tag-news-tv","19":"tag-pascal-praud","20":"tag-programme-tele","21":"tag-programme-tv","22":"tag-quiz-tv","23":"tag-sonia-mabrouk","24":"tag-tv-actu"},"share_on_mastodon":{"url":"https:\/\/pubeurope.com\/@fr\/114465024459663679","error":""},"_links":{"self":[{"href":"https:\/\/www.europesays.com\/fr\/wp-json\/wp\/v2\/posts\/81135","targetHints":{"allow":["GET"]}}],"collection":[{"href":"https:\/\/www.europesays.com\/fr\/wp-json\/wp\/v2\/posts"}],"about":[{"href":"https:\/\/www.europesays.com\/fr\/wp-json\/wp\/v2\/types\/post"}],"author":[{"embeddable":true,"href":"https:\/\/www.europesays.com\/fr\/wp-json\/wp\/v2\/users\/2"}],"replies":[{"embeddable":true,"href":"https:\/\/www.europesays.com\/fr\/wp-json\/wp\/v2\/comments?post=81135"}],"version-history":[{"count":0,"href":"https:\/\/www.europesays.com\/fr\/wp-json\/wp\/v2\/posts\/81135\/revisions"}],"wp:featuredmedia":[{"embeddable":true,"href":"https:\/\/www.europesays.com\/fr\/wp-json\/wp\/v2\/media\/81136"}],"wp:attachment":[{"href":"https:\/\/www.europesays.com\/fr\/wp-json\/wp\/v2\/media?parent=81135"}],"wp:term":[{"taxonomy":"category","embeddable":true,"href":"https:\/\/www.europesays.com\/fr\/wp-json\/wp\/v2\/categories?post=81135"},{"taxonomy":"post_tag","embeddable":true,"href":"https:\/\/www.europesays.com\/fr\/wp-json\/wp\/v2\/tags?post=81135"}],"curies":[{"name":"wp","href":"https:\/\/api.w.org\/{rel}","templated":true}]}}