{"id":811383,"date":"2026-03-20T05:27:37","date_gmt":"2026-03-20T05:27:37","guid":{"rendered":"https:\/\/www.europesays.com\/fr\/811383\/"},"modified":"2026-03-20T05:27:37","modified_gmt":"2026-03-20T05:27:37","slug":"virginie-demont-breton-peintre-engagee-de-la-cote-dopale","status":"publish","type":"post","link":"https:\/\/www.europesays.com\/fr\/811383\/","title":{"rendered":"Virginie Demont-Breton, peintre engag\u00e9e de la C\u00f4te d\u2019Opale"},"content":{"rendered":"<p class=\"editor-content__paragraph\">\u00ab\u00a0Mais non, je ne serai pas un peintre, puisque je serai une femme\u00a0!\u00a0\u00bb, lance un beau jour <strong>Virginie Demont-Breton<\/strong> \u00e0 son p\u00e8re, le peintre Jules Breton, lorsqu\u2019il lui pr\u00e9dit une<strong> carri\u00e8re d\u2019artiste<\/strong>. N\u00e9e en 1859 \u00e0 Courri\u00e8res, dans le nord de la France, elle a pass\u00e9 sa vie <strong>entre Paris et Wissant<\/strong>, alors modeste village de p\u00eacheurs de la C\u00f4te d\u2019Opale, o\u00f9 elle fondera une<strong> colonie d\u2019artistes<\/strong> \u2013 l\u2019\u00c9cole de Wissant.<\/p>\n<p class=\"editor-content__paragraph\">Elle jouit de son vivant d\u2019une <strong>grande reconnaissance officielle et critique<\/strong>. Form\u00e9e dans l\u2019atelier paternel, elle <strong>expose au Salon<\/strong> \u00e0 partir de 1880. D\u00e8s l\u2019ann\u00e9e suivante, l\u2019obtention d\u2019une m\u00e9daille de troisi\u00e8me classe lui permet de ne plus soumettre ses \u0153uvres au jury.<\/p>\n<p>    <img loading=\"lazy\" decoding=\"async\" class=\"image__img\" src=\"https:\/\/www.europesays.com\/fr\/wp-content\/uploads\/2026\/03\/webbridgeman.5201617-964x1810.jpg\" alt=\"Madame Virginie Demont-Breton, peintre\" width=\"964\" height=\"1810\"\/><\/p>\n<p>Madame Virginie Demont-Breton, peintre, 1859<\/p>\n<p>    i<\/p>\n<p class=\"legende__cartel\">\u00a9 Look and Learn \/ Bridgeman Images<\/p>\n<p class=\"editor-content__paragraph\">La suite de son parcours est jalonn\u00e9e de<strong> r\u00e9compenses importantes<\/strong>, \u00e0 la fois en France et dans le monde. En 1894, elle est nomm\u00e9e <strong>chevalier de la L\u00e9gion d\u2019honneur<\/strong>, devenant la deuxi\u00e8me femme d\u00e9cor\u00e9e apr\u00e8s <a href=\"https:\/\/www.beauxarts.com\/grand-format\/rosa-bonheur-en-2-minutes\/\" target=\"_blank\" rel=\"noopener nofollow\">Rosa Bonheur<\/a>, dont elle est par ailleurs proche et qu\u2019elle tient pour mod\u00e8le.<\/p>\n<p class=\"editor-content__paragraph\">Virginie Demont-Breton a jou\u00e9 un r\u00f4le d\u00e9cisif dans l\u2019ouverture de l\u2019enseignement artistique aux femmes. En 1896, elle succ\u00e8de \u00e0 <a href=\"https:\/\/www.beauxarts.com\/grand-format\/helene-bertaux-sculptrice-grace-a-qui-les-femmes-ont-pu-enfin-etudier-a-lecole-des-beaux-arts\/\" target=\"_blank\" rel=\"noopener nofollow\">H\u00e9l\u00e8ne Bertaux<\/a> <strong>\u00e0 la t\u00eate de l\u2019Union des femmes peintres<\/strong>. C\u2019est sous son mandat que les femmes obtiennent <strong>l\u2019acc\u00e8s \u00e0 l\u2019\u00c9cole des beaux-arts<\/strong> en 1897\u00a0et la possibilit\u00e9 de concourir au prix de Rome en 1903.<\/p>\n<p>        \u00c0 lire aussi :<br \/>\n        <a class=\"renvoi-explicite__link\" href=\"https:\/\/www.beauxarts.com\/grand-format\/helene-bertaux-sculptrice-grace-a-qui-les-femmes-ont-pu-enfin-etudier-a-lecole-des-beaux-arts\/\" rel=\"nofollow noopener\" target=\"_blank\">H\u00e9l\u00e8ne Bertaux, sculptrice gr\u00e2ce \u00e0 qui les femmes ont pu enfin \u00e9tudier \u00e0 l\u2019\u00c9cole des beaux-arts\u00a0!<\/a><\/p>\n<p>L\u2019\u0153uvre de Virginie Demont-Breton<\/p>\n<p class=\"editor-content__paragraph\">Virginie Demont-Breton s\u2019inscrit <strong>\u00e0 la crois\u00e9e du naturalisme et de l\u2019<a href=\"https:\/\/www.beauxarts.com\/encyclo\/la-peinture-academique-en-3-minutes\/\" target=\"_blank\" rel=\"noopener nofollow\">acad\u00e9misme<\/a><\/strong>. L\u2019artiste a h\u00e9rit\u00e9 de son p\u00e8re, Jules Breton, sa touche pr\u00e9cise et un sens aigu de la composition. \u00c0 Wissant, elle a fait de la vie quotidienne des <strong>p\u00eacheurs<\/strong> son motif de pr\u00e9dilection. <strong>Femmes de marins et enfants<\/strong> lui inspirent un grand nombre de tableaux, \u00e0 commencer par le monumental <strong>La Plage <\/strong>(1883).<\/p>\n<p>    <img loading=\"lazy\" decoding=\"async\" class=\"image__img\" src=\"https:\/\/www.europesays.com\/fr\/wp-content\/uploads\/2026\/03\/web10-525591-964x530.jpg\" alt=\"Virginie Demont-Breton, La Plage\" width=\"964\" height=\"530\"\/><\/p>\n<p>Virginie Demont-Breton, La Plage, 1883<\/p>\n<p>    i<\/p>\n<p class=\"legende__cartel\">Huile sur toile \u2022 190 \u00d7 348\u00a0cm \u2022 Coll. mus\u00e9e des Beaux-arts, Arras \u2022 \u00a9 GrandPalais Rmn \/ Herv\u00e9 Lewandowski<\/p>\n<p class=\"editor-content__paragraph\">Acquise par l\u2019\u00c9tat d\u00e8s 1883, cette<strong> touchante sc\u00e8ne de maternit\u00e9<\/strong> face \u00e0 la mer la propulse hors concours \u2013 une situation honorifique puisqu\u2019elle n\u2019a alors plus besoin de se soumettre \u00e0 l\u2019approbation du jury. Sa palette est domin\u00e9e par des <strong>tons terreux<\/strong> et des <strong>bleus froids<\/strong>. L\u2019artiste excelle particuli\u00e8rement dans les <strong>effets de lumi\u00e8re<\/strong>, connus pour \u00eatre particuli\u00e8rement subtils sur la C\u00f4te d\u2019Opale.<\/p>\n<p class=\"editor-content__paragraph\">Elle sait aussi d\u00e9tailler avec un grand souci de r\u00e9alisme les<strong> visages expressifs<\/strong> de ses mod\u00e8les (pour la plupart des habitants de Wissant). Elle d\u00e9ploie dans ses \u0153uvres une <strong>forte intensit\u00e9 dramatique<\/strong>, comme en t\u00e9moignent Les Tourment\u00e9s (1905) ou encore Stella Maris (1894), inspir\u00e9e par la disparition d\u2019un jeune marin de 14\u00a0ans.<\/p>\n<p>O\u00f9 voir ses \u0153uvres\u00a0?<\/p>\n<p class=\"editor-content__paragraph\">Au <strong>mus\u00e9e d\u2019Orsay<\/strong> (La Plage), au<strong> Petit Palais<\/strong> (Dans l\u2019air pur) ou encore, bien s\u00fbr, dans de nombreux<strong> mus\u00e9es du nord de la France<\/strong> \u2013 au Palais des beaux-arts de Lille (Les Tourment\u00e9s), au mus\u00e9e de Boulogne-sur-Mer, au mus\u00e9e de Picardie \u00e0 Amiens\u2026<\/p>\n<p>                <a href=\"https:\/\/www.beauxarts.com\/series\/30-femmes-artistes-que-vous-devriez-absolument-connaitre\/\" target=\"_blank\" rel=\"noopener nofollow\">Retrouvez notre s\u00e9rie sur les 50 artistes femmes que vous devriez absolument conna\u00eetre !<\/a><\/p>\n","protected":false},"excerpt":{"rendered":"\u00ab\u00a0Mais non, je ne serai pas un peintre, puisque je serai une femme\u00a0!\u00a0\u00bb, lance un beau jour Virginie&hellip;\n","protected":false},"author":2,"featured_media":811384,"comment_status":"","ping_status":"","sticky":false,"template":"","format":"standard","meta":{"footnotes":"","_share_on_mastodon":"0"},"categories":[1358],"tags":[14535,88772,1348,1384,1385,1386,58,59,1011,27,88773,1585,88774],"class_list":["post-811383","post","type-post","status-publish","format-standard","has-post-thumbnail","category-arts-et-design","tag-art-ancien","tag-artistes-femmes","tag-arts","tag-arts-and-design","tag-arts-et-design","tag-design","tag-divertissement","tag-entertainment","tag-fr","tag-france","tag-naturalisme","tag-peinture","tag-virginie-demont-breton"],"share_on_mastodon":{"url":"https:\/\/pubeurope.com\/@fr\/116259851252066912","error":""},"_links":{"self":[{"href":"https:\/\/www.europesays.com\/fr\/wp-json\/wp\/v2\/posts\/811383","targetHints":{"allow":["GET"]}}],"collection":[{"href":"https:\/\/www.europesays.com\/fr\/wp-json\/wp\/v2\/posts"}],"about":[{"href":"https:\/\/www.europesays.com\/fr\/wp-json\/wp\/v2\/types\/post"}],"author":[{"embeddable":true,"href":"https:\/\/www.europesays.com\/fr\/wp-json\/wp\/v2\/users\/2"}],"replies":[{"embeddable":true,"href":"https:\/\/www.europesays.com\/fr\/wp-json\/wp\/v2\/comments?post=811383"}],"version-history":[{"count":0,"href":"https:\/\/www.europesays.com\/fr\/wp-json\/wp\/v2\/posts\/811383\/revisions"}],"wp:featuredmedia":[{"embeddable":true,"href":"https:\/\/www.europesays.com\/fr\/wp-json\/wp\/v2\/media\/811384"}],"wp:attachment":[{"href":"https:\/\/www.europesays.com\/fr\/wp-json\/wp\/v2\/media?parent=811383"}],"wp:term":[{"taxonomy":"category","embeddable":true,"href":"https:\/\/www.europesays.com\/fr\/wp-json\/wp\/v2\/categories?post=811383"},{"taxonomy":"post_tag","embeddable":true,"href":"https:\/\/www.europesays.com\/fr\/wp-json\/wp\/v2\/tags?post=811383"}],"curies":[{"name":"wp","href":"https:\/\/api.w.org\/{rel}","templated":true}]}}