{"id":81139,"date":"2025-05-07T06:01:10","date_gmt":"2025-05-07T06:01:10","guid":{"rendered":"https:\/\/www.europesays.com\/fr\/81139\/"},"modified":"2025-05-07T06:01:10","modified_gmt":"2025-05-07T06:01:10","slug":"les-actions-se-redressent-a-la-suite-des-negociations-entre-les-etats-unis-et-la-chine-et-de-la-baisse-des-taux-dinteret-en-chine-07-05-2025-a-0501","status":"publish","type":"post","link":"https:\/\/www.europesays.com\/fr\/81139\/","title":{"rendered":"Les actions se redressent \u00e0 la suite des n\u00e9gociations entre les \u00c9tats-Unis et la Chine et de la baisse des taux d&rsquo;int\u00e9r\u00eat en Chine &#8211; 07\/05\/2025 \u00e0 05:01"},"content":{"rendered":"<p>\n ((Traduction automatis\u00e9e par Reuters, veuillez consulter la clause<br \/>\nde non-responsabilit\u00e9 https:\/\/bit.ly\/rtrsauto))\n<\/p>\n<p>\n *\n<\/p>\n<p>\n Les \u00c9tats-Unis et la Chine discutent du commerce en Suisse\n<\/p>\n<p>\n *\n<\/p>\n<p>\n La Chine r\u00e9duit ses taux d&rsquo;int\u00e9r\u00eat et ses r\u00e9serves<br \/>\nobligatoires\n<\/p>\n<p>\n *\n<\/p>\n<p>\n Le Hang Seng et les contrats \u00e0 terme am\u00e9ricains<br \/>\nbondissent; le<br \/>\nyuan glisse\n<\/p>\n<p>\n (Mise \u00e0 jour avec la Chine et l&rsquo;ouverture de Hong Kong)<br \/>\npar Tom Westbrook\n<\/p>\n<p>\n Les contrats \u00e0 terme sur les<br \/>\nactions am\u00e9ricaines et les march\u00e9s chinois ont augment\u00e9<br \/>\nmercredi, les investisseurs ayant accueilli favorablement la<br \/>\nnouvelle d&rsquo;une r\u00e9union entre les hauts responsables commerciaux<br \/>\nam\u00e9ricains et chinois comme une chance d&rsquo;att\u00e9nuer les tarifs<br \/>\ndouaniers, tandis que la Chine a r\u00e9duit les taux d&rsquo;int\u00e9r\u00eat et<br \/>\npromis de soutenir les march\u00e9s boursiers.\n<\/p>\n<p>\n \u00ab\u00a0Mon sentiment est qu&rsquo;il s&rsquo;agira d&rsquo;une d\u00e9sescalade\u00a0\u00bb, a d\u00e9clar\u00e9<br \/>\nle secr\u00e9taire am\u00e9ricain au Tr\u00e9sor, Scott Bessent , \u00e0<br \/>\npropos de la r\u00e9union, pr\u00e9vue pour le week-end en Suisse.\n<\/p>\n<p>\n Les contrats \u00e0 terme du S&amp;P 500  ESc1  ont augment\u00e9 d&rsquo;environ<br \/>\n0,9% et le Hang Seng  .HSI  de Hong Kong \u00e9tait en hausse de 1,7%<br \/>\nen milieu de matin\u00e9e. Les valeurs s\u00fbres chinoises<br \/>\n <a href=\"https:\/\/www.boursorama.com\/cours\/1x000300\/\" rel=\"nofollow noopener\" target=\"_blank\"><br \/>\n  .CSI300<br \/>\n <\/a><br \/>\n ont<br \/>\naugment\u00e9 de 0,5% et le Nikkei japonais<br \/>\n <a href=\"https:\/\/www.boursorama.com\/cours\/1xN225\/\" rel=\"nofollow noopener\" target=\"_blank\"><br \/>\n  .N225<br \/>\n <\/a><br \/>\n est rest\u00e9<br \/>\nglobalement stable.\n<\/p>\n<p>\n \u00ab\u00a0Il y a peut-\u00eatre une volont\u00e9 et un enthousiasme des deux c\u00f4t\u00e9s<br \/>\npour se rencontrer \u00e0 un niveau \u00e9lev\u00e9, donc cela ne peut \u00eatre que<br \/>\npositif, je pense\u00a0\u00bb, a d\u00e9clar\u00e9 Ray Attrill, responsable de la<br \/>\nrecherche sur les changes \u00e0 la National Australia Bank.\n<\/p>\n<p>\n \u00ab\u00a0C&rsquo;est ostensiblement positif pour les devises asiatiques en<br \/>\ng\u00e9n\u00e9ral\n<\/p>\n<p>\n Le dollar a l\u00e9g\u00e8rement augment\u00e9 sur le yen  JPY=EBS  et l&rsquo;euro,<br \/>\ntandis que les r\u00e9ductions de taux de la Chine ont pes\u00e9 sur le<br \/>\nyuan et ont ramen\u00e9 le dollar australien, sensible \u00e0 la Chine, en<br \/>\ndessous de 65 cents am\u00e9ricains.\n<\/p>\n<p>\n Le won sud-cor\u00e9en, qui s&rsquo;\u00e9tait fortement redress\u00e9 dans le<br \/>\nsillage de la hausse g\u00e9n\u00e9rale des devises asiatiques, a recul\u00e9<br \/>\nde plus de 1 %.\n<\/p>\n<p>\n L&rsquo;or<br \/>\n <a href=\"https:\/\/www.boursorama.com\/cours\/_GC\/\" rel=\"nofollow noopener\" target=\"_blank\"><br \/>\n  XAU=<br \/>\n <\/a><br \/>\n a chut\u00e9 de 1,4 % et le p\u00e9trole<br \/>\n <a href=\"https:\/\/www.boursorama.com\/cours\/8xBRN\/\" rel=\"nofollow noopener\" target=\"_blank\"><br \/>\n  LCOc1<br \/>\n <\/a><br \/>\n a progress\u00e9<br \/>\nde 0,5 %.\n<\/p>\n<p>\n Le gouverneur de la banque centrale chinoise  a annonc\u00e9<br \/>\nmercredi une r\u00e9duction de 10 points de base de son taux<br \/>\nd&rsquo;int\u00e9r\u00eat de r\u00e9f\u00e9rence et une r\u00e9duction de 50 points de base des<br \/>\nr\u00e9serves obligatoires des banques, ce qui permettra d&rsquo;injecter<br \/>\ndavantage de liquidit\u00e9s dans le syst\u00e8me bancaire.\n<\/p>\n<p>\n Simultan\u00e9ment, le r\u00e9gulateur financier  a annonc\u00e9 un plan<br \/>\n\u00e9largi pour envoyer les investissements des assurances sur le<br \/>\nmarch\u00e9 boursier et a promis de nouvelles mesures pour soutenir<br \/>\nles march\u00e9s immobiliers, ce que les investisseurs ont interpr\u00e9t\u00e9<br \/>\ncomme un signal d&rsquo;action concert\u00e9e de la part des autorit\u00e9s.\n<\/p>\n<p>\n \u00ab\u00a0Cela rappelle en quelque sorte la conf\u00e9rence de presse<br \/>\nconjointe qui avait marqu\u00e9 le d\u00e9but de l&rsquo;euphorie des mesures de<br \/>\nrelance en septembre. C&rsquo;est donc positif\u00a0\u00bb, a d\u00e9clar\u00e9 Homin Lee,<br \/>\nstrat\u00e8ge macro\u00e9conomique senior chez Lombard Odier \u00e0 Singapour.\n<\/p>\n<p>\n La R\u00e9serve f\u00e9d\u00e9rale am\u00e9ricaine se r\u00e9unit pour fixer les taux<br \/>\nd&rsquo;int\u00e9r\u00eat plus tard dans la journ\u00e9e de mercredi, les pr\u00e9visions<br \/>\nde r\u00e9duction \u00e9tant revues \u00e0 la baisse.\n<\/p>\n<p>\n Les march\u00e9s estiment qu&rsquo;il n&rsquo;y a pratiquement aucune chance<br \/>\nqu&rsquo;il y ait un changement mercredi et seulement 33 % de chances<br \/>\nqu&rsquo;il y ait une r\u00e9duction en juin, contre 64 % il y a un mois.\n<\/p>\n<p>\n 0#USDIRPR\n<\/p>\n<p>\n Les combats les plus intenses  depuis plus de vingt ans<br \/>\nont \u00e9clat\u00e9 entre l&rsquo;Inde et le Pakistan, deux voisins dot\u00e9s de<br \/>\nl&rsquo;arme nucl\u00e9aire, avec des tirs d&rsquo;obus et d&rsquo;armes \u00e0 feu sur la<br \/>\nfronti\u00e8re du Cachemire et des attaques de l&rsquo;Inde contre des<br \/>\ncibles \u00e0 l&rsquo;int\u00e9rieur du Pakistan.\n<\/p>\n<p>\n \u00ab\u00a0Cela ajoute une nouvelle couche aux tensions g\u00e9opolitiques\u00a0\u00bb, a<br \/>\nd\u00e9clar\u00e9 M. Attrill de la NAB, et devrait faire baisser la roupie<br \/>\nindienne.\n<\/p>\n<p>\n L&rsquo;euro  EUR=EBS  a b\u00e9n\u00e9fici\u00e9 d&rsquo;un soutien au-dessus de 1,13 $,<br \/>\nle leader conservateur allemand Friedrich Merz ayant \u00e9t\u00e9 \u00e9lu<br \/>\nchancelier lors d&rsquo;un second tour de scrutin, apr\u00e8s que son<br \/>\nalliance avec les sociaux-d\u00e9mocrates ait essuy\u00e9 une d\u00e9faite<br \/>\nsurprise lors de la premi\u00e8re tentative.<\/p>\n","protected":false},"excerpt":{"rendered":"((Traduction automatis\u00e9e par Reuters, veuillez consulter la clause de non-responsabilit\u00e9 https:\/\/bit.ly\/rtrsauto)) * Les \u00c9tats-Unis et la Chine discutent&hellip;\n","protected":false},"author":2,"featured_media":2554,"comment_status":"","ping_status":"","sticky":false,"template":"","format":"standard","meta":{"footnotes":""},"categories":[6],"tags":[400,398,408,35,405,33,34,1011,27,403,402,399,404,401,406,407],"class_list":{"0":"post-81139","1":"post","2":"type-post","3":"status-publish","4":"format-standard","5":"has-post-thumbnail","7":"category-economie","8":"tag-action-cac-40","9":"tag-bourse-de-paris","10":"tag-boursorama","11":"tag-business","12":"tag-cotations","13":"tag-economie","14":"tag-economy","15":"tag-fr","16":"tag-france","17":"tag-indices-devises","18":"tag-investir","19":"tag-investissement","20":"tag-marche-boursier","21":"tag-sicav","22":"tag-trackers","23":"tag-warrants"},"share_on_mastodon":{"url":"https:\/\/pubeurope.com\/@fr\/114465032349687378","error":""},"_links":{"self":[{"href":"https:\/\/www.europesays.com\/fr\/wp-json\/wp\/v2\/posts\/81139","targetHints":{"allow":["GET"]}}],"collection":[{"href":"https:\/\/www.europesays.com\/fr\/wp-json\/wp\/v2\/posts"}],"about":[{"href":"https:\/\/www.europesays.com\/fr\/wp-json\/wp\/v2\/types\/post"}],"author":[{"embeddable":true,"href":"https:\/\/www.europesays.com\/fr\/wp-json\/wp\/v2\/users\/2"}],"replies":[{"embeddable":true,"href":"https:\/\/www.europesays.com\/fr\/wp-json\/wp\/v2\/comments?post=81139"}],"version-history":[{"count":0,"href":"https:\/\/www.europesays.com\/fr\/wp-json\/wp\/v2\/posts\/81139\/revisions"}],"wp:featuredmedia":[{"embeddable":true,"href":"https:\/\/www.europesays.com\/fr\/wp-json\/wp\/v2\/media\/2554"}],"wp:attachment":[{"href":"https:\/\/www.europesays.com\/fr\/wp-json\/wp\/v2\/media?parent=81139"}],"wp:term":[{"taxonomy":"category","embeddable":true,"href":"https:\/\/www.europesays.com\/fr\/wp-json\/wp\/v2\/categories?post=81139"},{"taxonomy":"post_tag","embeddable":true,"href":"https:\/\/www.europesays.com\/fr\/wp-json\/wp\/v2\/tags?post=81139"}],"curies":[{"name":"wp","href":"https:\/\/api.w.org\/{rel}","templated":true}]}}