{"id":81147,"date":"2025-05-07T06:07:09","date_gmt":"2025-05-07T06:07:09","guid":{"rendered":"https:\/\/www.europesays.com\/fr\/81147\/"},"modified":"2025-05-07T06:07:09","modified_gmt":"2025-05-07T06:07:09","slug":"le-savez-vous-du-jour-savez-vous-combien-de-villes-du-departement-ont-obtenu-la-legion-dhonneur","status":"publish","type":"post","link":"https:\/\/www.europesays.com\/fr\/81147\/","title":{"rendered":"Le \u00ab\u00a0savez-vous\u00a0\u00bb du jour. Savez-vous combien de villes du d\u00e9partement ont obtenu la L\u00e9gion d\u2019honneur\u00a0?"},"content":{"rendered":"<p>Plus haute d\u00e9coration honorifique fran\u00e7aise, la L\u00e9gion d\u2019honneur\u00a0a \u00e9t\u00e9 d\u00e9cern\u00e9e \u00e0 pr\u00e8s d\u2019un million de personnes depuis sa cr\u00e9ation en 1802 par Napol\u00e9on Bonaparte. Mais si de tr\u00e8s nombreux militaires et civils ont \u00e9t\u00e9 honor\u00e9s pour \u00ab\u00a0services \u00e9minents\u00a0\u00bb \u00e0 la Nation, certaines villes l\u2019ont \u00e9galement \u00e9t\u00e9, principalement pour des faits de guerres.<\/p>\n<p>La page Wikip\u00e9dia d\u00e9di\u00e9e au sujet recense ainsi soixante-quatre villes fran\u00e7aises et sept villes \u00e9trang\u00e8res r\u00e9cipiendaires de la croix de chevalier, la seule distinction qu\u2019une ville peut se faire attribuer. Parmi elles, huit communes du d\u00e9partement de la Meurthe-et-Moselle.<\/p>\n<p>Gerb\u00e9viller, Longuyon, Longwy, Nancy, Nomeny et Pont-\u00e0-Mousson durent toutes leur d\u00e9coration \u00e0 la Premi\u00e8re Guerre mondiale, qu\u2019elles se soient notamment illustr\u00e9es lors de batailles ou parce qu\u2019elles aient \u00e9t\u00e9 <a href=\"https:\/\/www.estrepublicain.fr\/politique\/2024\/08\/23\/la-commune-reconnue-officiellement-ville-martyre\" target=\"_blank\" rel=\"nofollow noopener\">villes martyres<\/a> \u2026<\/p>\n<p>Mais les d\u00e9corations n\u2019ont pas eu lieu aux m\u00eames moments. Longwy et Nancy ont \u00e9t\u00e9 d\u00e9cor\u00e9es d\u00e8s 1919, Nomeny en 1928, Badonviller en 1929, Audun-le-Roman, Gerb\u00e9viller, Longuyon et Pont-\u00e0-Mousson en 1930.<\/p>\n<p>\u00c0 noter que d\u2019autres villes de l\u2019ex-r\u00e9gion Lorraine ont \u00e9t\u00e9 honor\u00e9es pour d\u2019autres conflits.\u00a0Thionville (Moselle) a \u00e9t\u00e9 d\u00e9cor\u00e9e pour des faits d\u2019armes remontant \u00e0 la R\u00e9volution Fran\u00e7aise et au Second Empire, Saint-Di\u00e9 (Vosges) pour la Seconde Guerre mondiale, Bitche, Phalsbourg (Moselle) et Rambervillers (Vosges) pour leur attitude pendant la guerre franco-allemande de 1870.<\/p>\n","protected":false},"excerpt":{"rendered":"Plus haute d\u00e9coration honorifique fran\u00e7aise, la L\u00e9gion d\u2019honneur\u00a0a \u00e9t\u00e9 d\u00e9cern\u00e9e \u00e0 pr\u00e8s d\u2019un million de personnes depuis sa&hellip;\n","protected":false},"author":2,"featured_media":81148,"comment_status":"","ping_status":"","sticky":false,"template":"","format":"standard","meta":{"footnotes":""},"categories":[9635],"tags":[1111,11,1707,1704,1706,1705,1777,674,1011,27,775,937,1702,1703,12,25,104],"class_list":{"0":"post-81147","1":"post","2":"type-post","3":"status-publish","4":"format-standard","5":"has-post-thumbnail","7":"category-nancy","8":"tag-actu","9":"tag-actualites","10":"tag-edition-luneville","11":"tag-edition-nancy-et-agglomeration","12":"tag-edition-pont-a-mousson","13":"tag-edition-toul","14":"tag-eu","15":"tag-europe","16":"tag-fr","17":"tag-france","18":"tag-grand-est","19":"tag-histoire","20":"tag-nancy","21":"tag-nancy-ville-54b","22":"tag-news","23":"tag-republique-francaise","24":"tag-societe"},"share_on_mastodon":{"url":"https:\/\/pubeurope.com\/@fr\/114465056035218040","error":""},"_links":{"self":[{"href":"https:\/\/www.europesays.com\/fr\/wp-json\/wp\/v2\/posts\/81147","targetHints":{"allow":["GET"]}}],"collection":[{"href":"https:\/\/www.europesays.com\/fr\/wp-json\/wp\/v2\/posts"}],"about":[{"href":"https:\/\/www.europesays.com\/fr\/wp-json\/wp\/v2\/types\/post"}],"author":[{"embeddable":true,"href":"https:\/\/www.europesays.com\/fr\/wp-json\/wp\/v2\/users\/2"}],"replies":[{"embeddable":true,"href":"https:\/\/www.europesays.com\/fr\/wp-json\/wp\/v2\/comments?post=81147"}],"version-history":[{"count":0,"href":"https:\/\/www.europesays.com\/fr\/wp-json\/wp\/v2\/posts\/81147\/revisions"}],"wp:featuredmedia":[{"embeddable":true,"href":"https:\/\/www.europesays.com\/fr\/wp-json\/wp\/v2\/media\/81148"}],"wp:attachment":[{"href":"https:\/\/www.europesays.com\/fr\/wp-json\/wp\/v2\/media?parent=81147"}],"wp:term":[{"taxonomy":"category","embeddable":true,"href":"https:\/\/www.europesays.com\/fr\/wp-json\/wp\/v2\/categories?post=81147"},{"taxonomy":"post_tag","embeddable":true,"href":"https:\/\/www.europesays.com\/fr\/wp-json\/wp\/v2\/tags?post=81147"}],"curies":[{"name":"wp","href":"https:\/\/api.w.org\/{rel}","templated":true}]}}