{"id":81151,"date":"2025-05-07T06:09:10","date_gmt":"2025-05-07T06:09:10","guid":{"rendered":"https:\/\/www.europesays.com\/fr\/81151\/"},"modified":"2025-05-07T06:09:10","modified_gmt":"2025-05-07T06:09:10","slug":"des-collegiennes-organisent-une-course-contre-la-faim-a-la-valette","status":"publish","type":"post","link":"https:\/\/www.europesays.com\/fr\/81151\/","title":{"rendered":"Des coll\u00e9giennes organisent une course contre la faim \u00e0 La Valette"},"content":{"rendered":"<p>Apr\u00e8s le Cameroun et le Bangladesh, Action contre la faim interviendra \u00e0 Madagascar cette ann\u00e9e. Huit coll\u00e9giennes valettoises pr\u00e9parent la course contre la faim avec leurs professeurs pour r\u00e9colter des fonds.<\/p>\n<p>\u00ab\u00a0Leur r\u00f4le est d\u2019expliquer aux autres \u00e9l\u00e8ves cette noble cause et l\u2019objectif de cette course\u00a0\u00bb, pr\u00e9sentent les professeurs. Form\u00e9es durant plusieurs heures, les jeunes ambassadrices volontaires se sont rapproch\u00e9es des autres \u00e9l\u00e8ves: \u00ab\u00a0Chaque \u00e9l\u00e8ve peut nous faire une promesse de don \u00e0 partir du d\u00e9fi \u201cun euro pour un tour du parcours d\u2019un kilom\u00e8tre r\u00e9alis\u00e9\u00a0\u00bb. De plus, nous leur demandons de solliciter leur famille, leurs amis, les entreprises et autres pour trouver un ou des parrains avec qui il remplira le livret solidaire fourni et d\u00e9ductible des imp\u00f4ts \u00bb, pr\u00e9cisent les ambassadrices.<\/p>\n<p>La course se d\u00e9roulera le vendredi 16 mai avec un d\u00e9part \u00e0 10h30. Pour cette vingti\u00e8me ann\u00e9e d\u2019engagement, l\u2019instigateur du projet Alain Andr\u00e8s, professeur d\u2019EPS, qui fera valoir ses droits \u00e0 la retraite en cette fin d\u2019ann\u00e9e scolaire, pr\u00e9cise l\u2019objectif avec ses coll\u00e8gues: \u00ab\u00a0500 \u00e9l\u00e8ves cette ann\u00e9e afin de r\u00e9colter 13.500 euros qui est le prix d\u2019un forage en eau pour Madagascar. Pour avoir un ordre d\u2019id\u00e9e, un euro \u00e9quivaut \u00e0 trois sachets repas pour un enfant. Ces ambassadrices r\u00e9alisent un travail en suppl\u00e9ment de leur temps scolaire. Elles y passent beaucoup de temps.\u00a0\u00bb<\/p>\n<p>Les ambassadrices d\u2019ACF: Ma\u00efween Pierre, Ys\u00e9 Michaud, Pauline Locastello, Elise Merens, Paola Filippi, Wendy Tromeur, Solenn Le Gall, Margaux Martin, leurs professeurs Alain Andr\u00e8s (EPS), Elise Roy (ESVT), Audrey Cabrera (anglais), Sarah Hacia (CPE)<\/p>\n","protected":false},"excerpt":{"rendered":"Apr\u00e8s le Cameroun et le Bangladesh, Action contre la faim interviendra \u00e0 Madagascar cette ann\u00e9e. Huit coll\u00e9giennes valettoises&hellip;\n","protected":false},"author":2,"featured_media":81152,"comment_status":"","ping_status":"","sticky":false,"template":"","format":"standard","meta":{"footnotes":""},"categories":[9619],"tags":[1111,11,1777,674,1011,27,12,882,25,2310,3366],"class_list":{"0":"post-81151","1":"post","2":"type-post","3":"status-publish","4":"format-standard","5":"has-post-thumbnail","7":"category-toulon","8":"tag-actu","9":"tag-actualites","10":"tag-eu","11":"tag-europe","12":"tag-fr","13":"tag-france","14":"tag-news","15":"tag-provence-alpes-cote-dazur","16":"tag-republique-francaise","17":"tag-toulon","18":"tag-vie-locale"},"share_on_mastodon":{"url":"https:\/\/pubeurope.com\/@fr\/114465063807076735","error":""},"_links":{"self":[{"href":"https:\/\/www.europesays.com\/fr\/wp-json\/wp\/v2\/posts\/81151","targetHints":{"allow":["GET"]}}],"collection":[{"href":"https:\/\/www.europesays.com\/fr\/wp-json\/wp\/v2\/posts"}],"about":[{"href":"https:\/\/www.europesays.com\/fr\/wp-json\/wp\/v2\/types\/post"}],"author":[{"embeddable":true,"href":"https:\/\/www.europesays.com\/fr\/wp-json\/wp\/v2\/users\/2"}],"replies":[{"embeddable":true,"href":"https:\/\/www.europesays.com\/fr\/wp-json\/wp\/v2\/comments?post=81151"}],"version-history":[{"count":0,"href":"https:\/\/www.europesays.com\/fr\/wp-json\/wp\/v2\/posts\/81151\/revisions"}],"wp:featuredmedia":[{"embeddable":true,"href":"https:\/\/www.europesays.com\/fr\/wp-json\/wp\/v2\/media\/81152"}],"wp:attachment":[{"href":"https:\/\/www.europesays.com\/fr\/wp-json\/wp\/v2\/media?parent=81151"}],"wp:term":[{"taxonomy":"category","embeddable":true,"href":"https:\/\/www.europesays.com\/fr\/wp-json\/wp\/v2\/categories?post=81151"},{"taxonomy":"post_tag","embeddable":true,"href":"https:\/\/www.europesays.com\/fr\/wp-json\/wp\/v2\/tags?post=81151"}],"curies":[{"name":"wp","href":"https:\/\/api.w.org\/{rel}","templated":true}]}}