{"id":81153,"date":"2025-05-07T06:10:12","date_gmt":"2025-05-07T06:10:12","guid":{"rendered":"https:\/\/www.europesays.com\/fr\/81153\/"},"modified":"2025-05-07T06:10:12","modified_gmt":"2025-05-07T06:10:12","slug":"un-partenariat-pour-rendre-la-metropole-toulon-provence-mediterranee-plus-propre","status":"publish","type":"post","link":"https:\/\/www.europesays.com\/fr\/81153\/","title":{"rendered":"Un partenariat pour rendre la m\u00e9tropole Toulon Provence M\u00e9diterran\u00e9e plus propre"},"content":{"rendered":"<p>C\u2019est une probl\u00e9matique qui touche l\u2019ensemble du territoire. Du pied de nos poubelles jusqu\u2019\u00e0 la mer M\u00e9diterran\u00e9e, en passant par les for\u00eats et les centres-villes, les d\u00e9chets abandonn\u00e9s peuvent \u00eatre partout.<\/p>\n<p>Canette roulant sur le trottoir \u00e0 la force du vent, cigarette \u00e9cras\u00e9e sur vos places pr\u00e9f\u00e9r\u00e9es, bo\u00eete \u00e0 pizza laiss\u00e9e sur la plage\u2026 Les exemples sont l\u00e9gion dans l\u2019aire toulonnaise.<\/p>\n<p>Ce lundi 5 mai, dans le cadre du plan de lutte contre les d\u00e9chets abandonn\u00e9s, la M\u00e9tropole Toulon Provence M\u00e9diterran\u00e9e (TPM) et l\u2019entreprise \u00e0 but non lucratif Citeo, engag\u00e9e dans la r\u00e9duction de l\u2019impact environnemental des papiers et emballages, ont donc conclu un partenariat de trois ans visant \u00e0 rendre le territoire plus propre.<\/p>\n<p>Celui-ci s\u2019inclut au Contrat de baie de TPM, \u00ab\u00a0d\u00e9marche globale et concert\u00e9e pour la reconqu\u00eate de la qualit\u00e9 des eaux et des milieux aquatiques\u00a0\u00bb. \u00ab\u00a0On a un sujet commun, et il faut bosser collectif, expliquait Christine Leuthy, la directrice r\u00e9gionale de Citeo. On a besoin d\u2019\u00e9duquer \u00e0 la propret\u00e9 et d\u2019actionner les bons leviers pour faire \u00e9voluer les comportements.\u00a0\u00bb<\/p>\n<p>Pr\u00e9venir et collecter<\/p>\n<p>Au total, 6 millions d\u2019euros vont \u00eatre vers\u00e9s par l\u2019\u00e9co-organisme au titre de la p\u00e9riode 2024-2027. Ils permettront de contribuer au financement d\u2019actions concr\u00e8tes, telles que le recensement des hotspots (points d\u2019accumulation) de plastiques et d\u2019emballages abandonn\u00e9s sur le territoire, la r\u00e9alisation d\u2019enqu\u00eates de suivi de la propret\u00e9 sur des sites sp\u00e9cifiques, ou encore la mise en place de dispositifs de tri, de collecte ainsi que d\u2019avaloirs connect\u00e9s.<\/p>\n<p>              <img ci-src=\"https:\/\/www.varmatin.com\/environnement\/protec\/DATA_ART_15465160-aB5qZ62m.jpg?vh=1479ae&amp;ci_seal=831713c004\" alt=\"\"\/><br \/>\n         <strong>Photo D. V..<\/strong> <\/p>\n<p>\u00ab\u00a0Dans le Var, il est anormal qu\u2019on retrouve des d\u00e9chets abandonn\u00e9s au d\u00e9tour d\u2019un chemin\u00a0\u00bb, rappelait Gilles Vincent, maire de Saint-Mandrier et vice-pr\u00e9sident de la M\u00e9tropole en charge de la protection de l\u2019environnement. \u00ab\u00a0Nous avons donc un plan qui, au niveau de la m\u00e9tropole, comprend un certain nombre d\u2019actes. Et le premier acte, c\u2019est la pr\u00e9vention.\u00a0\u00bb<\/p>\n<p>Aussi, le lancement d\u2019une campagne de communication sur l\u2019\u00e9cocitoyennet\u00e9 et l\u2019installation de cam\u00e9ras de surveillance pour lutter contre les d\u00e9p\u00f4ts ill\u00e9gaux sont \u00e9galement pr\u00e9vus par ce partenariat.<\/p>\n<p>L\u2019exp\u00e9dition 7e continent fait escale \u00e0 Toulon<\/p>\n<p>Depuis lundi, vous avez peut-\u00eatre aper\u00e7u le voilier bleu de l\u2019association Exp\u00e9dition 7e continent accost\u00e9 sur le port de Toulon, en face de la mairie d\u2019honneur. Jusqu\u2019au vendredi 9 mai, l\u2019\u00e9quipage y fait escale pour la premi\u00e8re \u00e9tape de sa tourn\u00e9e p\u00e9dagogique r\u00e9gionale \u00ab\u00a0Prot\u00e9ger l\u2019oc\u00e9an, \u00e7a s\u2019apprend\u00a0\u00bb, organis\u00e9e avec Citeo.<\/p>\n<p>Si plusieurs journ\u00e9es sont d\u00e9di\u00e9es \u00e0 la sensibilisation des scolaires, pr\u00e9sentations et ateliers sur la pollution plastique restent propos\u00e9s au grand public ce jeudi, au niveau du petit village install\u00e9 le carr\u00e9 du port.<\/p>\n","protected":false},"excerpt":{"rendered":"C\u2019est une probl\u00e9matique qui touche l\u2019ensemble du territoire. Du pied de nos poubelles jusqu\u2019\u00e0 la mer M\u00e9diterran\u00e9e, en&hellip;\n","protected":false},"author":2,"featured_media":81154,"comment_status":"","ping_status":"","sticky":false,"template":"","format":"standard","meta":{"footnotes":""},"categories":[9619],"tags":[1111,11,436,1777,674,1011,27,12,882,25,2310,3366],"class_list":{"0":"post-81153","1":"post","2":"type-post","3":"status-publish","4":"format-standard","5":"has-post-thumbnail","7":"category-toulon","8":"tag-actu","9":"tag-actualites","10":"tag-environnement","11":"tag-eu","12":"tag-europe","13":"tag-fr","14":"tag-france","15":"tag-news","16":"tag-provence-alpes-cote-dazur","17":"tag-republique-francaise","18":"tag-toulon","19":"tag-vie-locale"},"share_on_mastodon":{"url":"https:\/\/pubeurope.com\/@fr\/114465067745913773","error":""},"_links":{"self":[{"href":"https:\/\/www.europesays.com\/fr\/wp-json\/wp\/v2\/posts\/81153","targetHints":{"allow":["GET"]}}],"collection":[{"href":"https:\/\/www.europesays.com\/fr\/wp-json\/wp\/v2\/posts"}],"about":[{"href":"https:\/\/www.europesays.com\/fr\/wp-json\/wp\/v2\/types\/post"}],"author":[{"embeddable":true,"href":"https:\/\/www.europesays.com\/fr\/wp-json\/wp\/v2\/users\/2"}],"replies":[{"embeddable":true,"href":"https:\/\/www.europesays.com\/fr\/wp-json\/wp\/v2\/comments?post=81153"}],"version-history":[{"count":0,"href":"https:\/\/www.europesays.com\/fr\/wp-json\/wp\/v2\/posts\/81153\/revisions"}],"wp:featuredmedia":[{"embeddable":true,"href":"https:\/\/www.europesays.com\/fr\/wp-json\/wp\/v2\/media\/81154"}],"wp:attachment":[{"href":"https:\/\/www.europesays.com\/fr\/wp-json\/wp\/v2\/media?parent=81153"}],"wp:term":[{"taxonomy":"category","embeddable":true,"href":"https:\/\/www.europesays.com\/fr\/wp-json\/wp\/v2\/categories?post=81153"},{"taxonomy":"post_tag","embeddable":true,"href":"https:\/\/www.europesays.com\/fr\/wp-json\/wp\/v2\/tags?post=81153"}],"curies":[{"name":"wp","href":"https:\/\/api.w.org\/{rel}","templated":true}]}}