{"id":81159,"date":"2025-05-07T06:13:08","date_gmt":"2025-05-07T06:13:08","guid":{"rendered":"https:\/\/www.europesays.com\/fr\/81159\/"},"modified":"2025-05-07T06:13:08","modified_gmt":"2025-05-07T06:13:08","slug":"il-y-a-des-disparites","status":"publish","type":"post","link":"https:\/\/www.europesays.com\/fr\/81159\/","title":{"rendered":"\u00ab Il y a des disparit\u00e9s \u00bb"},"content":{"rendered":"<p>            Par<br \/>\n        <strong><br \/>\n            <a href=\"https:\/\/actu.fr\/auteur\/yann-rivallan\" title=\"Consulter tous les articles de Yann Rivallan\" target=\"_blank\" rel=\"noopener\">Yann Rivallan<\/a><br \/>\n        <\/strong><\/p>\n<p>        Publi\u00e9 le<\/p>\n<p>            7 mai 2025 \u00e0 7h46        <\/p>\n<p>Elle est la 16\u1d49 intercommunalit\u00e9 de France dans le classement des plus gros parcs sociaux. <strong>La M\u00e9tropole Rouen Normandie<\/strong>, c\u2019est un fait, poss\u00e8de beaucoup de <a href=\"https:\/\/actu.fr\/tag\/logements-sociaux\" target=\"_blank\" rel=\"noopener\">logements sociaux<\/a>.<br \/>Selon <a href=\"https:\/\/www.insee.fr\/fr\/statistiques\/8392029#tableau-figure1_radio1\" target=\"_blank\" rel=\"noopener\">une r\u00e9cente \u00e9tude de l\u2019Insee<\/a> sur des statistiques de 2022, la M\u00e9tropole et ses 71\u00a0communes comptent pr\u00e8s de 30\u2009% de ses m\u00e9nages comme locataires du parc social. 29,5\u2009% pour \u00eatre exact. Pour autant, ces logements restent <strong>une denr\u00e9e rare<\/strong>. Comment l\u2019expliquer\u2009? On a men\u00e9 l\u2019enqu\u00eate.<\/p>\n<p>Des d\u00e9lais d\u2019attente de plus en plus longs<\/p>\n<p class=\" wall-content\">D\u00e9j\u00e0, si le parc social est aussi d\u00e9velopp\u00e9 dans notre m\u00e9tropole, c\u2019est parce qu\u2019il y a, vraisemblablement, un besoin. Selon Karim Belhaj, directeur de l\u2019Agence d\u00e9partementale d\u2019information sur le logement (Adil) de Seine-Maritime, <strong>le nombre de demandes augmente<\/strong>.<\/p>\n<p class=\" wall-content\">Malgr\u00e9 la part importante de logements sociaux, \u00ab\u2009les d\u00e9lais d\u2019attente se rallongent\u2009\u00bb, remarque-t-il. Ils atteignent facilement <strong>entre 1 an et 18\u00a0mois<\/strong>. Et cela peut en partie s\u2019expliquer par \u00ab\u2009la paup\u00e9risation d\u2019une partie de la population\u2009\u00bb, poursuit le directeur de l\u2019Adil 76.<\/p>\n<blockquote class=\"ac-article-quote wall-content\">\n<p>Certains diront peut-\u00eatre que c&rsquo;est parce qu&rsquo;on ne construit pas assez de logements sociaux.<\/p>\n<p>    <strong>Karim Belhaj<\/strong><br \/>\n        Directeur de l&rsquo;Adil 76    <\/p><\/blockquote>\n<p class=\" wall-content\">\u00ab\u2009Il n\u2019y en a peut-\u00eatre pas assez partout, pense le directeur de l\u2019Adil. Mais il y a <strong>surtout des disparit\u00e9s<\/strong> entre des communes tr\u00e8s bien dot\u00e9es, comme <a href=\"https:\/\/actu.fr\/normandie\/le-grand-quevilly_76322\" target=\"_blank\" rel=\"noopener\">Grand-Quevilly<\/a>, et d\u2019autres qui sont encore sous la barre obligatoire des 20\u2009% [de logements sociaux] comme <strong>Bois-Guillaume<\/strong>.\u2009\u00bb<\/p>\n<p class=\" wall-content\">\u00c0 noter que cette barre des 20\u2009% est obligatoire uniquement dans les communes de plus de 3\u2009500\u00a0habitants (hors \u00cele-de-France) comprises dans une agglom\u00e9ration d\u2019au moins 50\u2009000\u00a0habitants et comprenant au moins une commune de plus de 15\u2009000\u00a0habitants.<\/p>\n<p>    <a href=\"https:\/\/datawrapper.dwcdn.net\/BdMJo\/1\/\" title=\"Ouvrie le lien\" target=\"_blank\" rel=\"noopener\">Cliquez ici pour visualiser le contenu<\/a><\/p>\n<p class=\" wall-content\">Par ailleurs, le directeur de l\u2019Adil 76 remarque que de nombreux locataires du parc social ont tendance \u00e0 rester <strong>\u00ab\u2009plus longtemps dans leur logement\u2009\u00bb<\/strong>, principalement pour des raisons \u00e9conomiques.<\/p>\n<p>Toujours beaucoup de logements sociaux<\/p>\n<p class=\" wall-content\">Cette hausse des demandes de logements sociaux peut aussi s\u2019expliquer par les volont\u00e9s politiques. Joachim Moyse, maire de Saint-\u00c9tienne-du-Rouvray et vice-pr\u00e9sident de la M\u00e9tropole en charge du logement, de l\u2019habitat et de la politique de la Ville, confirme que la part reste importante, mais qu\u2019elle a tout de m\u00eame<strong> tendance \u00e0 baisser<\/strong> ces derni\u00e8res ann\u00e9es.<\/p>\n<p class=\" wall-content\">D\u2019apr\u00e8s lui, on avait plut\u00f4t une part de \u00ab\u200936\u2009% de logement social\u2009\u00bb dans la M\u00e9tropole avant 2018. Mais avec l\u2019arriv\u00e9e de <strong>la loi Elan<\/strong> et \u00ab\u2009la r\u00e9duction des loyers de solidarit\u00e9\u2009\u00bb, entre autres, le budget des bailleurs sociaux a \u00e9t\u00e9 \u00ab\u2009impact\u00e9\u2009\u00bb, assure le vice-pr\u00e9sident.<\/p>\n<p class=\" wall-content\">Les constructions ou les r\u00e9habilitations ont logiquement diminu\u00e9 \u00ab\u2009pour faire face\u2009\u00bb, pointe l\u2019\u00e9dile. Ce qui conduit aujourd\u2019hui la part de m\u00e9nages locataires d\u2019un logement social \u00e0 avoir baiss\u00e9 jusqu\u2019\u00e0 29,5\u2009% dans la M\u00e9tropole.<\/p>\n<p>Constructions et mixit\u00e9 pour r\u00e9pondre \u00e0 la demande<\/p>\n<p class=\" wall-content\">Pour y rem\u00e9dier, la M\u00e9tropole s\u2019est fix\u00e9e un objectif ambitieux de construction et de r\u00e9novation de logements sociaux. Un total de <strong>\u00ab\u20094\u2009200 logements sur six ans<\/strong>, soit 700 par an\u2009\u00bb, pr\u00e9cise Joachim Moyse. Mais pour le moment, le programme local de l\u2019habitat avance plus lentement que pr\u00e9vu.<\/p>\n<p class=\" wall-content\">L\u2019objectif de 700 logements par an dans la M\u00e9tropole tourne plut\u00f4t autour de \u00ab\u2009370 par an seulement\u2009\u00bb, ajoute le vice-pr\u00e9sident. Et cela est li\u00e9 au <strong>contexte \u00e9conomique tendu<\/strong> que l\u2019on traverse depuis plusieurs ann\u00e9es, mais aussi \u00e0 l\u2019augmentation du prix du foncier, selon l\u2019\u00e9lu.<\/p>\n<p class=\" wall-content\">Pour autant, l\u2019objectif sur le long terme de la M\u00e9tropole est bien de construire de nouveaux logements sociaux ou d\u2019en r\u00e9nover, mais pas n\u2019importe o\u00f9 et n\u2019importe comment.<\/p>\n<blockquote class=\"ac-article-quote wall-content\">\n<p>On cherche plus de mixit\u00e9 et un r\u00e9\u00e9quilibrage.<\/p>\n<p>    <strong>Joachim Moyse<\/strong><br \/>\n        Vice-pr\u00e9sident de la M\u00e9tropole en charge du logement, de l\u2019habitat et de la politique de la Ville    <\/p><\/blockquote>\n<p class=\" wall-content\">En bref, les constructions de logements sociaux sont faites en priorit\u00e9 dans les communes encore en dessous du quota fix\u00e9 par la loi solidarit\u00e9 et renouvellement urbain. \u00c0 l\u2019inverse, dans les communes tr\u00e8s bien dot\u00e9es, on cherche la <strong>\u00ab\u2009d\u00e9densification de certains quartiers\u2009\u00bb<\/strong>, explique Joachim Moyse.<\/p>\n<p class=\" wall-content\">Dans le cadre du renouvellement urbain de la M\u00e9tropole de Rouen, <strong>1\u2009600 logements sociaux vont \u00eatre d\u00e9molis<\/strong> dans neuf communes diff\u00e9rentes parce qu\u2019ils sont vieillissants ou inutilisables. Un moyen de r\u00e9\u00e9quilibrer l\u2019offre dans les 71 communes de la M\u00e9tropole.<\/p>\n<p class=\" wall-content\">Mais si vous cherchez \u00e0 int\u00e9grer ce parc social, il va falloir continuer \u00e0 s\u2019armer de patience.<\/p>\n<p>Suivez l\u2019actualit\u00e9 de Rouen sur <a href=\"https:\/\/www.whatsapp.com\/channel\/0029VaKfnf99hXF2ddApFB1D\" target=\"_blank\" rel=\"noopener\">notre cha\u00eene WhatsApp<\/a> et sur <a href=\"https:\/\/www.tiktok.com\/@76actu.fr?lang=fr\" target=\"_blank\" rel=\"noopener\">notre compte TikTok<\/a><\/p>\n<p class=\" wall-content\">Suivez toute l\u2019actualit\u00e9 de vos villes et m\u00e9dias favoris en vous inscrivant \u00e0 <a href=\"https:\/\/moncompte.actu.fr\" title=\"D\u00e9couvez Mon Actu\" rel=\"nofollow noopener\" data-trk=\"{&quot;cta&quot;:{&quot;action&quot;:&quot;https:\\\/\\\/moncompte.actu.fr&quot;,&quot;category&quot;:&quot;mon compte&quot;,&quot;from&quot;:&quot;article footer&quot;,&quot;name&quot;:&quot;Mon actu&quot;,&quot;type&quot;:&quot;cta&quot;}}\" target=\"_blank\">Mon Actu<\/a>.<\/p>\n<p>                    <script async src=\"\/\/www.tiktok.com\/embed.js\"><\/script><\/p>\n","protected":false},"excerpt":{"rendered":"Par Yann Rivallan Publi\u00e9 le 7 mai 2025 \u00e0 7h46 Elle est la 16\u1d49 intercommunalit\u00e9 de France dans&hellip;\n","protected":false},"author":2,"featured_media":81160,"comment_status":"","ping_status":"","sticky":false,"template":"","format":"standard","meta":{"footnotes":""},"categories":[9587],"tags":[1111,11,1777,674,1011,27,1908,6459,9725,12,5161,25,9590,104],"class_list":{"0":"post-81159","1":"post","2":"type-post","3":"status-publish","4":"format-standard","5":"has-post-thumbnail","7":"category-rouen","8":"tag-actu","9":"tag-actualites","10":"tag-eu","11":"tag-europe","12":"tag-fr","13":"tag-france","14":"tag-logement","15":"tag-logements-sociaux","16":"tag-metropole-rouen","17":"tag-news","18":"tag-normandie","19":"tag-republique-francaise","20":"tag-rouen","21":"tag-societe"},"share_on_mastodon":{"url":"https:\/\/pubeurope.com\/@fr\/114465079514535989","error":""},"_links":{"self":[{"href":"https:\/\/www.europesays.com\/fr\/wp-json\/wp\/v2\/posts\/81159","targetHints":{"allow":["GET"]}}],"collection":[{"href":"https:\/\/www.europesays.com\/fr\/wp-json\/wp\/v2\/posts"}],"about":[{"href":"https:\/\/www.europesays.com\/fr\/wp-json\/wp\/v2\/types\/post"}],"author":[{"embeddable":true,"href":"https:\/\/www.europesays.com\/fr\/wp-json\/wp\/v2\/users\/2"}],"replies":[{"embeddable":true,"href":"https:\/\/www.europesays.com\/fr\/wp-json\/wp\/v2\/comments?post=81159"}],"version-history":[{"count":0,"href":"https:\/\/www.europesays.com\/fr\/wp-json\/wp\/v2\/posts\/81159\/revisions"}],"wp:featuredmedia":[{"embeddable":true,"href":"https:\/\/www.europesays.com\/fr\/wp-json\/wp\/v2\/media\/81160"}],"wp:attachment":[{"href":"https:\/\/www.europesays.com\/fr\/wp-json\/wp\/v2\/media?parent=81159"}],"wp:term":[{"taxonomy":"category","embeddable":true,"href":"https:\/\/www.europesays.com\/fr\/wp-json\/wp\/v2\/categories?post=81159"},{"taxonomy":"post_tag","embeddable":true,"href":"https:\/\/www.europesays.com\/fr\/wp-json\/wp\/v2\/tags?post=81159"}],"curies":[{"name":"wp","href":"https:\/\/api.w.org\/{rel}","templated":true}]}}