{"id":81161,"date":"2025-05-07T06:14:13","date_gmt":"2025-05-07T06:14:13","guid":{"rendered":"https:\/\/www.europesays.com\/fr\/81161\/"},"modified":"2025-05-07T06:14:13","modified_gmt":"2025-05-07T06:14:13","slug":"linattendu-volte-face-de-lubrizol-sur-son-plan-social-a-rouen-et-au-havre","status":"publish","type":"post","link":"https:\/\/www.europesays.com\/fr\/81161\/","title":{"rendered":"L&rsquo;inattendu volte-face de Lubrizol sur son plan social \u00e0 Rouen et au Havre"},"content":{"rendered":"<p>&#13;<br \/>\n\tAlors que la direction de Lubrizol et les syndicats discutaient encore, ces derniers jours, de l&rsquo;organisation future de l&rsquo;entreprise, apr\u00e8s le PSE annonc\u00e9 en f\u00e9vrier 2025, l&rsquo;industriel a renonc\u00e9 \u00e0 son plan, le 5 mai. <a href=\"https:\/\/www.usinenouvelle.com\/article\/se-disant-confronte-a-une-situation-de-surproduction-lubrizol-veut-supprimer-169-postes-en-normandie.N2227182\" target=\"_blank\" rel=\"noopener\">Le fabricant d&rsquo;additifs pour lubrifiants envisageait 169 licenciements \u00e0 Rouen<\/a> (145 salari\u00e9s sur 391) et au Havre (24 sur 274). Un nombre ramen\u00e9 \u00e0 106, au cours des n\u00e9gociations. Finalement, Lubrizol indique que \u00abdepuis l\u2019annonce de ce projet, le contexte international des cha\u00eenes d\u2019approvisionnement a consid\u00e9rablement \u00e9volu\u00e9 (\u2026), avec des pressions accrues sur les co\u00fbts et sur la disponibilit\u00e9 des mati\u00e8res premi\u00e8res, ce qui impacte significativement toute l\u2019industrie chimique et ses clients\u00bb.<\/p>\n<p>&#13;<br \/>\n\tPourtant, trois mois plus t\u00f4t, l&rsquo;entreprise mettait en avant des surcapacit\u00e9s de production, avec des lignes fonctionnant \u00e0 65% de leurs capacit\u00e9s. Elle affichait l&rsquo;objectif de gagner en comp\u00e9titivit\u00e9, en diminuant ses charges de 29 millions d&rsquo;euros, selon C\u00e9dric Barreau, d\u00e9l\u00e9gu\u00e9 syndical central CFDT. Le syndicaliste s&rsquo;attendait davantage \u00e0 un report pour r\u00e9pondre aux nombreuses questions soulev\u00e9es par la r\u00e9organisation : \u00able PSE manquait de r\u00e9flexion. Il fallait notamment s&rsquo;interroger sur les nouveaux postes et sur la charge de travail\u00bb.<\/p>\n<p>&#13;<br \/>\n\tL&rsquo;hypoth\u00e8se d&rsquo;un nouveau PSE en suspens<\/p>\n<p>&#13;<br \/>\n\tL&rsquo;annulation du PSE sonne comme \u00abune surprise\u00bb et suscite, malgr\u00e9 la bonne nouvelle pour l&#8217;emploi, \u00abdes incompr\u00e9hensions. Beaucoup de salari\u00e9s s&rsquo;\u00e9taient projet\u00e9s sur un d\u00e9part, vers un nouvel emploi ou une retraite anticip\u00e9e\u00bb, poursuit C\u00e9dric Barreau. \u00abIls ont mis l&rsquo;entreprise sens dessus dessous. Il y a une perte de confiance en une direction am\u00e9ricaine du groupe qui est partie, bille en t\u00eate, avec de vieilles recettes\u00bb, confie-t-il.<\/p>\n<p>&#13;<br \/>\n\tD&rsquo;apr\u00e8s le repr\u00e9sentant CFDT, la gr\u00e8ve de huit jours qui avait fait suite aux annonces de PSE, en f\u00e9vrier,  a durement affect\u00e9 le fonctionnement du groupe, s&rsquo;ajoutant au contexte international. Reste que la direction de l&rsquo;usine ne cache pas continuer \u00e0 p\u00e2tir des probl\u00e9matiques de surproduction. L&rsquo;hypoth\u00e8se d&rsquo;un futur nouveau PSE n&rsquo;est pas \u00e9cart\u00e9e :  les salari\u00e9s comme les syndicats restent sur leur garde.<\/p>\n<p class=\"editoTitleType1 editoTitleType1--lagoon is-uppercase\">S\u00e9lectionn\u00e9 <b>pour vous<\/b><\/p>\n<p>                                                                            <a class=\"editoCardType21__link editoCardType21__containerImage\" href=\"https:\/\/www.usinenouvelle.com\/article\/le-producteur-d-emballages-amcor-investit-13-millions-d-euros-dans-son-usine-alsacienne.N2231617\" data-xiti-name=\"2231617\" target=\"_blank\" rel=\"noopener\"><\/p>\n<p>                                                                                                                                                    <img decoding=\"async\" src=\"data:image\/gif;base64,R0lGODdhAQABAPAAAMPDwwAAACwAAAAAAQABAAACAkQBADs=\" data-original=\"\/mediatheque\/5\/2\/4\/001526425_256x170_c.jpg\" alt=\"Le producteur d'emballages Amcor investit 13 millions d\u2019euros dans son usine alsacienne\"\/><\/p>\n<p>                            <\/a><\/p>\n","protected":false},"excerpt":{"rendered":"&#13; Alors que la direction de Lubrizol et les syndicats discutaient encore, ces derniers jours, de l&rsquo;organisation future&hellip;\n","protected":false},"author":2,"featured_media":81162,"comment_status":"","ping_status":"","sticky":false,"template":"","format":"standard","meta":{"footnotes":""},"categories":[9587],"tags":[1111,11,10531,13667,1777,674,1011,27,12,5161,18855,18854,25,9590,5163],"class_list":{"0":"post-81161","1":"post","2":"type-post","3":"status-publish","4":"format-standard","5":"has-post-thumbnail","7":"category-rouen","8":"tag-actu","9":"tag-actualites","10":"tag-chimie","11":"tag-chimie-de-base","12":"tag-eu","13":"tag-europe","14":"tag-fr","15":"tag-france","16":"tag-news","17":"tag-normandie","18":"tag-petrochimie","19":"tag-quotidien-des-usines","20":"tag-republique-francaise","21":"tag-rouen","22":"tag-seine-maritime"},"share_on_mastodon":{"url":"https:\/\/pubeurope.com\/@fr\/114465083490927316","error":""},"_links":{"self":[{"href":"https:\/\/www.europesays.com\/fr\/wp-json\/wp\/v2\/posts\/81161","targetHints":{"allow":["GET"]}}],"collection":[{"href":"https:\/\/www.europesays.com\/fr\/wp-json\/wp\/v2\/posts"}],"about":[{"href":"https:\/\/www.europesays.com\/fr\/wp-json\/wp\/v2\/types\/post"}],"author":[{"embeddable":true,"href":"https:\/\/www.europesays.com\/fr\/wp-json\/wp\/v2\/users\/2"}],"replies":[{"embeddable":true,"href":"https:\/\/www.europesays.com\/fr\/wp-json\/wp\/v2\/comments?post=81161"}],"version-history":[{"count":0,"href":"https:\/\/www.europesays.com\/fr\/wp-json\/wp\/v2\/posts\/81161\/revisions"}],"wp:featuredmedia":[{"embeddable":true,"href":"https:\/\/www.europesays.com\/fr\/wp-json\/wp\/v2\/media\/81162"}],"wp:attachment":[{"href":"https:\/\/www.europesays.com\/fr\/wp-json\/wp\/v2\/media?parent=81161"}],"wp:term":[{"taxonomy":"category","embeddable":true,"href":"https:\/\/www.europesays.com\/fr\/wp-json\/wp\/v2\/categories?post=81161"},{"taxonomy":"post_tag","embeddable":true,"href":"https:\/\/www.europesays.com\/fr\/wp-json\/wp\/v2\/tags?post=81161"}],"curies":[{"name":"wp","href":"https:\/\/api.w.org\/{rel}","templated":true}]}}