{"id":811621,"date":"2026-03-20T08:01:10","date_gmt":"2026-03-20T08:01:10","guid":{"rendered":"https:\/\/www.europesays.com\/fr\/811621\/"},"modified":"2026-03-20T08:01:10","modified_gmt":"2026-03-20T08:01:10","slug":"qui-connait-mieux-les-surprises-que-le-japon-face-a-la-premiere-ministre-sanae-takaichi-la-mauvaise-blague-de-donald-trump-sur-pearl-harbor-le-temps","status":"publish","type":"post","link":"https:\/\/www.europesays.com\/fr\/811621\/","title":{"rendered":"\u00abQui conna\u00eet mieux les surprises que le Japon?\u00bb: face \u00e0 la premi\u00e8re ministre Sanae Takaichi, la \u00abmauvaise blague\u00bb de Donald Trump sur Pearl Harbor &#8211; Le Temps"},"content":{"rendered":"<ol>\n<li><a href=\"https:\/\/news.google.com\/rss\/articles\/CBMi_AFBVV95cUxPYXM2aWJTQndfNVZYOUpSZ090NHRlVy12R0FEZ2t1ZUNGc3ZsLXprNndmVC15V2JjZjJMRk9jbFpkeWd5LXBZRDFJcGZmSjlHU25kUnA2YklFZGNzcmczR2pfODRicjNLXzVXTDNCcExDaHdSU2dRcDQ2WXRiNU1QT0d2WjJpZjdzXzBoaHZ5LThoSFZRRW0xTy13LTh5S1NMaXhlVHJhVjlld0Frakcya0VtSEZyZWJ2Mks2eVhabFZHX3BHSnFZa0lGTTgxUzRXU05QcE54cVMxRExCUWNnQllfVTVua1JXc1V3cTRHVmFDazhyOVBRVnY5eWo?oc=5\" target=\"_blank\" rel=\"nofollow noopener\">\u00abQui conna\u00eet mieux les surprises que le Japon?\u00bb: face \u00e0 la premi\u00e8re ministre Sanae Takaichi, la \u00abmauvaise blague\u00bb de Donald Trump sur Pearl Harbor<\/a>&nbsp;&nbsp;Le Temps<\/li>\n<li><a href=\"https:\/\/news.google.com\/rss\/articles\/CBMi2gFBVV95cUxOTHBlZUxsOGdFUHlIcUZxa3hRUWhzTVVaakc3TUZPRk5ndnlic21GdkZ6OW5XNDBQOXUxejhoeTlqQzFKNXJJSXktNE14ZGJWSkladXl5cGx3MWtxTkdpd3FkUzFvaXpMVno4d2JCTjByc2Jra2pJb3NJd09la2prMDV3N2I3NEY1MUN5QW5SSjJrN0liNEswbHNwTGFKcUx1RWN6QkdWSmlUbGVBY2dOMWx3VWxGN0JKWkNOZEtoZWtoaXRsVDE0aUdxbW5aQTdubGJNSXlxVjlDZw?oc=5\" target=\"_blank\" rel=\"nofollow noopener\">Donald Trump pris de court par l\u2019escalade de la guerre contre l\u2019Iran<\/a>&nbsp;&nbsp;Le Monde.fr<\/li>\n<li><a href=\"https:\/\/news.google.com\/rss\/articles\/CBMi_wFBVV95cUxOTWdHRXFDSzVZS251QW9hMm5KNU1nSUVULWVyVkxtOEhnakJkYWllQTRCYlFrWURET2hkMlhfUWZ0SVY3YXFfWmVEZmx2YTBmUTFNYzduaUhLYmpralFlYnlQTnJnWUI2TlcwTTNwSHFrNEdtRW1YVXl5bndlM3R2S1RmNnBHNE5Sck1wTUNfbFJwODc1ME90dzhiSjBxSVdtWEdZeHg1RzFxZEtEcmU2MkEtMDlqbU9QUzZVN2phQ3ktRVVyMk15MDZNV2RlZUJjNkFHWUJ6NjJRbUI1TlRRcld2bVBjcWs3cEpJTjFmazVrM1ExNUx4Zm5HLUx5WHM?oc=5\" target=\"_blank\" rel=\"nofollow noopener\">\u00abOn la traite comme une idiote\u00bb : \u00e0 Tokyo, la blague de Trump sur Pearl Harbor devant la premi\u00e8re ministre japonaise font r\u00e9agir<\/a>&nbsp;&nbsp;Le Figaro<\/li>\n<li><a href=\"https:\/\/news.google.com\/rss\/articles\/CBMi7gJBVV95cUxQVDZIQlV6SDlEcC1jR21jZUt5blVjMDdUckRBS3ZQYjdOMDk2dWY4Z3RTc2R0R3ZZOTNkcTFPTkpyLXQ4MnBWYlVHcU55MXBlX0JCejdubmhnNmR5c296SWNvQngtT2RfalhiT3ljd0duWGNOSkhLUGw5SGlhZkhFVXk3UTBJU0lsbVhRTGhxTnctNlJ4eExLR2NDOXVGNC0td1FuZUpsT19hSm9vYmNmbm1OOWFrdFdCRTY2VkZkOFN2R2Q5Q1hib09sNkZUbG1wSnJsREszTzFQZk1WeWJxVlRRTDdiT2p1NFJ6VkNIVl9wNzMyZEJSeDlObWIxSmxkemhtNUk1VnJIUm11RWNBYTlhX2xqUXVUaE15QXRoRnVvSkpENENLSmNJQUZVVDNkdHBsOGtkZGpBMG5KWHlCM2ROeTkzaDlRdDBORzEzVlhwMlRjc043WFdCMGJrcmVXOGdNc3Joci1HR1BXOVE?oc=5\" target=\"_blank\" rel=\"nofollow noopener\">\u00ab\u00a0Qui conna\u00eet mieux les surprises que le Japon?\u00a0\u00bb: interrog\u00e9 sur l&rsquo;attaque am\u00e9ricaine en Iran, Donald Trump \u00e9voque Pearl Harbor devant la Premi\u00e8re ministre japonaise<\/a>&nbsp;&nbsp;BFM<\/li>\n<li><a href=\"https:\/\/news.google.com\/rss\/articles\/CBMi5wFBVV95cUxPZGU0czdkbnJDOW5RQ21xVTNDa2k0eEEtZjEwUWg3V1l4cGhnSUlTVFp5LTd4NUJiN3FLUExPZ2IyOGVacG5Hd09xWUJwRGxKNFRZdnh6V0lqZDlRUEZDNkhPdHFsSUlPUjBjclB5TTgwVlFoTVdRMDB2Y3BFcXRsdEhzaDQ5cmU2NzE2aFZmcEpzMlNCaDlXTmtPNTdVMmdmc2dGc0V0aFdfamUtUy1ZdjJ4VjZqUHNZUTBFeGNmVEhkWmVILWNpSEhIby1GeGhjdVltZHlIVEN4ekVWMnRRYmxTb3FhQXM?oc=5\" target=\"_blank\" rel=\"nofollow noopener\">Donald Trump ironise sur Pearl Harbor devant la Premi\u00e8re ministre japonaise<\/a>&nbsp;&nbsp;France Info<\/li>\n<\/ol>\n","protected":false},"excerpt":{"rendered":"\u00abQui conna\u00eet mieux les surprises que le Japon?\u00bb: face \u00e0 la premi\u00e8re ministre Sanae Takaichi, la \u00abmauvaise blague\u00bb&hellip;\n","protected":false},"author":2,"featured_media":395849,"comment_status":"","ping_status":"","sticky":false,"template":"","format":"standard","meta":{"footnotes":""},"categories":[5],"tags":[11,1011,27,14,12,28],"class_list":{"0":"post-811621","1":"post","2":"type-post","3":"status-publish","4":"format-standard","5":"has-post-thumbnail","7":"category-international","8":"tag-actualites","9":"tag-fr","10":"tag-france","11":"tag-international","12":"tag-news","13":"tag-world"},"share_on_mastodon":{"url":"https:\/\/pubeurope.com\/@fr\/116260456813794426","error":""},"_links":{"self":[{"href":"https:\/\/www.europesays.com\/fr\/wp-json\/wp\/v2\/posts\/811621","targetHints":{"allow":["GET"]}}],"collection":[{"href":"https:\/\/www.europesays.com\/fr\/wp-json\/wp\/v2\/posts"}],"about":[{"href":"https:\/\/www.europesays.com\/fr\/wp-json\/wp\/v2\/types\/post"}],"author":[{"embeddable":true,"href":"https:\/\/www.europesays.com\/fr\/wp-json\/wp\/v2\/users\/2"}],"replies":[{"embeddable":true,"href":"https:\/\/www.europesays.com\/fr\/wp-json\/wp\/v2\/comments?post=811621"}],"version-history":[{"count":0,"href":"https:\/\/www.europesays.com\/fr\/wp-json\/wp\/v2\/posts\/811621\/revisions"}],"wp:featuredmedia":[{"embeddable":true,"href":"https:\/\/www.europesays.com\/fr\/wp-json\/wp\/v2\/media\/395849"}],"wp:attachment":[{"href":"https:\/\/www.europesays.com\/fr\/wp-json\/wp\/v2\/media?parent=811621"}],"wp:term":[{"taxonomy":"category","embeddable":true,"href":"https:\/\/www.europesays.com\/fr\/wp-json\/wp\/v2\/categories?post=811621"},{"taxonomy":"post_tag","embeddable":true,"href":"https:\/\/www.europesays.com\/fr\/wp-json\/wp\/v2\/tags?post=811621"}],"curies":[{"name":"wp","href":"https:\/\/api.w.org\/{rel}","templated":true}]}}