{"id":81170,"date":"2025-05-07T06:19:13","date_gmt":"2025-05-07T06:19:13","guid":{"rendered":"https:\/\/www.europesays.com\/fr\/81170\/"},"modified":"2025-05-07T06:19:13","modified_gmt":"2025-05-07T06:19:13","slug":"enquetes-sur-les-images-et-leur-pouvoir-au-syndicat-potentiel","status":"publish","type":"post","link":"https:\/\/www.europesays.com\/fr\/81170\/","title":{"rendered":"Enqu\u00eates sur les images et leur pouvoir au Syndicat Potentiel"},"content":{"rendered":"<p class=\"wp-block-post-excerpt__excerpt\">Samedi 10 mai, Antoine Hoffmann et Simon Zara, artistes-chercheurs de l\u2019Universit\u00e9 de Strasbourg, pr\u00e9sentent \u00ab\u00a0Anatomie des images\u00a0\u00bb, une discussion autour de leurs recherches sur la circulation des images. D\u2019autres explorations des repr\u00e9sentations des luttes sociales dans l\u2019art et dans la ville\u00a0sont pr\u00e9vues au cours de cette journ\u00e9e. <\/p>\n<p class=\"font-sans\">\n\t\t\tCet article est en acc\u00e8s libre. Pour soutenir Rue89 Strasbourg,<br \/>\n\t\t\t<a class=\"underline\" href=\"https:\/\/www.rue89strasbourg.com\/abonnement\" rel=\"nofollow noopener\" target=\"_blank\">abonnez-vous<\/a>.\n\t\t<\/p>\n<p>Julie Vezard et Zo\u00eb Kemp<\/p>\n<p>Publi\u00e9 le 7 mai 2025\u00a0\u00a0\u00b7\u00a0\u00a0<\/p>\n<p>Imprim\u00e9 le 7 mai 2025 \u00e0 08h17\u00a0\u00a0\u00b7\u00a0\u00a0<\/p>\n<p>\t\t\t\t\t3\u00a0minutes\n<\/p>\n<p class=\"has-drop-cap\">Les images ont un pouvoir\u00a0: elles servent les discours autant qu\u2019elles participent \u00e0 la construction des imaginaires collectifs. Dans un monde hyperconnect\u00e9 et satur\u00e9 d\u2019images, il est devenu n\u00e9cessaire de questionner leur circulation et leur impact sur la pens\u00e9e collective. Face \u00e0 cette avalanche visuelle, des mouvements de r\u00e9sistance r\u00e9inventent les rapports aux images et les moyens de faire r\u00e9cit.<\/p>\n<p>Au Syndicat Potentiel, un espace associatif \u00e0 Strasbourg, artistes, chercheurs et \u00e9diteurs cherchent \u00e0 d\u00e9jouer les rapports de force et \u00e0 d\u00e9placer les regards des discours dominants.\u00a0Samedi 10 mai, le lieu accueille des rendez-vous entre la recherche et la cr\u00e9ation, la th\u00e9orie et le terrain, l\u2019art et la ville.<\/p>\n<p><a href=\"https:\/\/www.instagram.com\/p\/DJBgEz2K7Pz\/?utm_source=ig_web_button_share_sheet&amp;igsh=MzRlODBiNWFlZA==\" rel=\"nofollow noopener\" target=\"_blank\"><img loading=\"lazy\" decoding=\"async\" width=\"792\" height=\"204\" src=\"https:\/\/www.europesays.com\/fr\/wp-content\/uploads\/2025\/05\/copie-de-bannie\u0300re-autopromo-2025-desktop-792x204.png\" alt=\"\" class=\"wp-image-342070\"  \/><\/a><\/p>\n<p><a href=\"https:\/\/www.instagram.com\/p\/DJBgEz2K7Pz\/?utm_source=ig_web_button_share_sheet&amp;igsh=MzRlODBiNWFlZA==\" rel=\"nofollow noopener\" target=\"_blank\"><img loading=\"lazy\" decoding=\"async\" width=\"300\" height=\"300\" src=\"https:\/\/www.europesays.com\/fr\/wp-content\/uploads\/2025\/05\/03.png\" alt=\"\" class=\"wp-image-342063\"  \/><\/a><\/p>\n<p>\u00ab\u00a0Anatomie des images\u00a0\u00bb, deux th\u00e8ses en regard<\/p>\n<p>Antoine Hoffmann et Simon Zara sont artistes-chercheurs et enseignants au sein du d\u00e9partement des arts visuels de l\u2019Universit\u00e9 de Strasbourg et r\u00e9cemment dipl\u00f4m\u00e9s d\u2019un doctorat en arts plastiques. Ils ont imagin\u00e9 \u00ab\u00a0Anatomie des images\u00a0\u00bb, un format d\u2019exp\u00e9rimentation visuelle con\u00e7u comme une mise en r\u00e9cit de leurs projets doctoraux. <\/p>\n<p>Au-del\u00e0 d\u2019une restitution et d\u2019une mise en commun, ce dispositif propose une ouverture et un \u00e9change par le biais des images. Comme une sorte de \u00ab\u00a0ping pong\u00a0\u00bb, Antoine Hoffmann et Simon Zara se sont \u00e9chang\u00e9s des visuels tir\u00e9s de leur corpus par courriels. Tous les jours, en fonction de l\u2019envoi de la veille, les deux chercheurs s\u00e9lectionnent une image qui alimentera la \u201cconversation visuelle\u201d. Chaque r\u00e9ponse influence la suivante et d\u00e9termine la direction de ce dialogue : les images elles-m\u00eames agissent et influencent le destinataire dans son prochain \u00ab\u00a0service\u00a0\u00bb. Au Syndicat Potentiel, ils pr\u00e9senteront l\u2019archive de ces courriers.\u00a0<\/p>\n<p>Antoine Hoffmann s\u2019int\u00e9resse plus particuli\u00e8rement \u00e0 l\u2019imagerie militante et questionne sa production, sa diffusion et sa r\u00e9ception. \u00c0 partir de l\u2019<a href=\"https:\/\/fr.wikipedia.org\/wiki\/Affaire_de_Tarnac\" rel=\"nofollow noopener\" target=\"_blank\">affaire de Tarnac<\/a> \u2013 une s\u00e9rie d\u2019\u00e9v\u00e9nements durant lesquels le militantisme a \u00e9t\u00e9 assimil\u00e9 \u00e0 du terrorisme \u2013 il analyse comment l\u2019art peut (ou pas) devenir un moyen de r\u00e9sistance en rendant visibles des crimes d\u2019\u00c9tat dans une production m\u00e9diatique largement domin\u00e9e par les informations d\u2019origine polici\u00e8re.\u00a0<\/p>\n<p>Simon Zara s\u2019int\u00e9resse lui aux \u00ab\u00a0images latentes\u00a0\u00bb, terme emprunt\u00e9 \u00e0 la photographie argentique qui d\u00e9crit une \u00e9tape du processus de d\u00e9veloppement durant laquelle l\u2019image n\u2019est pas encore r\u00e9v\u00e9l\u00e9e. Il enqu\u00eate sur la mani\u00e8re dont circulent les images dans les environnements visuels et m\u00e9diatiques au sein desquels nous \u00e9voluons.\u00a0<\/p>\n<p><img loading=\"lazy\" decoding=\"async\" width=\"792\" height=\"773\" data-id=\"342524\" src=\"https:\/\/www.europesays.com\/fr\/wp-content\/uploads\/2025\/05\/img-4755-1-792x773.jpeg\" alt=\"\" class=\"wp-image-342524\"  \/> Document remis<\/p>\n<p><img loading=\"lazy\" decoding=\"async\" width=\"792\" height=\"886\" data-id=\"342523\" src=\"https:\/\/www.europesays.com\/fr\/wp-content\/uploads\/2025\/05\/img-4756-1-792x886.jpeg\" alt=\"\" class=\"wp-image-342523\"  \/> Document remisPhoto\u00a0: Antoine Hoffmann<\/p>\n<p>Ce format est n\u00e9 d\u2019une volont\u00e9 des deux artistes-chercheurs de montrer leur recherche, d\u2019en faire une \u00ab\u00a0performance\u00a0\u00bb afin qu\u2019elle circule en dehors du monde universitaire. Durant leur soutenances respectives, ils avaient d\u00e9j\u00e0 exp\u00e9riment\u00e9 des gestes symboliques de renversement comme allumer des fumig\u00e8nes en guise de conclusion, ou encore imprimer la couverture d\u2019une th\u00e8se sur un g\u00e2teau offert au jury (peut-\u00eatre comme une tentative de rendre la recherche plus digeste).\u00a0<\/p>\n<p>\t\tTable ronde, go\u00fbter, mini-march\u00e9 de livres\u2026 et film-documentaire<\/p>\n<p>Apr\u00e8s cette intervention, un go\u00fbter autour d\u2019un mini-march\u00e9 d\u2019\u00e9ditions (Carton-p\u00e2te et Juste Ici) prendra place \u00e0 16h. Puis, \u00e0 17h30, Mathieu Tremblin, un autre artiste-chercheur, animera une table ronde intitul\u00e9e \u00ab\u00a0Mettre en r\u00e9cit les pratiques cr\u00e9atives urbaines\u00a0\u00bb avec Antoine Hoffmann, les artistes Deana Kolencikova et Marianne Villi\u00e8re, et le directeur artistique David Demougeot. La soir\u00e9e doit ensuite se prolonger avec la lecture Corpus Crispi de Ta\u00efeb \u00e0 19h, puis se terminer avec un buffet et la projection du documentaire Juste ici et pas ailleurs de David Demougeot \u00e0 20h30.<\/p>\n<p>Aller <strong>plus loin<\/strong><\/p>\n<p><strong>Discussion \u00ab\u00a0Anatomie des images\u00a0\u00bb<\/strong>, samedi 10 mai \u00e0 partir de 15h, au Syndicat Potentiel, 109 avenue de Colmar \u00e0 Strasbourg \u2013 Meinau. <\/p>\n<p><script async src=\"\/\/www.instagram.com\/embed.js\"><\/script><\/p>\n","protected":false},"excerpt":{"rendered":"Samedi 10 mai, Antoine Hoffmann et Simon Zara, artistes-chercheurs de l\u2019Universit\u00e9 de Strasbourg, pr\u00e9sentent \u00ab\u00a0Anatomie des images\u00a0\u00bb, une&hellip;\n","protected":false},"author":2,"featured_media":81171,"comment_status":"","ping_status":"","sticky":false,"template":"","format":"standard","meta":{"footnotes":""},"categories":[2820],"tags":[1111,11,251,1777,674,1011,27,775,500,12,25,640],"class_list":{"0":"post-81170","1":"post","2":"type-post","3":"status-publish","4":"format-standard","5":"has-post-thumbnail","7":"category-strasbourg","8":"tag-actu","9":"tag-actualites","10":"tag-culture","11":"tag-eu","12":"tag-europe","13":"tag-fr","14":"tag-france","15":"tag-grand-est","16":"tag-medias","17":"tag-news","18":"tag-republique-francaise","19":"tag-strasbourg"},"share_on_mastodon":{"url":"https:\/\/pubeurope.com\/@fr\/114465103160307197","error":""},"_links":{"self":[{"href":"https:\/\/www.europesays.com\/fr\/wp-json\/wp\/v2\/posts\/81170","targetHints":{"allow":["GET"]}}],"collection":[{"href":"https:\/\/www.europesays.com\/fr\/wp-json\/wp\/v2\/posts"}],"about":[{"href":"https:\/\/www.europesays.com\/fr\/wp-json\/wp\/v2\/types\/post"}],"author":[{"embeddable":true,"href":"https:\/\/www.europesays.com\/fr\/wp-json\/wp\/v2\/users\/2"}],"replies":[{"embeddable":true,"href":"https:\/\/www.europesays.com\/fr\/wp-json\/wp\/v2\/comments?post=81170"}],"version-history":[{"count":0,"href":"https:\/\/www.europesays.com\/fr\/wp-json\/wp\/v2\/posts\/81170\/revisions"}],"wp:featuredmedia":[{"embeddable":true,"href":"https:\/\/www.europesays.com\/fr\/wp-json\/wp\/v2\/media\/81171"}],"wp:attachment":[{"href":"https:\/\/www.europesays.com\/fr\/wp-json\/wp\/v2\/media?parent=81170"}],"wp:term":[{"taxonomy":"category","embeddable":true,"href":"https:\/\/www.europesays.com\/fr\/wp-json\/wp\/v2\/categories?post=81170"},{"taxonomy":"post_tag","embeddable":true,"href":"https:\/\/www.europesays.com\/fr\/wp-json\/wp\/v2\/tags?post=81170"}],"curies":[{"name":"wp","href":"https:\/\/api.w.org\/{rel}","templated":true}]}}