{"id":81172,"date":"2025-05-07T06:20:16","date_gmt":"2025-05-07T06:20:16","guid":{"rendered":"https:\/\/www.europesays.com\/fr\/81172\/"},"modified":"2025-05-07T06:20:16","modified_gmt":"2025-05-07T06:20:16","slug":"que-la-magie-opere-pour-le-strasbourg-ath-face-a-brest-au-rhenus","status":"publish","type":"post","link":"https:\/\/www.europesays.com\/fr\/81172\/","title":{"rendered":"que la magie op\u00e8re pour le Strasbourg ATH face \u00e0 Brest au Rhenus"},"content":{"rendered":"<p class=\"insetTitle\">Aur\u00e9lien Duraffourg : \u00ab\u200aOn ne devient pas riche en jouant au Rhenus\u200a\u00bb<\/p>\n<p><strong>Pour la troisi\u00e8me fois\u00a0 cette saison, la quatri\u00e8me en deux ans, les \u201cPiraths\u201d du Strasbourg ATH vont investir le Rhenus, une \u00e9tape n\u00e9cessaire dans\u00a0 leur d\u00e9veloppement\u00a0 pour Aur\u00e9lien Duraffourg, leur manager g\u00e9n\u00e9ral.<\/strong><\/p>\n<p>\u00ab\u200aAujourd\u2019hui se pose une question fondamentale, celle de l\u2019acc\u00e8s aux infrastructures sportives publiques au sport f\u00e9minin de haut niveau. Ce n\u2019est pas une probl\u00e9matique qui nous est propre, les footballeuses du Racing ont par exemple d\u00fb s\u2019exiler \u00e0 Colmar pour jouer en D1 (avant de disputer leurs derniers matches \u00e0 la Meinau). C\u2019est une question \u00e0 poser dans le d\u00e9bat public. Dans quelle mesure on peut trouver un \u00e9quilibre de moyens entre le sport masculin et le sport f\u00e9minin.\u200a\u00bb<\/p>\n<p>Aur\u00e9lien Duraffourg, le manager du SATH, lance un sujet \u00e9pineux, mais fondamental. Lors de cette troisi\u00e8me organisation au Rhenus, le club alsacien risque d\u2019\u00eatre financi\u00e8rement perdant, les frais de location et de transformation \u00e9tant cette fois \u00e0 sa charge.<\/p>\n<p>\u00ab\u200aTrouver un \u00e9quilibre de moyens entre le sport masculin et le sport f\u00e9minin\u200a\u00bb<\/p>\n<p>\u00ab\u200aLes op\u00e9rations Rhenus repr\u00e9sentent \u00e0 peu pr\u00e8s 15% de notre budget (1,7 million d\u2019euros). Elles nous apportent un d\u00e9veloppement financier n\u00e9cessaire \u00e0 notre essor, mais on ne devient pas riche en jouant au Rhenus. Il y a plus de recettes, mais aussi beaucoup plus de d\u00e9penses. On sera \u00e0 peu pr\u00e8s \u00e0 l\u2019\u00e9quilibre en prenant les trois matches en compte.\u200a\u00bb<br \/>Mais jouer au Rhenus apporte aussi une ouverture \u00e0 un plus large public, le SATH d\u00e9tient doublement le record d\u2019affluence pour un match de D1 f\u00e9minine avec 5\u200a616 spectateurs pour la venue de Metz. Contre 750 \u00e0 Truchtersheim ou 1\u200a300 \u00e0 la Rotonde.<br \/>\u00ab\u200aC\u2019est cool, mais c\u2019est ponctuel. Si Metz avait une salle plus grande, le record aurait \u00e9t\u00e9 battu avec la venue de Brest par exemple. Mais des clubs commencent \u00e0 nous poser des questions sur nos organisations. Si on peut contribuer avec humilit\u00e9 \u00e0 cette tendance de voir le sport f\u00e9minin r\u00e9unir de grandes foules, tant mieux.\u200a\u00bb<br \/>\u00c0 Strasbourg, le bassin de population est \u00e9videmment plus important et les possibilit\u00e9s plus larges.<\/p>\n<p>\u00ab\u200aCe qui a surtout de la valeur \u00e0 mes yeux, c\u2019est que le public est chaque fois au rendez-vous, souligne Aur\u00e9lien Duraffourg. Contre Metz, on pouvait se dire que c\u2019\u00e9tait pour Metz ou pour le retour de Laura (Flippes, et aussi celui de Cl\u00e9opatre Darleux) cette saison, mais il y avait 4\u200a700 personnes contre Paris, un mercredi de f\u00e9vrier pendant les vacances scolaires. Pour moi, la symbolique de la r\u00e9p\u00e9tition de cette r\u00e9ussite populaire a plus de valeur que celle du record.\u00bb<\/p>\n<p>\u00ab\u200aR\u00e9pondre \u00e0 une attente populaire\u200a\u00bb<\/p>\n<p>N\u00e9anmoins, il a permis au SATH de gagner en notori\u00e9t\u00e9, en cr\u00e9dibilit\u00e9 probablement aussi aupr\u00e8s des instances, tout en soignant les liens.<br \/>\u00ab\u200aC\u2019est se mettre \u00e0 la hauteur de la premi\u00e8re division et permettre notre d\u00e9veloppement en r\u00e9pondant \u00e0 une attente populaire, partenariale, f\u00e9d\u00e9rale et \u00e9v\u00e9nementielle, estime Aur\u00e9lien Duraffourg. Nous pouvons animer notre r\u00e9seau de clubs partenaires, plus de mille places ont ainsi \u00e9t\u00e9 vendues aux licenci\u00e9s de quinze clubs allant de Dannemarie \u00e0 Wingen-sur-Moder qui ont envie de voir du handball f\u00e9minin de haut niveau avec des yeux qui brillent.\u200a\u00bb<\/p>\n<p class=\"insetSignature\">Christine Andr\u00e9<\/p>\n","protected":false},"excerpt":{"rendered":"Aur\u00e9lien Duraffourg : \u00ab\u200aOn ne devient pas riche en jouant au Rhenus\u200a\u00bb Pour la troisi\u00e8me fois\u00a0 cette saison,&hellip;\n","protected":false},"author":2,"featured_media":81173,"comment_status":"","ping_status":"","sticky":false,"template":"","format":"standard","meta":{"footnotes":""},"categories":[2820],"tags":[1111,11,2389,2649,1777,674,107,1011,27,329,775,1792,12,25,517,640,12904,18463],"class_list":{"0":"post-81172","1":"post","2":"type-post","3":"status-publish","4":"format-standard","5":"has-post-thumbnail","7":"category-strasbourg","8":"tag-actu","9":"tag-actualites","10":"tag-alsace","11":"tag-bas-rhin","12":"tag-eu","13":"tag-europe","14":"tag-fil-info","15":"tag-fr","16":"tag-france","17":"tag-france-monde","18":"tag-grand-est","19":"tag-handball","20":"tag-news","21":"tag-republique-francaise","22":"tag-sport","23":"tag-strasbourg","24":"tag-strasbourg-ath","25":"tag-truchtersheim"},"share_on_mastodon":{"url":"https:\/\/pubeurope.com\/@fr\/114465107050214783","error":""},"_links":{"self":[{"href":"https:\/\/www.europesays.com\/fr\/wp-json\/wp\/v2\/posts\/81172","targetHints":{"allow":["GET"]}}],"collection":[{"href":"https:\/\/www.europesays.com\/fr\/wp-json\/wp\/v2\/posts"}],"about":[{"href":"https:\/\/www.europesays.com\/fr\/wp-json\/wp\/v2\/types\/post"}],"author":[{"embeddable":true,"href":"https:\/\/www.europesays.com\/fr\/wp-json\/wp\/v2\/users\/2"}],"replies":[{"embeddable":true,"href":"https:\/\/www.europesays.com\/fr\/wp-json\/wp\/v2\/comments?post=81172"}],"version-history":[{"count":0,"href":"https:\/\/www.europesays.com\/fr\/wp-json\/wp\/v2\/posts\/81172\/revisions"}],"wp:featuredmedia":[{"embeddable":true,"href":"https:\/\/www.europesays.com\/fr\/wp-json\/wp\/v2\/media\/81173"}],"wp:attachment":[{"href":"https:\/\/www.europesays.com\/fr\/wp-json\/wp\/v2\/media?parent=81172"}],"wp:term":[{"taxonomy":"category","embeddable":true,"href":"https:\/\/www.europesays.com\/fr\/wp-json\/wp\/v2\/categories?post=81172"},{"taxonomy":"post_tag","embeddable":true,"href":"https:\/\/www.europesays.com\/fr\/wp-json\/wp\/v2\/tags?post=81172"}],"curies":[{"name":"wp","href":"https:\/\/api.w.org\/{rel}","templated":true}]}}